{"id":20748,"date":"2024-03-03T21:34:43","date_gmt":"2024-03-04T00:34:43","guid":{"rendered":"https:\/\/www.ifbaiano.edu.br\/unidades\/santaines\/?p=20748"},"modified":"2024-03-03T21:34:43","modified_gmt":"2024-03-04T00:34:43","slug":"estudantes-dos-cursos-de-graduacao-campus-santa-ines-tem-data-para-renovacao-de-matriculas","status":"publish","type":"post","link":"https:\/\/www.ifbaiano.edu.br\/unidades\/santaines\/estudantes-dos-cursos-de-graduacao-campus-santa-ines-tem-data-para-renovacao-de-matriculas\/","title":{"rendered":"Estudantes dos cursos de Gradua\u00e7\u00e3o Campus Santa In\u00eas tem data para renova\u00e7\u00e3o de matr\u00edculas"},"content":{"rendered":"\n<p>O Campus Santa In\u00eas do IF Baiano publica <a href=\"https:\/\/www.ifbaiano.edu.br\/unidades\/santaines\/files\/2024\/03\/RENOVACAO-DE-MATRICULA-Cursos-de-graduacao.pdf\">EDITAL<\/a> de renova\u00e7\u00e3o de matr\u00edculas para estudantes dos Cursos de Gradua\u00e7\u00e3o da institui\u00e7\u00e3o. A renova\u00e7\u00e3o de matr\u00edcula deve ser realizada do dia 08 de mar\u00e7o de 2024 at\u00e9 \u00e0s 23h59min do dia 11 de mar\u00e7o de 2024, atrav\u00e9s do portal do aluno no <a href=\"https:\/\/wiki.ifbaiano.edu.br\/bin\/view\/Wikis\/DGTI\/CODES\/Sistemas\/SUAP\/Alunos\/Rematricula\/\">Sistema Acad\u00eamico SUAP<\/a>, quando o(a) estudante deve seguir os procedimentos ali disponibilizados.<\/p>\n\n\n\n<p>O edital traz o passo a passo para redefinir a senha, no SUAP. Para isso, o(a) estudante precisa acessar o endere\u00e7o: cau.ifbaiano.edu.br e, em seguida, ir em &#8220;esqueceu a senha&#8221; &gt; Informar o CPF e o n\u00famero de matr\u00edcula. Ap\u00f3s esse procedimento, ser\u00e1 enviado e-mail (e-mail cadastrado na matr\u00edcula) com link para trocar a senha .<\/p>\n\n\n\n<p>O(A) discente deve manifestar no portal do aluno do SUAP, no momento da renova\u00e7\u00e3o, todas as disciplinas que deseja cursar no primeiro semestre letivo de 2024, n\u00e3o sendo permitida solicita\u00e7\u00e3o de matr\u00edcula em nova(s) disciplina(s) posteriormente, salvo em situa\u00e7\u00f5es de necessidade institucional.<\/p>\n\n\n\n<p>A renova\u00e7\u00e3o da matr\u00edcula no(s) componente(s) curricular(es) solicitada pelo(a) estudante, est\u00e1 condicionada ao atendimento dos crit\u00e9rios discriminados nos projetos dos cursos e\/ou na Organiza\u00e7\u00e3o Did\u00e1tica dos Cursos de Gradua\u00e7\u00e3o do IF Baiano, incluindo o cumprimento de pr\u00e9-requisitos, sendo responsabilidade do(a) estudante acompanhar no SUAP a(s) disciplina(s) em que foi matriculado(a), DEVENDO CURSAR APENAS AS DISCIPLINAS REGISTRADAS NO SISTEMA.<\/p>\n\n\n\n<p>Para a realiza\u00e7\u00e3o do est\u00e1gio curricular, \u00e9 obrigat\u00f3rio e imprescind\u00edvel efetuar matr\u00edcula no respectivo<br>componente. Quando o est\u00e1gio curricular for realizado ap\u00f3s a conclus\u00e3o de todas as disciplinas que integram o curr\u00edculo, ou caso o estudante ainda possua depend\u00eancia, a solicita\u00e7\u00e3o de renova\u00e7\u00e3o de matr\u00edcula tamb\u00e9m \u00e9 obrigat\u00f3ria e imprescind\u00edvel, seguindo as orienta\u00e7\u00f5es constantes no Edital.<\/p>\n\n\n\n<p>O(a) discente que for solicitar o APROVEITAMENTO de componentes curriculares e\/ou de atividades<br>acad\u00eamicas cursadas em outras institui\u00e7\u00f5es de ensino superior ou no pr\u00f3prio IF Baiano, dever\u00e1 realizar o<br>procedimento presencialmente, via requerimento dispon\u00edvel no <a href=\"https:\/\/www.ifbaiano.edu.br\/unidades\/santaines\/requerimentos_portal-do-aluno\/\">Portal do Aluno<\/a>, no per\u00edodo de 01 a 05 de abril de 2024, devendo observar o disposto na Organiza\u00e7\u00e3o Did\u00e1tica dos cursos Superiores do IF Baiano.<\/p>\n\n\n\n<p>Todas as informa\u00e7\u00f5es sobre constam no <a href=\"https:\/\/www.ifbaiano.edu.br\/unidades\/santaines\/files\/2024\/03\/RENOVACAO-DE-MATRICULA-Cursos-de-graduacao.pdf\">edital<\/a> e em caso de d\u00favidas, o(a) estudante deve entrar em contato com a Secretaria de Registros Acad\u00eamicos (SRA) atrav\u00e9s do e-mail secretaria@si.ifbaiano.edu.br.<\/p>\n\n\n\n<hr class=\"wp-block-separator has-alpha-channel-opacity\" \/>\n","protected":false},"excerpt":{"rendered":"<p>O Campus Santa In\u00eas do IF Baiano publica EDITAL de renova\u00e7\u00e3o de matr\u00edculas para estudantes dos Cursos de Gradua\u00e7\u00e3o da institui\u00e7\u00e3o. A renova\u00e7\u00e3o de matr\u00edcula deve ser realizada do dia 08 de mar\u00e7o de 2024 at\u00e9 \u00e0s 23h59min do dia 11 de mar\u00e7o de 2024, atrav\u00e9s do portal do aluno no Sistema Acad\u00eamico SUAP, quando [&hellip;]<\/p>\n","protected":false},"author":86,"featured_media":20314,"comment_status":"closed","ping_status":"closed","sticky":false,"template":"","format":"standard","meta":[],"categories":[4,38,12,5,57],"tags":[],"_links":{"self":[{"href":"https:\/\/www.ifbaiano.edu.br\/unidades\/santaines\/wp-json\/wp\/v2\/posts\/20748"}],"collection":[{"href":"https:\/\/www.ifbaiano.edu.br\/unidades\/santaines\/wp-json\/wp\/v2\/posts"}],"about":[{"href":"https:\/\/www.ifbaiano.edu.br\/unidades\/santaines\/wp-json\/wp\/v2\/types\/post"}],"author":[{"embeddable":true,"href":"https:\/\/www.ifbaiano.edu.br\/unidades\/santaines\/wp-json\/wp\/v2\/users\/86"}],"replies":[{"embeddable":true,"href":"https:\/\/www.ifbaiano.edu.br\/unidades\/santaines\/wp-json\/wp\/v2\/comments?post=20748"}],"version-history":[{"count":1,"href":"https:\/\/www.ifbaiano.edu.br\/unidades\/santaines\/wp-json\/wp\/v2\/posts\/20748\/revisions"}],"predecessor-version":[{"id":20750,"href":"https:\/\/www.ifbaiano.edu.br\/unidades\/santaines\/wp-json\/wp\/v2\/posts\/20748\/revisions\/20750"}],"wp:featuredmedia":[{"embeddable":true,"href":"https:\/\/www.ifbaiano.edu.br\/unidades\/santaines\/wp-json\/wp\/v2\/media\/20314"}],"wp:attachment":[{"href":"https:\/\/www.ifbaiano.edu.br\/unidades\/santaines\/wp-json\/wp\/v2\/media?parent=20748"}],"wp:term":[{"taxonomy":"category","embeddable":true,"href":"https:\/\/www.ifbaiano.edu.br\/unidades\/santaines\/wp-json\/wp\/v2\/categories?post=20748"},{"taxonomy":"post_tag","embeddable":true,"href":"https:\/\/www.ifbaiano.edu.br\/unidades\/santaines\/wp-json\/wp\/v2\/tags?post=20748"}],"curies":[{"name":"wp","href":"https:\/\/api.w.org\/{rel}","templated":true}]}}