{"id":20764,"date":"2024-03-04T11:08:11","date_gmt":"2024-03-04T14:08:11","guid":{"rendered":"https:\/\/www.ifbaiano.edu.br\/unidades\/santaines\/?p=20764"},"modified":"2024-03-04T11:08:12","modified_gmt":"2024-03-04T14:08:12","slug":"editais-abertos-para-inscricoes-de-candidatos-a-membros-do-consup-2024-2026","status":"publish","type":"post","link":"https:\/\/www.ifbaiano.edu.br\/unidades\/santaines\/editais-abertos-para-inscricoes-de-candidatos-a-membros-do-consup-2024-2026\/","title":{"rendered":"Editais abertos para inscri\u00e7\u00f5es de candidatos a membros do Consup 2024-2026"},"content":{"rendered":"\n<p>O Conselho Superior (Consup) realizar\u00e1 elei\u00e7\u00f5es, em mar\u00e7o de 2024, para a composi\u00e7\u00e3o de novos membros para o bi\u00eanio 2024-2026 e a Comiss\u00e3o Eleitoral divulgou editais para inscri\u00e7\u00f5es de candidatos em cada categoria. As inscri\u00e7\u00f5es para docentes, discentes, servidores t\u00e9cnicos e egressos s\u00e3o realizadas atrav\u00e9s do envio da documenta\u00e7\u00e3o e formul\u00e1rios exigidos pelos editais para o endere\u00e7o de e-mail \u201celeicao.consup@reitoria.ifbaiano.edu.br\u201d.<\/p>\n\n\n\n<p>O Conselho Superior \u00e9 o \u00f3rg\u00e3o m\u00e1ximo da institui\u00e7\u00e3o, de car\u00e1ter&nbsp;consultivo e deliberativo, que integra a estrutura b\u00e1sica do Instituto Federal de Educa\u00e7\u00e3o, Ci\u00eancia e Tecnologia Baiano. Ele \u00e9 composto pelo reitor, como presidente; servidores docentes; representantes discentes; servidores t\u00e9cnico-administrativos; representantes dos egressos; representantes da sociedade civil; um representante titular do Minist\u00e9rio da Educa\u00e7\u00e3o, designado pela Secretaria de Educa\u00e7\u00e3o Profissional e Tecnol\u00f3gica do Minist\u00e9rio da Educa\u00e7\u00e3o; representantes do Col\u00e9gio de Dirigentes; representante de Se\u00e7\u00e3o Sindical vinculada ao IF Baiano; representante do Diret\u00f3rio Central dos Estudantes do IF Baiano.&nbsp;<\/p>\n\n\n\n<p>S\u00e3o escolhidos via elei\u00e7\u00e3o por seus pares docentes, discentes, servidores t\u00e9cnicos, egressos e representantes do Col\u00e9gio de Dirigentes. O n\u00famero de membros para cada categoria e a forma como chegam ao cargo est\u00e3o detalhadamente descritos no&nbsp;Regimento Interno do Consup.<br>As inscri\u00e7\u00f5es dos candidatos na categoria egressos acontecem de 29\/02 a&nbsp;04\/03\/2024, com vota\u00e7\u00e3o on-line dia&nbsp;21\/03\/2024, \u00e0s 10h. J\u00e1 as inscri\u00e7\u00f5es dos docentes, t\u00e9cnicos administrativos e discentes acontecem de 28\/02 a&nbsp;04\/03\/2024&nbsp;e a vota\u00e7\u00e3o dia&nbsp;20\/03\/2024, atrav\u00e9s do Sistema Helios.<\/p>\n\n\n\n<p>Para acessar o sistema de vota\u00e7\u00e3o, o usu\u00e1rio utilizar\u00e1 os dados de login e senha usados na Plataforma SUAP.&nbsp; O Col\u00e9gio de Dirigentes tamb\u00e9m escolher\u00e1 seus representantes em reuni\u00e3o nos dias 12\/03 e&nbsp;13\/03\/2024. As inscri\u00e7\u00f5es para representantes de se\u00e7\u00f5es sindicais acontecem de 29\/02 a&nbsp;05\/03\/2024, atrav\u00e9s do envio de ficha de inscri\u00e7\u00e3o devidamente preenchida ao e-mail \u201celeicao.consup@reitoria.iIaiano.edu.br\u201d por membros das Dire\u00e7\u00f5es de Se\u00e7\u00f5es Sindicais. A escolha do representante e suplente dessa categoria ser\u00e1 por aclama\u00e7\u00e3o em reuni\u00e3o convocada pela Comiss\u00e3o Eleitoral Geral.<\/p>\n\n\n\n<p>Para verificar as condi\u00e7\u00f5es de elegibilidade, informa\u00e7\u00f5es sobre campanhas, vota\u00e7\u00e3o e cronograma, \u00e9 necess\u00e1rio ler atentamente os editais dispon\u00edveis\u00a0<a href=\"https:\/\/concurso.ifbaiano.edu.br\/portal\/eleicoes-consup-bienio-2023-2025\/\">aqui<\/a>.<\/p>\n\n\n\n<hr class=\"wp-block-separator has-alpha-channel-opacity\" \/>\n\n\n\n<p><\/p>\n","protected":false},"excerpt":{"rendered":"<p>O Conselho Superior (Consup) realizar\u00e1 elei\u00e7\u00f5es, em mar\u00e7o de 2024, para a composi\u00e7\u00e3o de novos membros para o bi\u00eanio 2024-2026 e a Comiss\u00e3o Eleitoral divulgou editais para inscri\u00e7\u00f5es de candidatos em cada categoria. As inscri\u00e7\u00f5es para docentes, discentes, servidores t\u00e9cnicos e egressos s\u00e3o realizadas atrav\u00e9s do envio da documenta\u00e7\u00e3o e formul\u00e1rios exigidos pelos editais para [&hellip;]<\/p>\n","protected":false},"author":86,"featured_media":20765,"comment_status":"closed","ping_status":"closed","sticky":false,"template":"","format":"standard","meta":[],"categories":[4,57],"tags":[],"_links":{"self":[{"href":"https:\/\/www.ifbaiano.edu.br\/unidades\/santaines\/wp-json\/wp\/v2\/posts\/20764"}],"collection":[{"href":"https:\/\/www.ifbaiano.edu.br\/unidades\/santaines\/wp-json\/wp\/v2\/posts"}],"about":[{"href":"https:\/\/www.ifbaiano.edu.br\/unidades\/santaines\/wp-json\/wp\/v2\/types\/post"}],"author":[{"embeddable":true,"href":"https:\/\/www.ifbaiano.edu.br\/unidades\/santaines\/wp-json\/wp\/v2\/users\/86"}],"replies":[{"embeddable":true,"href":"https:\/\/www.ifbaiano.edu.br\/unidades\/santaines\/wp-json\/wp\/v2\/comments?post=20764"}],"version-history":[{"count":1,"href":"https:\/\/www.ifbaiano.edu.br\/unidades\/santaines\/wp-json\/wp\/v2\/posts\/20764\/revisions"}],"predecessor-version":[{"id":20766,"href":"https:\/\/www.ifbaiano.edu.br\/unidades\/santaines\/wp-json\/wp\/v2\/posts\/20764\/revisions\/20766"}],"wp:featuredmedia":[{"embeddable":true,"href":"https:\/\/www.ifbaiano.edu.br\/unidades\/santaines\/wp-json\/wp\/v2\/media\/20765"}],"wp:attachment":[{"href":"https:\/\/www.ifbaiano.edu.br\/unidades\/santaines\/wp-json\/wp\/v2\/media?parent=20764"}],"wp:term":[{"taxonomy":"category","embeddable":true,"href":"https:\/\/www.ifbaiano.edu.br\/unidades\/santaines\/wp-json\/wp\/v2\/categories?post=20764"},{"taxonomy":"post_tag","embeddable":true,"href":"https:\/\/www.ifbaiano.edu.br\/unidades\/santaines\/wp-json\/wp\/v2\/tags?post=20764"}],"curies":[{"name":"wp","href":"https:\/\/api.w.org\/{rel}","templated":true}]}}