{"id":20791,"date":"2024-03-08T13:34:36","date_gmt":"2024-03-08T16:34:36","guid":{"rendered":"https:\/\/www.ifbaiano.edu.br\/unidades\/santaines\/?p=20791"},"modified":"2024-03-08T15:54:12","modified_gmt":"2024-03-08T18:54:12","slug":"evento-marca-semana-escolar-de-combate-a-violencia-contra-mulher-no-campus-santa-ines","status":"publish","type":"post","link":"https:\/\/www.ifbaiano.edu.br\/unidades\/santaines\/evento-marca-semana-escolar-de-combate-a-violencia-contra-mulher-no-campus-santa-ines\/","title":{"rendered":"Evento marca Semana Escolar de Combate \u00e0 Viol\u00eancia Contra Mulher no Campus Santa In\u00eas"},"content":{"rendered":"\n<p>Na tarde da \u00faltima quarta-feira,\u00a006, foi realizado, no audit\u00f3rio da biblioteca do Campus Santa In\u00eas, o evento que marcou a<strong>\u00a0Semana Escolar de Combate \u00e0 Viol\u00eancia Contra Mulher<\/strong>. A a\u00e7\u00e3o, desenvolvida para toda a comunidade do Campus Santa In\u00eas, foi coordenada pelo N\u00facleo de Estudos de G\u00eanero e Sexualidade, GENI e pelo N\u00facleo de Estudos Afro-brasileiros e Ind\u00edgenas, NEABI.<\/p>\n\n\n\n<figure class=\"wp-block-gallery has-nested-images columns-default is-cropped wp-block-gallery-1 is-layout-flex\">\n<figure class=\"wp-block-image size-large\"><a href=\"https:\/\/www.ifbaiano.edu.br\/unidades\/santaines\/files\/2024\/03\/135285c7-1bd6-4721-b4fa-99b024e0af99.jpg\"><img decoding=\"async\" loading=\"lazy\" width=\"1600\" height=\"720\" data-id=\"20803\"  src=\"https:\/\/www.ifbaiano.edu.br\/unidades\/santaines\/files\/2024\/03\/135285c7-1bd6-4721-b4fa-99b024e0af99.jpg\" alt=\"\" class=\"wp-image-20803\" \/><\/a><\/figure>\n\n\n\n<figure class=\"wp-block-image size-large\"><a href=\"https:\/\/www.ifbaiano.edu.br\/unidades\/santaines\/files\/2024\/03\/61e9c8b4-4ca6-488e-a866-b7fe3f835fba.jpg\"><img decoding=\"async\" loading=\"lazy\" width=\"1600\" height=\"720\" data-id=\"20797\"  src=\"https:\/\/www.ifbaiano.edu.br\/unidades\/santaines\/files\/2024\/03\/61e9c8b4-4ca6-488e-a866-b7fe3f835fba.jpg\" alt=\"\" class=\"wp-image-20797\" \/><\/a><\/figure>\n<\/figure>\n\n\n\n<p>O objetivo do encontro foi contemplar a <a href=\"https:\/\/www.planalto.gov.br\/ccivil_03\/_ato2019-2022\/2021\/Lei\/L14164.htm\">Lei n\u00ba 14.164 de 2021<\/a> que prev\u00ea a inclus\u00e3o da viol\u00eancia contra a mulher no curr\u00edculo da educa\u00e7\u00e3o b\u00e1sica; instituir a Semana Escolar de Combate \u00e0 Viol\u00eancia Contra a Mulher no IF Baiano &#8211; Campus Santa In\u00eas. A programa\u00e7\u00e3o contou com exposi\u00e7\u00f5es imag\u00e9ticas em stands ao redor do audit\u00f3rio, apresenta\u00e7\u00f5es teatrais,\u00a0declama\u00e7\u00f5es de poesias de c\u00e9lebres escritoras e tamb\u00e9m autorais.<\/p>\n\n\n\n<figure class=\"wp-block-gallery has-nested-images columns-default is-cropped wp-block-gallery-3 is-layout-flex\">\n<figure class=\"wp-block-image size-large\"><a href=\"https:\/\/www.ifbaiano.edu.br\/unidades\/santaines\/files\/2024\/03\/e7887e77-f1f9-4100-afd9-9e3ee2a09b9d.jpg\"><img decoding=\"async\" loading=\"lazy\" width=\"1200\" height=\"1600\" data-id=\"20811\"  src=\"https:\/\/www.ifbaiano.edu.br\/unidades\/santaines\/files\/2024\/03\/e7887e77-f1f9-4100-afd9-9e3ee2a09b9d.jpg\" alt=\"\" class=\"wp-image-20811\" \/><\/a><\/figure>\n\n\n\n<figure class=\"wp-block-image size-large\"><a href=\"https:\/\/www.ifbaiano.edu.br\/unidades\/santaines\/files\/2024\/03\/ba996e99-b9c0-4a86-9a56-14045f117b2a.jpg\"><img decoding=\"async\" loading=\"lazy\" width=\"1200\" height=\"1600\" data-id=\"20813\"  src=\"https:\/\/www.ifbaiano.edu.br\/unidades\/santaines\/files\/2024\/03\/ba996e99-b9c0-4a86-9a56-14045f117b2a.jpg\" alt=\"\" class=\"wp-image-20813\" \/><\/a><\/figure>\n\n\n\n<figure class=\"wp-block-image size-large\"><a href=\"https:\/\/www.ifbaiano.edu.br\/unidades\/santaines\/files\/2024\/03\/ef0d3c3c-aa0b-48bf-96ea-02b16efa1f1f.jpg\"><img decoding=\"async\" loading=\"lazy\" width=\"1600\" height=\"900\" data-id=\"20809\"  src=\"https:\/\/www.ifbaiano.edu.br\/unidades\/santaines\/files\/2024\/03\/ef0d3c3c-aa0b-48bf-96ea-02b16efa1f1f.jpg\" alt=\"\" class=\"wp-image-20809\" \/><\/a><\/figure>\n<\/figure>\n\n\n\n<div class=\"wp-block-media-text alignwide is-stacked-on-mobile\"><figure class=\"wp-block-media-text__media\"><img decoding=\"async\" loading=\"lazy\" width=\"1512\" height=\"1512\" src=\"https:\/\/www.ifbaiano.edu.br\/unidades\/santaines\/files\/2024\/03\/3463f008-aff7-40d3-87c9-392bd07e01e0.jpg\" alt=\"\" class=\"wp-image-20800 size-full\" \/><\/figure><div class=\"wp-block-media-text__content\">\n<p>A professora Genilda Lima, Diretora do Campus Santa In\u00eas, parabenizou os(as) organizadores(as) do evento e todas as mulheres, falou sobre as lutas, os desafios, as supera\u00e7\u00f5es e as conquistas das mulheres ao longo dos anos e chamou todos a refletir sobre as conquistas &#8220;Estar como diretora e primeira diretora [mulher] dessa institui\u00e7\u00e3o, \u00e9 sim uma luta, \u00e9 sim uma conquista&#8230; e a gente precisa correr atr\u00e1s de alcan\u00e7ar e conquistar muito mais&#8221;.<\/p>\n<\/div><\/div>\n\n\n\n<p>Professora Dolores Assaritti, Coordenadora do Geni do campus, falou sobre a Lei Maria da Penha e sua import\u00e2ncia para o combate \u00e0 viol\u00eancia contra a mulher, sobre os tipos de viol\u00eancia e a necessidade de cria\u00e7\u00e3o de redes de prote\u00e7\u00e3o \u00e0 mulher e protocolos de cuidado \u00e0s vitimas.<\/p>\n\n\n\n<p>Estudantes da  2\u00aa s\u00e9rie B, do curso T\u00e9cnico em Agropecu\u00e1ria, apresentaram, juntamente com a Professora de Filosofia, C\u00e1tia Farago, trabalhos sobre o filme &#8220;As sufragistas&#8221;, onde foram ressaltadas as condi\u00e7\u00f5es vividas pelas mulheres no fim do XIX e in\u00edcio do s\u00e9culo XX, a luta para serem reconhecidas em sua humanidade, a import\u00e2ncia do voto e a participa\u00e7\u00e3o pol\u00edtica das mulheres.  <\/p>\n\n\n\n<p>Estudantes apresentaram as contribui\u00e7\u00f5es das fil\u00f3sofas Olimpe de Gouges, Rosa Luxemburgo, Simone de Beauvoir, \u00c2ngela Davis e Marilena Chau\u00ed, para a constru\u00e7\u00e3o de uma sociedade livre do machismo, misoginia, viol\u00eancia e desigualdade de g\u00eanero. A professora C\u00e1tia tamb\u00e9m orientou estudantes da 3\u00aa s\u00e9rie F, do Curso T\u00e9cnico em Alimentos, sobre viol\u00eancia pol\u00edtica de g\u00eanero, como ocorre essa viol\u00eancia e mecanismos para supera\u00e7\u00e3o. <\/p>\n\n\n\n<p>O trabalho de Sociologia, desenvolvido pela professora Cleomar Cabral com as turmas do 2\u00baA, 2\u00baB, 2\u00baE e 2\u00baF, buscou evidenciar o protagonismo de mulheres nas Ci\u00eancias Sociais, brasileiras e estrangeiras.<\/p>\n\n\n\n<p>A partir deste debate os(as) estudantes apontaram as viol\u00eancias e viola\u00e7\u00f5es sofridas por mulheres como Marielle Franco, Isa Penna e \u00c9rica Hilton e apontaram a intersec\u00e7\u00e3o dos marcadores de classe e ra\u00e7a refletindo sobre a produ\u00e7\u00e3o e a reprodu\u00e7\u00e3o de desigualdades sociais que as mulheres e mulheres trans est\u00e3o submetidas.<\/p>\n\n\n\n<figure class=\"wp-block-gallery has-nested-images columns-default is-cropped wp-block-gallery-5 is-layout-flex\">\n<figure class=\"wp-block-image size-large\"><a href=\"https:\/\/www.ifbaiano.edu.br\/unidades\/santaines\/files\/2024\/03\/f3838def-9029-4083-a16b-9c95affc0007.jpg\"><img decoding=\"async\" loading=\"lazy\" width=\"1600\" height=\"1200\" data-id=\"20814\"  src=\"https:\/\/www.ifbaiano.edu.br\/unidades\/santaines\/files\/2024\/03\/f3838def-9029-4083-a16b-9c95affc0007.jpg\" alt=\"\" class=\"wp-image-20814\" \/><\/a><\/figure>\n\n\n\n<figure class=\"wp-block-image size-large\"><a href=\"https:\/\/www.ifbaiano.edu.br\/unidades\/santaines\/files\/2024\/03\/e8bd4897-549c-4c26-9f8f-3cd01dc22939.jpg\"><img decoding=\"async\" loading=\"lazy\" width=\"720\" height=\"1600\" data-id=\"20807\"  src=\"https:\/\/www.ifbaiano.edu.br\/unidades\/santaines\/files\/2024\/03\/e8bd4897-549c-4c26-9f8f-3cd01dc22939.jpg\" alt=\"\" class=\"wp-image-20807\" \/><\/a><\/figure>\n\n\n\n<figure class=\"wp-block-image size-large\"><a href=\"https:\/\/www.ifbaiano.edu.br\/unidades\/santaines\/files\/2024\/03\/4d425b2f-9799-49bc-9618-597b88578fdc.jpg\"><img decoding=\"async\" loading=\"lazy\" width=\"1512\" height=\"1512\" data-id=\"20796\"  src=\"https:\/\/www.ifbaiano.edu.br\/unidades\/santaines\/files\/2024\/03\/4d425b2f-9799-49bc-9618-597b88578fdc.jpg\" alt=\"\" class=\"wp-image-20796\" \/><\/a><\/figure>\n\n\n\n<figure class=\"wp-block-image size-large\"><a href=\"https:\/\/www.ifbaiano.edu.br\/unidades\/santaines\/files\/2024\/03\/f4ab44ed-480e-474c-a4ec-841b103f479f.jpg\"><img decoding=\"async\" loading=\"lazy\" width=\"1512\" height=\"1512\" data-id=\"20810\"  src=\"https:\/\/www.ifbaiano.edu.br\/unidades\/santaines\/files\/2024\/03\/f4ab44ed-480e-474c-a4ec-841b103f479f.jpg\" alt=\"\" class=\"wp-image-20810\" \/><\/a><\/figure>\n\n\n\n<figure class=\"wp-block-image size-large\"><a href=\"https:\/\/www.ifbaiano.edu.br\/unidades\/santaines\/files\/2024\/03\/371ec261-327e-4e0b-acbb-9702245e863d.jpg\"><img decoding=\"async\" loading=\"lazy\" width=\"1512\" height=\"1512\" data-id=\"20798\"  src=\"https:\/\/www.ifbaiano.edu.br\/unidades\/santaines\/files\/2024\/03\/371ec261-327e-4e0b-acbb-9702245e863d.jpg\" alt=\"\" class=\"wp-image-20798\" \/><\/a><\/figure>\n\n\n\n<figure class=\"wp-block-image size-large\"><a href=\"https:\/\/www.ifbaiano.edu.br\/unidades\/santaines\/files\/2024\/03\/8096b8c0-1c0b-42de-9459-547bff341c7a.jpg\"><img decoding=\"async\" loading=\"lazy\" width=\"1512\" height=\"1512\" data-id=\"20801\"  src=\"https:\/\/www.ifbaiano.edu.br\/unidades\/santaines\/files\/2024\/03\/8096b8c0-1c0b-42de-9459-547bff341c7a.jpg\" alt=\"\" class=\"wp-image-20801\" \/><\/a><\/figure>\n<\/figure>\n\n\n\n<p>Segundo a professora Dolores, Coordenadora do Geni e uma das organizadoras do evento, o texto de abertura da professora Fl\u00e1via Souza, membra do NEABI, resumiu as sensa\u00e7\u00f5es e expectativas em torno do evento:<\/p>\n\n\n\n<p>\u201cEstamos aqui\u00a0hoje\u00a0para conversar sobre um tema que, a meu ver, \u00e9 cr\u00edtico, ca\u00f3tico, intoler\u00e1vel e criminoso e, assim, questiono: porque temos que realizar uma semana de combate a viol\u00eancia \u00e0 mulher, nas escolas? Gostaria que isso fosse refletido com seriedade e profundidade. Nesta tarde, n\u00f3s vamos nos dedicar a falar de amor e dor atrav\u00e9s da Arte. Creio que seja um caminho poss\u00edvel para ampliar os debates, pois a sociedade clama e implora para que essa viol\u00eancia tenha um fim e n\u00e3o tenhamos mais que lamentar injusti\u00e7as, ass\u00e9dios e feminic\u00eddios. Estaremos entre n\u00f3s mesmas, ecoando nossas vozes atrav\u00e9s da poesia, dos contos, dos gritos e das l\u00e1grimas, aqui na Academia e tamb\u00e9m pelas quebradas\u201d (Fl\u00e1via Souza).<\/p>\n\n\n\n<figure class=\"wp-block-image size-full\"><a href=\"https:\/\/www.ifbaiano.edu.br\/unidades\/santaines\/files\/2024\/03\/ae65f398-019c-45fa-b2aa-530f81ff483b.jpg\"><img decoding=\"async\" loading=\"lazy\" width=\"1600\" height=\"720\" src=\"https:\/\/www.ifbaiano.edu.br\/unidades\/santaines\/files\/2024\/03\/ae65f398-019c-45fa-b2aa-530f81ff483b.jpg\" alt=\"\" class=\"wp-image-20821\" \/><\/a><\/figure>\n\n\n\n<p><\/p>\n\n\n\n<hr class=\"wp-block-separator has-alpha-channel-opacity\" \/>\n\n\n\n<p><\/p>\n","protected":false},"excerpt":{"rendered":"<p>Na tarde da \u00faltima quarta-feira,\u00a006, foi realizado, no audit\u00f3rio da biblioteca do Campus Santa In\u00eas, o evento que marcou a\u00a0Semana Escolar de Combate \u00e0 Viol\u00eancia Contra Mulher. A a\u00e7\u00e3o, desenvolvida para toda a comunidade do Campus Santa In\u00eas, foi coordenada pelo N\u00facleo de Estudos de G\u00eanero e Sexualidade, GENI e pelo N\u00facleo de Estudos Afro-brasileiros [&hellip;]<\/p>\n","protected":false},"author":86,"featured_media":20803,"comment_status":"closed","ping_status":"closed","sticky":false,"template":"","format":"standard","meta":[],"categories":[4,23,57],"tags":[],"_links":{"self":[{"href":"https:\/\/www.ifbaiano.edu.br\/unidades\/santaines\/wp-json\/wp\/v2\/posts\/20791"}],"collection":[{"href":"https:\/\/www.ifbaiano.edu.br\/unidades\/santaines\/wp-json\/wp\/v2\/posts"}],"about":[{"href":"https:\/\/www.ifbaiano.edu.br\/unidades\/santaines\/wp-json\/wp\/v2\/types\/post"}],"author":[{"embeddable":true,"href":"https:\/\/www.ifbaiano.edu.br\/unidades\/santaines\/wp-json\/wp\/v2\/users\/86"}],"replies":[{"embeddable":true,"href":"https:\/\/www.ifbaiano.edu.br\/unidades\/santaines\/wp-json\/wp\/v2\/comments?post=20791"}],"version-history":[{"count":4,"href":"https:\/\/www.ifbaiano.edu.br\/unidades\/santaines\/wp-json\/wp\/v2\/posts\/20791\/revisions"}],"predecessor-version":[{"id":20826,"href":"https:\/\/www.ifbaiano.edu.br\/unidades\/santaines\/wp-json\/wp\/v2\/posts\/20791\/revisions\/20826"}],"wp:featuredmedia":[{"embeddable":true,"href":"https:\/\/www.ifbaiano.edu.br\/unidades\/santaines\/wp-json\/wp\/v2\/media\/20803"}],"wp:attachment":[{"href":"https:\/\/www.ifbaiano.edu.br\/unidades\/santaines\/wp-json\/wp\/v2\/media?parent=20791"}],"wp:term":[{"taxonomy":"category","embeddable":true,"href":"https:\/\/www.ifbaiano.edu.br\/unidades\/santaines\/wp-json\/wp\/v2\/categories?post=20791"},{"taxonomy":"post_tag","embeddable":true,"href":"https:\/\/www.ifbaiano.edu.br\/unidades\/santaines\/wp-json\/wp\/v2\/tags?post=20791"}],"curies":[{"name":"wp","href":"https:\/\/api.w.org\/{rel}","templated":true}]}}