{"id":20792,"date":"2024-03-18T11:17:00","date_gmt":"2024-03-18T14:17:00","guid":{"rendered":"https:\/\/www.ifbaiano.edu.br\/unidades\/santaines\/?p=20792"},"modified":"2024-03-18T11:17:52","modified_gmt":"2024-03-18T14:17:52","slug":"campus-santa-ines-realiza-processo-seletivo-de-transferencia-interna-e-externa-e-para-ingresso-como-portador-de-diploma-nos-cursos-graduacao","status":"publish","type":"post","link":"https:\/\/www.ifbaiano.edu.br\/unidades\/santaines\/campus-santa-ines-realiza-processo-seletivo-de-transferencia-interna-e-externa-e-para-ingresso-como-portador-de-diploma-nos-cursos-graduacao\/","title":{"rendered":"Campus Santa In\u00eas realiza Processo Seletivo de Transfer\u00eancia Interna e Externa e para Ingresso como Portador de Diploma nos Cursos Gradua\u00e7\u00e3o"},"content":{"rendered":"\n<p>O Instituto Federal Baiano (IF Baiano) \u2013 Campus Santa In\u00eas realizou Processo Seletivo de Transfer\u00eancia Interna e Externa e para Ingresso como Portador de Diploma, para o preenchimento de 13 vagas ociosas nos Cursos de Licenciatura em Ci\u00eancias Biol\u00f3gicas (5), Licenciatura em Geografia (3) e Bacharelado em Zootecnia (5), com ingresso no semestre 2024.1.<\/p>\n\n\n\n<p>O prazo para o(a) candidato(a) fazer o requerimento de Transfer\u00eancia Interna e Externa e de Ingresso como Portador de Diploma foi at\u00e9 segunda-feira, dia 11 de mar\u00e7o de 2024.<\/p>\n\n\n\n<p>Podiam se candidatar \u00e0s vagas:<br>a) no \u00e2mbito da transfer\u00eancia externa (TE), entre cursos similares, o aluno de outra institui\u00e7\u00e3o de ensino<br>superior vinculado a curso de gradua\u00e7\u00e3o autorizado ou reconhecido pelo MEC;<br>b) no \u00e2mbito da transfer\u00eancia interna (TI), entre cursos similares, o aluno do IF Baiano;<br>c) portadores de diploma de cursos superiores de gradua\u00e7\u00e3o em \u00e1reas afins;<br>d) reop\u00e7\u00e3o de Curso, mudan\u00e7a para outro curso de gradua\u00e7\u00e3o no mesmo Campus.<\/p>\n\n\n\n<p>Para solicitar Transfer\u00eancia Interna e Externa ou Ingresso como Portador de Diploma, o(a) candidato(a)<br>precisava formalizar requerimento (dispon\u00edvel no edital), at\u00e9 o dia 11 de mar\u00e7o de 2024, obrigatoriamente acompanhada da documenta\u00e7\u00e3o exigida para cada caso espec\u00edfico, conforme consta no <a href=\"https:\/\/concurso.ifbaiano.edu.br\/portal\/matricula-especial-portador-de-diploma-santa-ines-marco-2024\/wp-content\/uploads\/sites\/964\/2024\/03\/EDITAL-DE-TRANSFERENCIA-INTERNA-E-EXTERNA-MATRICULA-ESPECIAL.pdf\">Edital<\/a>.<\/p>\n\n\n\n<p>O(A) candidato(a) poderia, tamb\u00e9m, preencher o formul\u00e1rio, que estar\u00e1 fixado no site do curso, assin\u00e1-lo e envi\u00e1-lo para o e-mail secretaria@si.ifbaiano.edu.br, anexando todos os documentos exigidos, conforme <a href=\"https:\/\/concurso.ifbaiano.edu.br\/portal\/matricula-especial-portador-de-diploma-santa-ines-marco-2024\/wp-content\/uploads\/sites\/964\/2024\/03\/EDITAL-DE-TRANSFERENCIA-INTERNA-E-EXTERNA-MATRICULA-ESPECIAL.pdf\">Edital<\/a>.<\/p>\n\n\n\n<p>Apenas o candidato Enzo Giovani Gomes Rocha, se inscreveu para o curso de Bacharelado em Zootecnia e aprovado no edital, de acordo com o <a href=\"https:\/\/www.ifbaiano.edu.br\/unidades\/santaines\/files\/2024\/03\/Resultado-referente-ao-Edital-9_2024.pdf\">Of\u00edcio 4\/2024<\/a>. O per\u00edodo para realiza\u00e7\u00e3o da matr\u00edcula \u00e9 de 19 a 21 de mar\u00e7o de 2024, na Secretaria de Registros Acad\u00eamicos (SRA) do IF Baiano &#8211; Campus Santa In\u00eas.<\/p>\n\n\n\n<p>Eventuais d\u00favidas relativas ao <a href=\"https:\/\/concurso.ifbaiano.edu.br\/portal\/matricula-especial-portador-de-diploma-santa-ines-marco-2024\/wp-content\/uploads\/sites\/964\/2024\/03\/EDITAL-DE-TRANSFERENCIA-INTERNA-E-EXTERNA-MATRICULA-ESPECIAL.pdf\">edital<\/a> poder\u00e3o ser dirimidas pelos Colegiados dos Cursos Superiores ou<br>Diretoria Acad\u00eamica.<\/p>\n\n\n\n<hr class=\"wp-block-separator has-alpha-channel-opacity\" \/>\n","protected":false},"excerpt":{"rendered":"<p>O Instituto Federal Baiano (IF Baiano) \u2013 Campus Santa In\u00eas realizou Processo Seletivo de Transfer\u00eancia Interna e Externa e para Ingresso como Portador de Diploma, para o preenchimento de 13 vagas ociosas nos Cursos de Licenciatura em Ci\u00eancias Biol\u00f3gicas (5), Licenciatura em Geografia (3) e Bacharelado em Zootecnia (5), com ingresso no semestre 2024.1. O [&hellip;]<\/p>\n","protected":false},"author":86,"featured_media":18136,"comment_status":"closed","ping_status":"closed","sticky":false,"template":"","format":"standard","meta":[],"categories":[4,8,57],"tags":[],"_links":{"self":[{"href":"https:\/\/www.ifbaiano.edu.br\/unidades\/santaines\/wp-json\/wp\/v2\/posts\/20792"}],"collection":[{"href":"https:\/\/www.ifbaiano.edu.br\/unidades\/santaines\/wp-json\/wp\/v2\/posts"}],"about":[{"href":"https:\/\/www.ifbaiano.edu.br\/unidades\/santaines\/wp-json\/wp\/v2\/types\/post"}],"author":[{"embeddable":true,"href":"https:\/\/www.ifbaiano.edu.br\/unidades\/santaines\/wp-json\/wp\/v2\/users\/86"}],"replies":[{"embeddable":true,"href":"https:\/\/www.ifbaiano.edu.br\/unidades\/santaines\/wp-json\/wp\/v2\/comments?post=20792"}],"version-history":[{"count":4,"href":"https:\/\/www.ifbaiano.edu.br\/unidades\/santaines\/wp-json\/wp\/v2\/posts\/20792\/revisions"}],"predecessor-version":[{"id":20898,"href":"https:\/\/www.ifbaiano.edu.br\/unidades\/santaines\/wp-json\/wp\/v2\/posts\/20792\/revisions\/20898"}],"wp:featuredmedia":[{"embeddable":true,"href":"https:\/\/www.ifbaiano.edu.br\/unidades\/santaines\/wp-json\/wp\/v2\/media\/18136"}],"wp:attachment":[{"href":"https:\/\/www.ifbaiano.edu.br\/unidades\/santaines\/wp-json\/wp\/v2\/media?parent=20792"}],"wp:term":[{"taxonomy":"category","embeddable":true,"href":"https:\/\/www.ifbaiano.edu.br\/unidades\/santaines\/wp-json\/wp\/v2\/categories?post=20792"},{"taxonomy":"post_tag","embeddable":true,"href":"https:\/\/www.ifbaiano.edu.br\/unidades\/santaines\/wp-json\/wp\/v2\/tags?post=20792"}],"curies":[{"name":"wp","href":"https:\/\/api.w.org\/{rel}","templated":true}]}}