{"id":20883,"date":"2024-03-15T12:39:52","date_gmt":"2024-03-15T15:39:52","guid":{"rendered":"https:\/\/www.ifbaiano.edu.br\/unidades\/santaines\/?p=20883"},"modified":"2024-03-15T12:39:52","modified_gmt":"2024-03-15T15:39:52","slug":"eleicoes-consup-votacao-para-representantes-docentes-e-taes-acontece-dia-20","status":"publish","type":"post","link":"https:\/\/www.ifbaiano.edu.br\/unidades\/santaines\/eleicoes-consup-votacao-para-representantes-docentes-e-taes-acontece-dia-20\/","title":{"rendered":"Elei\u00e7\u00f5es Consup: vota\u00e7\u00e3o para representantes docentes e TAEs acontece dia 20"},"content":{"rendered":"\n<p>O Conselho Superior (Consup) realizar\u00e1 elei\u00e7\u00f5es, no dia 20 de mar\u00e7o, para a composi\u00e7\u00e3o de novos membros docentes, t\u00e9cnicos-administrativos (TAEs) e discentes, para o bi\u00eanio 2024-2026 e a lista de candidatos inscritos para cada categoria j\u00e1 est\u00e1 dispon\u00edvel na&nbsp;<a href=\"https:\/\/concurso.ifbaiano.edu.br\/portal\/eleicoes-consup-bienio-2023-2025\/\">p\u00e1gina do pleito<\/a>. O eleitor escolher\u00e1 candidatos apenas da sua pr\u00f3pria categoria.<\/p>\n\n\n\n<p>Para a categoria discente, n\u00e3o houve candidaturas homologadas nesta elei\u00e7\u00e3o. No dia 20 de mar\u00e7o, apenas docentes e TAEs votar\u00e3o em cinco representantes de sua categoria atrav\u00e9s do sistema de vota\u00e7\u00e3o on-line Helios. Ser\u00e3o eleitos cinco titulares docentes e cinco TAES, al\u00e9m da de cinco suplentes em cada categoria. O link para a vota\u00e7\u00e3o ser\u00e1 disponibilizado na p\u00e1gina do pleito e tamb\u00e9m via e-mail, provavelmente, na pr\u00f3xima ter\u00e7a-feira, 19.<\/p>\n\n\n\n<p>A escolha dos representantes egressos acontece no dia 21 de mar\u00e7o atrav\u00e9s de reuni\u00e3o na plataforma RNP. Foram publicadas, no dia 14 de mar\u00e7o, no site do pleito, as listas preliminares de votantes das categorias TAE e Docente, caso o servidor n\u00e3o localize seu nome pode entrar em contato com a Comiss\u00e3o Eleitoral Geral via e-mail: eleicao.consup@reitoria.ifbaiano.edu.br. O Presidente da Comiss\u00e3o Eleitoral Geral, o pr\u00f3-reitor de Pesquisa Rafael Trocoli, pontua: \u201cO pleito ocorre de forma transparente e democr\u00e1tica. Duas categorias, atrav\u00e9s de elei\u00e7\u00f5es, j\u00e1 escolheram seus representantes para o Consup Bi\u00eanio 2024-2026: Se\u00e7\u00e3o sindical e CODIR. A expectativa \u00e9 que na pr\u00f3xima semana, nos dias 20 e 21, as demais categorias possam escolher seus representantes democraticamente\u201d, afirma.<\/p>\n\n\n\n<p>O Conselho Superior \u00e9 o \u00f3rg\u00e3o m\u00e1ximo da institui\u00e7\u00e3o, de car\u00e1ter consultivo e deliberativo, que integra a estrutura b\u00e1sica do Instituto Federal de Educa\u00e7\u00e3o, Ci\u00eancia e Tecnologia Baiano. Ele \u00e9 composto pelo reitor, como presidente; servidores docentes; representantes discentes; servidores t\u00e9cnico-administrativos; representantes dos egressos; representantes da sociedade civil; um representante titular do Minist\u00e9rio da Educa\u00e7\u00e3o, designado pela Secretaria de Educa\u00e7\u00e3o Profissional e Tecnol\u00f3gica do Minist\u00e9rio da Educa\u00e7\u00e3o; representantes do Col\u00e9gio de Dirigentes; representante de Se\u00e7\u00e3o Sindical vinculada ao IF Baiano; representante do Diret\u00f3rio Central dos Estudantes do IF Baiano.&nbsp;<\/p>\n\n\n\n<p>Confira mais informa\u00e7\u00f5es aqui:<\/p>\n\n\n\n<p><a href=\"https:\/\/concurso.ifbaiano.edu.br\/portal\/eleicoes-consup-bienio-2023-2025\/\">Perfil dos candidatos<\/a><\/p>\n\n\n\n<p><a href=\"https:\/\/ifbaiano.edu.br\/portal\/wp-content\/uploads\/2021\/02\/Resolucao-no-118.2021_Regimento-INterno-do-cONSUP.pdf\">Regulamento Interno do CONSUP \u2013 Resolu\u00e7\u00e3o 118\/2021<\/a><\/p>\n\n\n\n<hr class=\"wp-block-separator has-alpha-channel-opacity\" \/>\n\n\n\n<p><\/p>\n","protected":false},"excerpt":{"rendered":"<p>O Conselho Superior (Consup) realizar\u00e1 elei\u00e7\u00f5es, no dia 20 de mar\u00e7o, para a composi\u00e7\u00e3o de novos membros docentes, t\u00e9cnicos-administrativos (TAEs) e discentes, para o bi\u00eanio 2024-2026 e a lista de candidatos inscritos para cada categoria j\u00e1 est\u00e1 dispon\u00edvel na&nbsp;p\u00e1gina do pleito. O eleitor escolher\u00e1 candidatos apenas da sua pr\u00f3pria categoria. Para a categoria discente, n\u00e3o [&hellip;]<\/p>\n","protected":false},"author":86,"featured_media":20884,"comment_status":"closed","ping_status":"closed","sticky":false,"template":"","format":"standard","meta":[],"categories":[4,57],"tags":[],"_links":{"self":[{"href":"https:\/\/www.ifbaiano.edu.br\/unidades\/santaines\/wp-json\/wp\/v2\/posts\/20883"}],"collection":[{"href":"https:\/\/www.ifbaiano.edu.br\/unidades\/santaines\/wp-json\/wp\/v2\/posts"}],"about":[{"href":"https:\/\/www.ifbaiano.edu.br\/unidades\/santaines\/wp-json\/wp\/v2\/types\/post"}],"author":[{"embeddable":true,"href":"https:\/\/www.ifbaiano.edu.br\/unidades\/santaines\/wp-json\/wp\/v2\/users\/86"}],"replies":[{"embeddable":true,"href":"https:\/\/www.ifbaiano.edu.br\/unidades\/santaines\/wp-json\/wp\/v2\/comments?post=20883"}],"version-history":[{"count":1,"href":"https:\/\/www.ifbaiano.edu.br\/unidades\/santaines\/wp-json\/wp\/v2\/posts\/20883\/revisions"}],"predecessor-version":[{"id":20885,"href":"https:\/\/www.ifbaiano.edu.br\/unidades\/santaines\/wp-json\/wp\/v2\/posts\/20883\/revisions\/20885"}],"wp:featuredmedia":[{"embeddable":true,"href":"https:\/\/www.ifbaiano.edu.br\/unidades\/santaines\/wp-json\/wp\/v2\/media\/20884"}],"wp:attachment":[{"href":"https:\/\/www.ifbaiano.edu.br\/unidades\/santaines\/wp-json\/wp\/v2\/media?parent=20883"}],"wp:term":[{"taxonomy":"category","embeddable":true,"href":"https:\/\/www.ifbaiano.edu.br\/unidades\/santaines\/wp-json\/wp\/v2\/categories?post=20883"},{"taxonomy":"post_tag","embeddable":true,"href":"https:\/\/www.ifbaiano.edu.br\/unidades\/santaines\/wp-json\/wp\/v2\/tags?post=20883"}],"curies":[{"name":"wp","href":"https:\/\/api.w.org\/{rel}","templated":true}]}}