{"id":20886,"date":"2024-03-15T12:57:18","date_gmt":"2024-03-15T15:57:18","guid":{"rendered":"https:\/\/www.ifbaiano.edu.br\/unidades\/santaines\/?p=20886"},"modified":"2024-03-15T12:59:01","modified_gmt":"2024-03-15T15:59:01","slug":"if-baiano-presta-informacoes-a-comunidade-academica","status":"publish","type":"post","link":"https:\/\/www.ifbaiano.edu.br\/unidades\/santaines\/if-baiano-presta-informacoes-a-comunidade-academica\/","title":{"rendered":"IF Baiano presta informa\u00e7\u00f5es \u00e0 comunidade acad\u00eamica"},"content":{"rendered":"\n<p>O Governo Federal anunciou na \u00faltima ter\u00e7a-feira, 12, a recomposi\u00e7\u00e3o do or\u00e7amento destinado \u00e0 Rede Federal de Educa\u00e7\u00e3o Profissional e Tecnol\u00f3gica para este ano. Anteriormente, o or\u00e7amento discricion\u00e1rio aprovado pelo Congresso Nacional foi de R$2,4 bilh\u00f5es, valor 3,9% abaixo da proposta encaminhada pelo Projeto de Lei Or\u00e7ament\u00e1rio Anual (PLOA), que foi de R$2,5 bilh\u00f5es.&nbsp;<\/p>\n\n\n\n<p>De acordo com o ministro da Educa\u00e7\u00e3o, Camilo Santana, a \u00e1rea financeira da pasta autorizou a libera\u00e7\u00e3o de R$104,4 milh\u00f5es para recompor o or\u00e7amento destinado aos Institutos Federais, aos CEFETs e ao Col\u00e9gio Pedro II.&nbsp;<\/p>\n\n\n\n<p>Esta not\u00edcia, sem d\u00favida, ir\u00e1 minimizar os impactos negativos sobre as atividades acad\u00eamicas e administrativas. No entanto, \u00e9 importante destacar que ainda h\u00e1 algumas quest\u00f5es em aberto que requerem aten\u00e7\u00e3o, em particular, a necessidade de esclarecimento quanto \u00e0s datas e procedimentos relativos \u00e0 implementa\u00e7\u00e3o da recomposi\u00e7\u00e3o or\u00e7ament\u00e1ria em nossa institui\u00e7\u00e3o.&nbsp;<\/p>\n\n\n\n<p>Ainda que ocorra a recomposi\u00e7\u00e3o or\u00e7ament\u00e1ria, esta n\u00e3o ser\u00e1 suficiente para o atendimento adequado \u00e0s necessidades institucionais, uma vez que n\u00e3o contempla todas as perdas inflacion\u00e1rias e impactos ocorridos nos \u00faltimos anos, a exemplo das repactua\u00e7\u00f5es dos contratos de manuten\u00e7\u00e3o e presta\u00e7\u00e3o de servi\u00e7o.&nbsp;<\/p>\n\n\n\n<p>Adicionado a esse contexto, este ano foi retomada a aplica\u00e7\u00e3o da matriz or\u00e7ament\u00e1ria Conif e&nbsp; algumas unidades tiveram uma redu\u00e7\u00e3o significativa de or\u00e7amento, fato que poder\u00e1 inviabilizar o funcionamento destas, colocando em risco a conclus\u00e3o do ano letivo.<\/p>\n\n\n\n<p>Mesmo diante deste quadro, o governo tamb\u00e9m anunciou a cria\u00e7\u00e3o de 100 novas unidades, sendo oito delas na Bahia. Salienta-se que o IF Baiano n\u00e3o participou da escolha das cidades apresentadas e at\u00e9 o momento n\u00e3o foi informado quais unidades ir\u00e3o compor o Instituto.<\/p>\n\n\n\n<p>A transpar\u00eancia e a comunica\u00e7\u00e3o s\u00e3o fundamentais para o bom funcionamento da comunidade acad\u00eamica, e o IF Baiano est\u00e1 comprometido em manter todos informados sobre os encaminhamentos relacionados a esses assuntos.<\/p>\n\n\n\n<hr class=\"wp-block-separator has-alpha-channel-opacity\" \/>\n\n\n\n<p><\/p>\n","protected":false},"excerpt":{"rendered":"<p>O Governo Federal anunciou na \u00faltima ter\u00e7a-feira, 12, a recomposi\u00e7\u00e3o do or\u00e7amento destinado \u00e0 Rede Federal de Educa\u00e7\u00e3o Profissional e Tecnol\u00f3gica para este ano. Anteriormente, o or\u00e7amento discricion\u00e1rio aprovado pelo Congresso Nacional foi de R$2,4 bilh\u00f5es, valor 3,9% abaixo da proposta encaminhada pelo Projeto de Lei Or\u00e7ament\u00e1rio Anual (PLOA), que foi de R$2,5 bilh\u00f5es.&nbsp; De [&hellip;]<\/p>\n","protected":false},"author":86,"featured_media":17559,"comment_status":"closed","ping_status":"closed","sticky":false,"template":"","format":"standard","meta":[],"categories":[4,1,57],"tags":[],"_links":{"self":[{"href":"https:\/\/www.ifbaiano.edu.br\/unidades\/santaines\/wp-json\/wp\/v2\/posts\/20886"}],"collection":[{"href":"https:\/\/www.ifbaiano.edu.br\/unidades\/santaines\/wp-json\/wp\/v2\/posts"}],"about":[{"href":"https:\/\/www.ifbaiano.edu.br\/unidades\/santaines\/wp-json\/wp\/v2\/types\/post"}],"author":[{"embeddable":true,"href":"https:\/\/www.ifbaiano.edu.br\/unidades\/santaines\/wp-json\/wp\/v2\/users\/86"}],"replies":[{"embeddable":true,"href":"https:\/\/www.ifbaiano.edu.br\/unidades\/santaines\/wp-json\/wp\/v2\/comments?post=20886"}],"version-history":[{"count":1,"href":"https:\/\/www.ifbaiano.edu.br\/unidades\/santaines\/wp-json\/wp\/v2\/posts\/20886\/revisions"}],"predecessor-version":[{"id":20887,"href":"https:\/\/www.ifbaiano.edu.br\/unidades\/santaines\/wp-json\/wp\/v2\/posts\/20886\/revisions\/20887"}],"wp:featuredmedia":[{"embeddable":true,"href":"https:\/\/www.ifbaiano.edu.br\/unidades\/santaines\/wp-json\/wp\/v2\/media\/17559"}],"wp:attachment":[{"href":"https:\/\/www.ifbaiano.edu.br\/unidades\/santaines\/wp-json\/wp\/v2\/media?parent=20886"}],"wp:term":[{"taxonomy":"category","embeddable":true,"href":"https:\/\/www.ifbaiano.edu.br\/unidades\/santaines\/wp-json\/wp\/v2\/categories?post=20886"},{"taxonomy":"post_tag","embeddable":true,"href":"https:\/\/www.ifbaiano.edu.br\/unidades\/santaines\/wp-json\/wp\/v2\/tags?post=20886"}],"curies":[{"name":"wp","href":"https:\/\/api.w.org\/{rel}","templated":true}]}}