{"id":2089,"date":"2012-06-18T12:42:27","date_gmt":"2012-06-18T15:42:27","guid":{"rendered":"http:\/\/www.ifbaiano.edu.br\/unidades\/santaines\/?p=2089"},"modified":"2012-06-22T11:50:19","modified_gmt":"2012-06-22T14:50:19","slug":"estudantes-do-if-baiano-campus-santa-ines-participam-da-rio20","status":"publish","type":"post","link":"https:\/\/www.ifbaiano.edu.br\/unidades\/santaines\/estudantes-do-if-baiano-campus-santa-ines-participam-da-rio20\/","title":{"rendered":"Estudantes do IF Baiano Campus Santa In\u00eas participam da Rio+20"},"content":{"rendered":"<p style=\"text-align: justify\">Os estudantes do Curso em Geografia do IF Baiano Campus Santa In\u00eas, Jairo Bonfim natural de Jaguaquara &#8211; BA e Jackson Santos natural de Santa In\u00eas-BA, participam da <em>Confer\u00eancia das Na\u00e7\u00f5es Unidas sobre Desenvolvimento Sustent\u00e1vel<\/em>, confer\u00eancia que acontece no Rio de Janeiro &#8211; RJ, oficialmente entre os dias 13 a 22 de Junho, tendo como temas-chave a economia verde no contexto do desenvolvimento sustent\u00e1vel e da erradica\u00e7\u00e3o da pobreza e a estrutura institucional para o desenvolvimento sustent\u00e1vel. O Evento re\u00fane al\u00e9m de Chefes de Estado de todo o planeta, presen\u00e7as de povos de pa\u00edses diversificados. Os estudantes visitam as oficinas tem\u00e1ticas distribu\u00eddas por toda a cidade do Rio, onde s\u00e3o debatidas quest\u00f5es de clima, energias renov\u00e1veis, combate \u00e0 fome e a mis\u00e9ria no planeta, recursos h\u00eddricos, economia, bem como, todos os temas relacionados \u00e0 vida e a sobreviv\u00eancia na terra para os pr\u00f3ximos anos. Na oportunidade os estudantes tamb\u00e9m participam do Conselho Nacional de entidades Gerais \u2013 CONEG, organizado e executado pela Uni\u00e3o Nacional dos Estudantes \u2013 UNE e re\u00fanem informa\u00e7\u00f5es para a produ\u00e7\u00e3o de atividades acad\u00eamicas cient\u00edficas no retorno ao IF Baiano.<\/p>\n<p><a href=\"http:\/\/www.ifbaiano.edu.br\/unidades\/santaines\/files\/2012\/06\/SAM1.jpg\"><img decoding=\"async\" loading=\"lazy\" class=\"size-full wp-image-2091 aligncenter\" src=\"http:\/\/www.ifbaiano.edu.br\/unidades\/santaines\/files\/2012\/06\/SAM1.jpg\" alt=\"\" width=\"343\" height=\"451\" srcset=\"https:\/\/www.ifbaiano.edu.br\/unidades\/santaines\/files\/2012\/06\/SAM1.jpg 343w, https:\/\/www.ifbaiano.edu.br\/unidades\/santaines\/files\/2012\/06\/SAM1-228x300.jpg 228w\" sizes=\"(max-width: 343px) 100vw, 343px\" \/><\/a><\/p>\n","protected":false},"excerpt":{"rendered":"<p>Os estudantes do Curso em Geografia do IF Baiano Campus Santa In\u00eas, Jairo Bonfim natural de Jaguaquara &#8211; BA e Jackson Santos natural de Santa In\u00eas-BA, participam da Confer\u00eancia das Na\u00e7\u00f5es Unidas sobre Desenvolvimento Sustent\u00e1vel, confer\u00eancia que acontece no Rio de Janeiro &#8211; RJ, oficialmente entre os dias 13 a 22 de Junho, tendo como [&hellip;]<\/p>\n","protected":false},"author":26,"featured_media":0,"comment_status":"closed","ping_status":"closed","sticky":false,"template":"","format":"standard","meta":[],"categories":[10],"tags":[],"_links":{"self":[{"href":"https:\/\/www.ifbaiano.edu.br\/unidades\/santaines\/wp-json\/wp\/v2\/posts\/2089"}],"collection":[{"href":"https:\/\/www.ifbaiano.edu.br\/unidades\/santaines\/wp-json\/wp\/v2\/posts"}],"about":[{"href":"https:\/\/www.ifbaiano.edu.br\/unidades\/santaines\/wp-json\/wp\/v2\/types\/post"}],"author":[{"embeddable":true,"href":"https:\/\/www.ifbaiano.edu.br\/unidades\/santaines\/wp-json\/wp\/v2\/users\/26"}],"replies":[{"embeddable":true,"href":"https:\/\/www.ifbaiano.edu.br\/unidades\/santaines\/wp-json\/wp\/v2\/comments?post=2089"}],"version-history":[{"count":4,"href":"https:\/\/www.ifbaiano.edu.br\/unidades\/santaines\/wp-json\/wp\/v2\/posts\/2089\/revisions"}],"predecessor-version":[{"id":2093,"href":"https:\/\/www.ifbaiano.edu.br\/unidades\/santaines\/wp-json\/wp\/v2\/posts\/2089\/revisions\/2093"}],"wp:attachment":[{"href":"https:\/\/www.ifbaiano.edu.br\/unidades\/santaines\/wp-json\/wp\/v2\/media?parent=2089"}],"wp:term":[{"taxonomy":"category","embeddable":true,"href":"https:\/\/www.ifbaiano.edu.br\/unidades\/santaines\/wp-json\/wp\/v2\/categories?post=2089"},{"taxonomy":"post_tag","embeddable":true,"href":"https:\/\/www.ifbaiano.edu.br\/unidades\/santaines\/wp-json\/wp\/v2\/tags?post=2089"}],"curies":[{"name":"wp","href":"https:\/\/api.w.org\/{rel}","templated":true}]}}