{"id":20931,"date":"2024-03-19T19:28:41","date_gmt":"2024-03-19T22:28:41","guid":{"rendered":"https:\/\/www.ifbaiano.edu.br\/unidades\/santaines\/?p=20931"},"modified":"2024-03-19T19:28:42","modified_gmt":"2024-03-19T22:28:42","slug":"if-baiano-abre-inscricoes-para-bolsas-de-extensao-pibiex-na-modalidade-jr-e-superior","status":"publish","type":"post","link":"https:\/\/www.ifbaiano.edu.br\/unidades\/santaines\/if-baiano-abre-inscricoes-para-bolsas-de-extensao-pibiex-na-modalidade-jr-e-superior\/","title":{"rendered":"IF Baiano abre inscri\u00e7\u00f5es para bolsas de extens\u00e3o PIBIEX na modalidade Jr. e Superior"},"content":{"rendered":"\n<p>O Instituto Federal de Educa\u00e7\u00e3o, Ci\u00eancia e Tecnologia (IF Baiano), por meio da Pr\u00f3-reitoria de Extens\u00e3o (PROEX), lan\u00e7ou editais para concess\u00e3o de bolsas de inicia\u00e7\u00e3o em extens\u00e3o para discentes atrav\u00e9s do Programa Institucional de Bolsas de Inicia\u00e7\u00e3o em Extens\u00e3o (PIBIEX), na modalidade J\u00fanior e Superior. No total, 75 projetos ser\u00e3o contemplados com bolsas de extens\u00e3o. O per\u00edodo para a submiss\u00e3o de propostas vai de 25 de mar\u00e7o at\u00e9 o dia 15 de maio, exclusivamente via Sistema Unificado de Administra\u00e7\u00e3o P\u00fablica (SUAP).<\/p>\n\n\n\n<p>Os candidatos devem atender aos requisitos estabelecidos nos editais, incluindo estar regularmente matriculados em cursos do IF Baiano e cumprir crit\u00e9rios espec\u00edficos de elegibilidade, como desempenho acad\u00eamico satisfat\u00f3rio e disponibilidade de tempo para o desenvolvimento das atividades do projeto.<\/p>\n\n\n\n<p><strong>As<\/strong><strong>&nbsp;75 bolsas<\/strong>&nbsp;para projetos de extens\u00e3o ser\u00e3o distribu\u00eddas da seguinte forma:<\/p>\n\n\n\n<ul>\n<li><strong>PIBIEX Jr.:<\/strong>&nbsp;46 bolsas, destinadas a alunos do Ensino M\u00e9dio\/T\u00e9cnico, na forma Integrada, Subsequente e Proeja do IF Baiano.<\/li>\n\n\n\n<li><strong>PIBIEX Superior:<\/strong>&nbsp;29 bolsas, destinadas a estudantes do ensino superior do IF Baiano.<\/li>\n<\/ul>\n\n\n\n<p><strong>As bolsas do PIBIEX<\/strong>&nbsp;t\u00eam dura\u00e7\u00e3o m\u00e1xima de 12 meses e os valores mensais s\u00e3o de R$300,00 para o PIBIEX Jr. e R$700,00 para o PIBIEX Superior. A carga hor\u00e1ria semanal exigida para os bolsistas \u00e9 de 10 horas.<\/p>\n\n\n\n<p>Os projetos devem ser coordenados por servidores efetivos do IF Baiano e submetidos por meio do SUAP. Os alunos bolsistas ter\u00e3o a oportunidade de se envolver em atividades de extens\u00e3o, promovendo a integra\u00e7\u00e3o entre as unidades do IF Baiano e a sociedade, valorizando a realidade local e regional.<\/p>\n\n\n\n<p>Discentes volunt\u00e1rios podem participar de projetos de extens\u00e3o sem receber bolsa. \u00c9 necess\u00e1rio estar matriculado em um dos cursos do IF Baiano, dedicar pelo menos 4 horas semanais ao projeto, trabalhar em conjunto com o orientador, seguir o plano de trabalho, apresentar relat\u00f3rios quando solicitado. Para receber certificado, precisam comprovar presen\u00e7a e participa\u00e7\u00e3o nas atividades do projeto.<\/p>\n\n\n\n<p>O resultado final da sele\u00e7\u00e3o ser\u00e1 divulgado no site do IF Baiano:&nbsp;<a href=\"https:\/\/ifbaiano.edu.br\/portal\/concursos\/\"><u>https:\/\/ifbaiano.edu.br\/portal\/concursos\/<\/u><\/a>, no Portal da Pr\u00f3-Reitoria de Extens\u00e3o:&nbsp;<a href=\"https:\/\/ifbaiano.edu.br\/portal\/extensao\/\"><u>https:\/\/ifbaiano.edu.br\/portal\/extensao\/<\/u><\/a>, e pelo e-mail institucional.<\/p>\n\n\n\n<p>Mais informa\u00e7\u00f5es poder\u00e3o ser consultadas nos editais\u00a0<a href=\"https:\/\/concurso.ifbaiano.edu.br\/portal\/pibiex-junior-marco-2024\/wp-content\/uploads\/sites\/972\/2024\/03\/Edital-60-2024-PIBIEX-JUNIOR.pdf\"><u>PIBIEX Jr<\/u><\/a>. e\u00a0<a href=\"https:\/\/concurso.ifbaiano.edu.br\/portal\/pibiex-superior-marco-2024\/wp-content\/uploads\/sites\/971\/2024\/03\/Edital-61-2024-PIBIEX-SUPERIOR-1.pdf\"><u>PIBIEX Superior.<\/u><\/a><\/p>\n\n\n\n<hr class=\"wp-block-separator has-alpha-channel-opacity\" \/>\n\n\n\n<p><\/p>\n","protected":false},"excerpt":{"rendered":"<p>O Instituto Federal de Educa\u00e7\u00e3o, Ci\u00eancia e Tecnologia (IF Baiano), por meio da Pr\u00f3-reitoria de Extens\u00e3o (PROEX), lan\u00e7ou editais para concess\u00e3o de bolsas de inicia\u00e7\u00e3o em extens\u00e3o para discentes atrav\u00e9s do Programa Institucional de Bolsas de Inicia\u00e7\u00e3o em Extens\u00e3o (PIBIEX), na modalidade J\u00fanior e Superior. No total, 75 projetos ser\u00e3o contemplados com bolsas de extens\u00e3o. [&hellip;]<\/p>\n","protected":false},"author":86,"featured_media":20932,"comment_status":"closed","ping_status":"closed","sticky":false,"template":"","format":"standard","meta":[],"categories":[4,5,57],"tags":[],"_links":{"self":[{"href":"https:\/\/www.ifbaiano.edu.br\/unidades\/santaines\/wp-json\/wp\/v2\/posts\/20931"}],"collection":[{"href":"https:\/\/www.ifbaiano.edu.br\/unidades\/santaines\/wp-json\/wp\/v2\/posts"}],"about":[{"href":"https:\/\/www.ifbaiano.edu.br\/unidades\/santaines\/wp-json\/wp\/v2\/types\/post"}],"author":[{"embeddable":true,"href":"https:\/\/www.ifbaiano.edu.br\/unidades\/santaines\/wp-json\/wp\/v2\/users\/86"}],"replies":[{"embeddable":true,"href":"https:\/\/www.ifbaiano.edu.br\/unidades\/santaines\/wp-json\/wp\/v2\/comments?post=20931"}],"version-history":[{"count":1,"href":"https:\/\/www.ifbaiano.edu.br\/unidades\/santaines\/wp-json\/wp\/v2\/posts\/20931\/revisions"}],"predecessor-version":[{"id":20933,"href":"https:\/\/www.ifbaiano.edu.br\/unidades\/santaines\/wp-json\/wp\/v2\/posts\/20931\/revisions\/20933"}],"wp:featuredmedia":[{"embeddable":true,"href":"https:\/\/www.ifbaiano.edu.br\/unidades\/santaines\/wp-json\/wp\/v2\/media\/20932"}],"wp:attachment":[{"href":"https:\/\/www.ifbaiano.edu.br\/unidades\/santaines\/wp-json\/wp\/v2\/media?parent=20931"}],"wp:term":[{"taxonomy":"category","embeddable":true,"href":"https:\/\/www.ifbaiano.edu.br\/unidades\/santaines\/wp-json\/wp\/v2\/categories?post=20931"},{"taxonomy":"post_tag","embeddable":true,"href":"https:\/\/www.ifbaiano.edu.br\/unidades\/santaines\/wp-json\/wp\/v2\/tags?post=20931"}],"curies":[{"name":"wp","href":"https:\/\/api.w.org\/{rel}","templated":true}]}}