{"id":20942,"date":"2024-03-20T14:45:09","date_gmt":"2024-03-20T17:45:09","guid":{"rendered":"https:\/\/www.ifbaiano.edu.br\/unidades\/santaines\/?p=20942"},"modified":"2024-03-20T14:45:09","modified_gmt":"2024-03-20T17:45:09","slug":"nova-data-da-eleicao-do-consup","status":"publish","type":"post","link":"https:\/\/www.ifbaiano.edu.br\/unidades\/santaines\/nova-data-da-eleicao-do-consup\/","title":{"rendered":"Nova data da Elei\u00e7\u00e3o do CONSUP"},"content":{"rendered":"\n<p>A Comiss\u00e3o Eleitoral Geral respons\u00e1vel pelos procedimentos do pleito para a escolha dos Representantes do Conselho Superior do IF Baiano \u2013 Bi\u00eanio 2024-2026, conforme Portaria n\u02da 4\/2023 \u2013 OS-CONSUP\/IFBAIANO, de 2 de outubro de 2023, informa para a comunidade do Instituto Federal Baiano que foi constatado um equ\u00edvoco na ordem de cadastro dos candidatos na plataforma Helios para a elei\u00e7\u00e3o dos representantes TAEs e Docentes para o Conselho Superior do IF Baiano.<\/p>\n\n\n\n<p>Para garantir a conformidade com as regras estabelecidas no Item 7.3.2, c, do Edital n\u02da 27, de 26 de fevereiro de 2024, decidimos suspender a elei\u00e7\u00e3o em andamento, hoje 20 de mar\u00e7o de 2024, que estava prevista para ocorrer entre \u00e0s 8:00 e 17:00h.<\/p>\n\n\n\n<p>O erro consistiu na apresenta\u00e7\u00e3o dos candidatos, cuja ordem deveria seguir crit\u00e9rios alfab\u00e9ticos. Reconhecemos a import\u00e2ncia de um processo eleitoral em conformidade com os crit\u00e9rios pr\u00e9-estabelecidos, por isso, tomamos essa decis\u00e3o para garantir o bom andamento do pleito.<\/p>\n\n\n\n<p>A nova data para a elei\u00e7\u00e3o dos representantes das categorias supracitadas para o CONSUP, ser\u00e1 no dia 22 de mar\u00e7o (sexta-feira), entre \u00e0s 8:00 e 17:00h. Agradecemos pela compreens\u00e3o e colabora\u00e7\u00e3o de todas as pessoas.<\/p>\n\n\n\n<p>Confira\u00a0<a rel=\"noreferrer noopener\" href=\"https:\/\/ifbaiano.edu.br\/portal\/wp-content\/uploads\/2024\/03\/Documento-2.pdf\" target=\"_blank\">a nota aqui<\/a>.<\/p>\n\n\n\n<hr class=\"wp-block-separator has-alpha-channel-opacity\" \/>\n\n\n\n<p><\/p>\n","protected":false},"excerpt":{"rendered":"<p>A Comiss\u00e3o Eleitoral Geral respons\u00e1vel pelos procedimentos do pleito para a escolha dos Representantes do Conselho Superior do IF Baiano \u2013 Bi\u00eanio 2024-2026, conforme Portaria n\u02da 4\/2023 \u2013 OS-CONSUP\/IFBAIANO, de 2 de outubro de 2023, informa para a comunidade do Instituto Federal Baiano que foi constatado um equ\u00edvoco na ordem de cadastro dos candidatos na [&hellip;]<\/p>\n","protected":false},"author":86,"featured_media":20943,"comment_status":"closed","ping_status":"closed","sticky":false,"template":"","format":"standard","meta":[],"categories":[4,5,57],"tags":[],"_links":{"self":[{"href":"https:\/\/www.ifbaiano.edu.br\/unidades\/santaines\/wp-json\/wp\/v2\/posts\/20942"}],"collection":[{"href":"https:\/\/www.ifbaiano.edu.br\/unidades\/santaines\/wp-json\/wp\/v2\/posts"}],"about":[{"href":"https:\/\/www.ifbaiano.edu.br\/unidades\/santaines\/wp-json\/wp\/v2\/types\/post"}],"author":[{"embeddable":true,"href":"https:\/\/www.ifbaiano.edu.br\/unidades\/santaines\/wp-json\/wp\/v2\/users\/86"}],"replies":[{"embeddable":true,"href":"https:\/\/www.ifbaiano.edu.br\/unidades\/santaines\/wp-json\/wp\/v2\/comments?post=20942"}],"version-history":[{"count":1,"href":"https:\/\/www.ifbaiano.edu.br\/unidades\/santaines\/wp-json\/wp\/v2\/posts\/20942\/revisions"}],"predecessor-version":[{"id":20944,"href":"https:\/\/www.ifbaiano.edu.br\/unidades\/santaines\/wp-json\/wp\/v2\/posts\/20942\/revisions\/20944"}],"wp:featuredmedia":[{"embeddable":true,"href":"https:\/\/www.ifbaiano.edu.br\/unidades\/santaines\/wp-json\/wp\/v2\/media\/20943"}],"wp:attachment":[{"href":"https:\/\/www.ifbaiano.edu.br\/unidades\/santaines\/wp-json\/wp\/v2\/media?parent=20942"}],"wp:term":[{"taxonomy":"category","embeddable":true,"href":"https:\/\/www.ifbaiano.edu.br\/unidades\/santaines\/wp-json\/wp\/v2\/categories?post=20942"},{"taxonomy":"post_tag","embeddable":true,"href":"https:\/\/www.ifbaiano.edu.br\/unidades\/santaines\/wp-json\/wp\/v2\/tags?post=20942"}],"curies":[{"name":"wp","href":"https:\/\/api.w.org\/{rel}","templated":true}]}}