{"id":20945,"date":"2024-03-21T16:23:19","date_gmt":"2024-03-21T19:23:19","guid":{"rendered":"https:\/\/www.ifbaiano.edu.br\/unidades\/santaines\/?p=20945"},"modified":"2024-03-21T16:23:19","modified_gmt":"2024-03-21T19:23:19","slug":"programa-pe-de-meia-estudantes-ja-podem-consultar-se-estao-na-lista-dos-contemplados","status":"publish","type":"post","link":"https:\/\/www.ifbaiano.edu.br\/unidades\/santaines\/programa-pe-de-meia-estudantes-ja-podem-consultar-se-estao-na-lista-dos-contemplados\/","title":{"rendered":"Programa P\u00e9-de-Meia: estudantes j\u00e1 podem consultar se est\u00e3o na lista dos contemplados"},"content":{"rendered":"\n<p>O Minist\u00e9rio da Educa\u00e7\u00e3o \u2013 MEC disponibilizou, nesta quarta-feira (20\/03), o aplicativo&nbsp;<a href=\"https:\/\/www.gov.br\/mec\/pt-br\/jornadadoestudante\">Jornada do Estudante<\/a>&nbsp;para que os inscritos no Programa P\u00e9-de-Meia possam consultar informa\u00e7\u00f5es referentes \u00e0 sua participa\u00e7\u00e3o.<\/p>\n\n\n\n<p>Atrav\u00e9s do aplicativo o aluno tamb\u00e9m obt\u00e9m informa\u00e7\u00f5es sobre os canais de atendimento, regras do programa, calend\u00e1rio e situa\u00e7\u00e3o de pagamento.&nbsp;<\/p>\n\n\n\n<p>\u00c9 importante destacar que, nesse primeiro momento, a lista de benefici\u00e1rios do P\u00e9-de-Meia n\u00e3o \u00e9 definitiva, tendo em vista que as informa\u00e7\u00f5es enviadas pelas redes de ensino ainda est\u00e3o sendo processadas pela Caixa Econ\u00f4mica Federal, o que poder\u00e1 resultar na inclus\u00e3o de novos estudantes no Programa.<\/p>\n\n\n\n<p>O primeiro pagamento aos estudantes eleg\u00edveis est\u00e1 previsto para 26 de mar\u00e7o, conforme m\u00eas de nascimento: 26\/03 (nascidos em Jan\/Fev); 27\/03 (nascidos em Mar\/Abr); 28\/03 (nascidos em Mai\/Jun); 01\/04 (nascidos em Jul\/Ago); 02\/04 (nascidos em Set\/Out); 03\/04 (nascidos em Nov\/Dez).<\/p>\n\n\n\n<p>Clique aqui e saiba como baixar&nbsp;<a href=\"https:\/\/www.gov.br\/mec\/pt-br\/jornadadoestudante\">https:\/\/www.gov.br\/mec\/pt-br\/jornadadoestudante<\/a>.<\/p>\n\n\n\n<p><strong>Sobre o Programa P\u00e9-de-Meia<\/strong><\/p>\n\n\n\n<p>O P\u00e9-de-Meia \u00e9 um programa de incentivo financeiro-educacional, na modalidade de poupan\u00e7a, que visa promover a perman\u00eancia e conclus\u00e3o escolar. Tem como p\u00fablico-alvo estudantes matriculados no ensino m\u00e9dio p\u00fablico, que possuem entre 14 e 24 anos de idade, cujas fam\u00edlias est\u00e3o inscritas no Programa Bolsa Fam\u00edlia.<\/p>\n\n\n\n<p>O programa prev\u00ea o pagamento de incentivo mensal de R$ 200, que podem ser sacados em qualquer momento, mais dep\u00f3sitos de R$ 1.000 ao final de cada ano conclu\u00eddo, podendo ser retirado ao t\u00e9rmino do ensino m\u00e9dio. Considerando as parcelas de incentivo, os dep\u00f3sitos anuais e o adicional de R$ 200 pela participa\u00e7\u00e3o no Enem, os valores chegam a R$ 9.200 por aluno.<\/p>\n\n\n\n<p><strong>Fonte: MEC<\/strong><\/p>\n\n\n\n<hr class=\"wp-block-separator has-alpha-channel-opacity\" \/>\n","protected":false},"excerpt":{"rendered":"<p>O Minist\u00e9rio da Educa\u00e7\u00e3o \u2013 MEC disponibilizou, nesta quarta-feira (20\/03), o aplicativo&nbsp;Jornada do Estudante&nbsp;para que os inscritos no Programa P\u00e9-de-Meia possam consultar informa\u00e7\u00f5es referentes \u00e0 sua participa\u00e7\u00e3o. Atrav\u00e9s do aplicativo o aluno tamb\u00e9m obt\u00e9m informa\u00e7\u00f5es sobre os canais de atendimento, regras do programa, calend\u00e1rio e situa\u00e7\u00e3o de pagamento.&nbsp; \u00c9 importante destacar que, nesse primeiro momento, [&hellip;]<\/p>\n","protected":false},"author":86,"featured_media":20946,"comment_status":"closed","ping_status":"closed","sticky":false,"template":"","format":"standard","meta":[],"categories":[4,5,57],"tags":[],"_links":{"self":[{"href":"https:\/\/www.ifbaiano.edu.br\/unidades\/santaines\/wp-json\/wp\/v2\/posts\/20945"}],"collection":[{"href":"https:\/\/www.ifbaiano.edu.br\/unidades\/santaines\/wp-json\/wp\/v2\/posts"}],"about":[{"href":"https:\/\/www.ifbaiano.edu.br\/unidades\/santaines\/wp-json\/wp\/v2\/types\/post"}],"author":[{"embeddable":true,"href":"https:\/\/www.ifbaiano.edu.br\/unidades\/santaines\/wp-json\/wp\/v2\/users\/86"}],"replies":[{"embeddable":true,"href":"https:\/\/www.ifbaiano.edu.br\/unidades\/santaines\/wp-json\/wp\/v2\/comments?post=20945"}],"version-history":[{"count":1,"href":"https:\/\/www.ifbaiano.edu.br\/unidades\/santaines\/wp-json\/wp\/v2\/posts\/20945\/revisions"}],"predecessor-version":[{"id":20947,"href":"https:\/\/www.ifbaiano.edu.br\/unidades\/santaines\/wp-json\/wp\/v2\/posts\/20945\/revisions\/20947"}],"wp:featuredmedia":[{"embeddable":true,"href":"https:\/\/www.ifbaiano.edu.br\/unidades\/santaines\/wp-json\/wp\/v2\/media\/20946"}],"wp:attachment":[{"href":"https:\/\/www.ifbaiano.edu.br\/unidades\/santaines\/wp-json\/wp\/v2\/media?parent=20945"}],"wp:term":[{"taxonomy":"category","embeddable":true,"href":"https:\/\/www.ifbaiano.edu.br\/unidades\/santaines\/wp-json\/wp\/v2\/categories?post=20945"},{"taxonomy":"post_tag","embeddable":true,"href":"https:\/\/www.ifbaiano.edu.br\/unidades\/santaines\/wp-json\/wp\/v2\/tags?post=20945"}],"curies":[{"name":"wp","href":"https:\/\/api.w.org\/{rel}","templated":true}]}}