{"id":20948,"date":"2024-04-08T07:30:00","date_gmt":"2024-04-08T10:30:00","guid":{"rendered":"https:\/\/www.ifbaiano.edu.br\/unidades\/santaines\/?p=20948"},"modified":"2024-07-03T10:05:34","modified_gmt":"2024-07-03T13:05:34","slug":"64-vagas-remanescentes-sao-ofertadas-para-cursos-tecnicos-subsequentes-ead-no-campus-santa-ines","status":"publish","type":"post","link":"https:\/\/www.ifbaiano.edu.br\/unidades\/santaines\/64-vagas-remanescentes-sao-ofertadas-para-cursos-tecnicos-subsequentes-ead-no-campus-santa-ines\/","title":{"rendered":"64 vagas remanescentes s\u00e3o ofertadas para cursos T\u00e9cnicos Subsequentes (EaD) no Campus Santa In\u00eas"},"content":{"rendered":"\n<p>O IF Baiano &#8211; Campus Santa In\u00eas realizou inscri\u00e7\u00f5es, nos dias 26 e 27<strong> <\/strong>de mar\u00e7o de 2024, para 64 vagas remanescentes em cursos da Educa\u00e7\u00e3o Profissional T\u00e9cnica de N\u00edvel M\u00e9dio, na forma Subsequente ao Ensino M\u00e9dio &#8211; Modalidade de Educa\u00e7\u00e3o a Dist\u00e2ncia (EaD). <\/p>\n\n\n\n<p>Das vagas dispon\u00edveis, 8 eram para o curso T\u00e9cnico em Secretaria Escolar, ofertado na sede da cidade de Marac\u00e1s; 29 para o curso T\u00e9cnico em Inform\u00e1tica, tamb\u00e9m na cidade de Marac\u00e1s &#8211; P\u00e9 de Serra; e 27 para o curso T\u00e9cnico em Vendas que acontece no Campus Santa In\u00eas.<\/p>\n\n\n\n<p>As inscri\u00e7\u00f5es, exclusivamente <em>online<\/em>, aconteceram atrav\u00e9s da manifesta\u00e7\u00e3o de interesse e ordem de recebimento do e-mail, conforme consta no <a href=\"https:\/\/concurso.ifbaiano.edu.br\/portal\/ingresso-subsequente-ead-santa-ines-fevereiro-2024\/wp-content\/uploads\/sites\/959\/2024\/03\/EDITAL-No-11-2024-Vagas-Remanescentes-EAD.pdf\">Edital<\/a>. Poderiam se inscrever, o(a) candidato(a) com o ensino m\u00e9dio conclu\u00eddo at\u00e9 a data de inscri\u00e7\u00e3o\/matr\u00edcula. <\/p>\n\n\n\n<p>D\u00favidas sobre o processo seletivo devem ser encaminhadas para o&nbsp;<em>e-mail&nbsp;<\/em>prosel.ead2024@gmail.com<\/p>\n\n\n\n<hr class=\"wp-block-separator has-alpha-channel-opacity\" \/>\n\n\n\n<h2 class=\"wp-block-heading\"><strong>Documentos\/Etapas desse Processo Seletivo<\/strong><\/h2>\n\n\n\n<ul>\n<li><a href=\"https:\/\/concurso.ifbaiano.edu.br\/portal\/ingresso-subsequente-ead-santa-ines-fevereiro-2024\/wp-content\/uploads\/sites\/959\/2024\/03\/EDITAL-No-11-2024-Vagas-Remanescentes-EAD.pdf\">Edital n\u00ba 11<\/a><\/li>\n\n\n\n<li><a href=\"https:\/\/concurso.ifbaiano.edu.br\/portal\/ingresso-subsequente-ead-santa-ines-fevereiro-2024\/wp-content\/uploads\/sites\/959\/2024\/02\/ANEXO-VI-ficha-de-matricula.pdf\">Ficha de Inscri\u00e7\u00e3o<\/a><\/li>\n\n\n\n<li><a href=\"https:\/\/www.ifbaiano.edu.br\/unidades\/santaines\/files\/2024\/04\/Listagem-dos-Candidatos-Aptos-para-Matricula-Vagas-Remanescentes-Edital-no-11.pdf\">Listagem dos Candidatos Aptos para Matr\u00edcula &#8211; Vagas Remanescentes &#8211; Edital n\u00ba 11<\/a><\/li>\n\n\n\n<li><a href=\"https:\/\/www.ifbaiano.edu.br\/unidades\/santaines\/files\/2024\/04\/Errata-listagem-candidatos-aptos-remanescentes-Edital-no-11-EaD.pdf\">Errata &#8211; Listagem dos candidatos aptos para matr\u00edcula<\/a><\/li>\n\n\n\n<li><a href=\"https:\/\/www.ifbaiano.edu.br\/unidades\/santaines\/files\/2024\/06\/Errata-listagem-candidatos-aptos-remanescentes-edital-11-nomes-faltantes.pdf\">Errata listagem candidatos aptos remanescentes<\/a><\/li>\n\n\n\n<li><a href=\"https:\/\/www.ifbaiano.edu.br\/unidades\/santaines\/files\/2024\/07\/listagem-complementar-prosel-ead-edital-11.pdf\">Lista complementar de estudantes matriculados<\/a><\/li>\n<\/ul>\n","protected":false},"excerpt":{"rendered":"<p>Inscri\u00e7\u00f5es nos dias 26 e 27 de mar\u00e7o de 2024<\/p>\n","protected":false},"author":86,"featured_media":18135,"comment_status":"closed","ping_status":"closed","sticky":false,"template":"","format":"standard","meta":[],"categories":[4,5,57],"tags":[],"_links":{"self":[{"href":"https:\/\/www.ifbaiano.edu.br\/unidades\/santaines\/wp-json\/wp\/v2\/posts\/20948"}],"collection":[{"href":"https:\/\/www.ifbaiano.edu.br\/unidades\/santaines\/wp-json\/wp\/v2\/posts"}],"about":[{"href":"https:\/\/www.ifbaiano.edu.br\/unidades\/santaines\/wp-json\/wp\/v2\/types\/post"}],"author":[{"embeddable":true,"href":"https:\/\/www.ifbaiano.edu.br\/unidades\/santaines\/wp-json\/wp\/v2\/users\/86"}],"replies":[{"embeddable":true,"href":"https:\/\/www.ifbaiano.edu.br\/unidades\/santaines\/wp-json\/wp\/v2\/comments?post=20948"}],"version-history":[{"count":14,"href":"https:\/\/www.ifbaiano.edu.br\/unidades\/santaines\/wp-json\/wp\/v2\/posts\/20948\/revisions"}],"predecessor-version":[{"id":21519,"href":"https:\/\/www.ifbaiano.edu.br\/unidades\/santaines\/wp-json\/wp\/v2\/posts\/20948\/revisions\/21519"}],"wp:featuredmedia":[{"embeddable":true,"href":"https:\/\/www.ifbaiano.edu.br\/unidades\/santaines\/wp-json\/wp\/v2\/media\/18135"}],"wp:attachment":[{"href":"https:\/\/www.ifbaiano.edu.br\/unidades\/santaines\/wp-json\/wp\/v2\/media?parent=20948"}],"wp:term":[{"taxonomy":"category","embeddable":true,"href":"https:\/\/www.ifbaiano.edu.br\/unidades\/santaines\/wp-json\/wp\/v2\/categories?post=20948"},{"taxonomy":"post_tag","embeddable":true,"href":"https:\/\/www.ifbaiano.edu.br\/unidades\/santaines\/wp-json\/wp\/v2\/tags?post=20948"}],"curies":[{"name":"wp","href":"https:\/\/api.w.org\/{rel}","templated":true}]}}