{"id":21036,"date":"2024-04-12T16:31:06","date_gmt":"2024-04-12T19:31:06","guid":{"rendered":"https:\/\/www.ifbaiano.edu.br\/unidades\/santaines\/?p=21036"},"modified":"2024-04-12T16:39:05","modified_gmt":"2024-04-12T19:39:05","slug":"campus-santa-ines-recebe-turma-de-estudantes-e-mediadores-do-polo-ead-maracas-porto-alegre-do-curso-tecnico-em-vendas","status":"publish","type":"post","link":"https:\/\/www.ifbaiano.edu.br\/unidades\/santaines\/campus-santa-ines-recebe-turma-de-estudantes-e-mediadores-do-polo-ead-maracas-porto-alegre-do-curso-tecnico-em-vendas\/","title":{"rendered":"Campus Santa In\u00eas recebe turma de estudantes e mediadores do Polo EaD Marac\u00e1s\/Porto Alegre do Curso T\u00e9cnico em Vendas"},"content":{"rendered":"\n<p>No dia\u00a05 de abril\u00a0de 2024 o Campus Santa In\u00eas recebeu, pela primeira vez, uma turma de estudantes e mediadores da comunidade de Porto Alegre que fazem o curso T\u00e9cnico em Vendas, ofertado pelo Campus, no Polo Marac\u00e1s.\u00a0\u00a0<\/p>\n\n\n\n<p>Os estudantes foram recebidos pelas professoras Genilda Lima, Diretora Geral do Campus, Cl\u00e1udia Bocchese, Coordenadora do Curso EaD no Campus,\u00a0 Tharcilla Pess\u00f4a, Coordenadora de Ensino, Silvia Pereira, Coordenadora do Curso de Vendas e pelo Revisor de Texto em Braile, Edson Vicente dos Santos.<\/p>\n\n\n\n<p>Reunidos no Audit\u00f3rio, as falas da equipe foram de acolhimento e sentimento de alegria pela import\u00e2ncia do momento, e nas palavras da professora Genilda Lima, &#8220;mesmo distantes fisicamente e sem o contato di\u00e1rio no Campus, os alunos da EaD pertencem a essa casa&#8221;. A vinda dos estudantes de Marac\u00e1s, segundo a professora Genilda, fortalece, ainda mais, os la\u00e7os de parceria do IF Baiano &#8211; Campus Santa In\u00eas com a Secretaria de Educa\u00e7\u00e3o de Marac\u00e1s, respons\u00e1vel pelo transporte desses at\u00e9 o Campus.<\/p>\n\n\n\n<p>A mediadora\u00a0Ros\u00e2ngela\u00a0Oliveira, moradora da comunidade de Porto Alegre, destacou que o sucesso da turma se deve, em parte, a\u00a0comunica\u00e7\u00e3o eficaz\u00a0com a equipe do campus: &#8220;A prontid\u00e3o em responder \u00e0s d\u00favidas e a intera\u00e7\u00e3o constante com o grupo de estudantes, contribu\u00edram significativamente para o progresso e a perman\u00eancia dos alunos no curso&#8221;. Ros\u00e2ngela destacou que &#8220;essa colabora\u00e7\u00e3o entre mediadores e estudantes \u00e9 fundamental para um ambiente educacional saud\u00e1vel e produtivo&#8221;.<\/p>\n\n\n\n<figure class=\"wp-block-gallery has-nested-images columns-default is-cropped wp-block-gallery-1 is-layout-flex\">\n<figure class=\"wp-block-image size-large\"><a href=\"https:\/\/www.ifbaiano.edu.br\/unidades\/santaines\/files\/2024\/04\/WhatsApp-Image-2024-04-05-at-16.34.28.jpeg\"><img decoding=\"async\" loading=\"lazy\" width=\"1600\" height=\"1200\" data-id=\"21039\"  src=\"https:\/\/www.ifbaiano.edu.br\/unidades\/santaines\/files\/2024\/04\/WhatsApp-Image-2024-04-05-at-16.34.28.jpeg\" alt=\"\" class=\"wp-image-21039\" \/><\/a><\/figure>\n\n\n\n<figure class=\"wp-block-image size-large\"><a href=\"https:\/\/www.ifbaiano.edu.br\/unidades\/santaines\/files\/2024\/04\/WhatsApp-Image-2024-04-05-at-16.34.40.jpeg\"><img decoding=\"async\" loading=\"lazy\" width=\"1600\" height=\"1200\" data-id=\"21040\"  src=\"https:\/\/www.ifbaiano.edu.br\/unidades\/santaines\/files\/2024\/04\/WhatsApp-Image-2024-04-05-at-16.34.40.jpeg\" alt=\"\" class=\"wp-image-21040\" \/><\/a><\/figure>\n\n\n\n<figure class=\"wp-block-image size-large\"><a href=\"https:\/\/www.ifbaiano.edu.br\/unidades\/santaines\/files\/2024\/04\/WhatsApp-Image-2024-04-05-at-22.15.49.jpeg\"><img decoding=\"async\" loading=\"lazy\" width=\"1600\" height=\"1200\" data-id=\"21041\"  src=\"https:\/\/www.ifbaiano.edu.br\/unidades\/santaines\/files\/2024\/04\/WhatsApp-Image-2024-04-05-at-22.15.49.jpeg\" alt=\"\" class=\"wp-image-21041\" \/><\/a><\/figure>\n<\/figure>\n\n\n\n<p>Conclu\u00eddo esse momento, os estudantes tiveram a oportunidade de conhecer as instala\u00e7\u00f5es do Campus. Conduzidos pela equipe, foi feita uma visita aos setores de horticultura, suinocultura, bovinocultura, caprinocultura, biblioteca e resid\u00eancias dos(as) estudantes. A manh\u00e3 foi finalizada com almo\u00e7o no refeit\u00f3rio do Campus.<\/p>\n\n\n\n<p>\u00c0 tarde, ap\u00f3s o almo\u00e7o, os(as) estudantes visitantes participaram de uma oficina de inform\u00e1tica, ministrada pela Coordenadora do Curso, professora Cl\u00e1udia Bocchese, sobre a cria\u00e7\u00e3o de cards para Instagram, usando a ferramenta Canva. Houve um dado momento em que os alunos expressaram, para a coordenadora do curso, suas vontades em realizarem a solenidade de formatura na comunidade de Porto Alegre e relataram que contam com o IF Baiano para essa a\u00e7\u00e3o.<\/p>\n\n\n\n<p>Segundo a professora Cl\u00e1udia, a parceria do IF Baiano &#8211; Campus Santa In\u00eas com a Secretaria de Educa\u00e7\u00e3o do Munic\u00edpio de Marac\u00e1s foi firmado no ano de 2016 e tem oportunizado a forma\u00e7\u00e3o t\u00e9cnica, tanto dos moradores da zona urbana quanto das comunidades de P\u00e9 de Serra e de Porto Alegre.&nbsp; O Curso T\u00e9cnico em Vendas \u00e9 um curso na modalidade de Educa\u00e7\u00e3o a Dist\u00e2ncia &#8211; EaD, ofertado de forma semipresencial, com um encontro semanal presencial. O curso \u00e9 aberto ao p\u00fablico em geral e tem um ano de dura\u00e7\u00e3o.<\/p>\n\n\n\n<div class=\"wp-block-media-text alignwide is-stacked-on-mobile\" style=\"grid-template-columns:54% auto\"><figure class=\"wp-block-media-text__media\"><img decoding=\"async\" loading=\"lazy\" width=\"1052\" height=\"780\" src=\"https:\/\/www.ifbaiano.edu.br\/unidades\/santaines\/files\/2024\/04\/WhatsApp-Image-2024-04-09-at-10.00.10.jpeg\" alt=\"\" class=\"wp-image-21042 size-full\" \/><\/figure><div class=\"wp-block-media-text__content\">\n<p>Como finaliza\u00e7\u00e3o cultural da visita, os(as) estudantes dirigiram-se ao centro da cidade para conhecer o trabalho do paleoartista Anilson Borges, autor de diversas pe\u00e7as de dinossauros, em tamanho real, expostas em v\u00e1rios pontos da cidade. Para a professora Cl\u00e1udia, essa visita ao centro da cidade foi tamb\u00e9m importante para eles conhecerem a cidade onde o Campus est\u00e1 situada, al\u00e9m de que, de acordo com a professora, &#8220;esse momento proporcionou uma \u00a0experi\u00eancia cultural e art\u00edstica positiva nos visitantes&#8221;. Finalizou.<\/p>\n<\/div><\/div>\n\n\n\n<hr class=\"wp-block-separator has-alpha-channel-opacity\" \/>\n","protected":false},"excerpt":{"rendered":"<p>No dia\u00a05 de abril\u00a0de 2024 o Campus Santa In\u00eas recebeu, pela primeira vez, uma turma de estudantes e mediadores da comunidade de Porto Alegre que fazem o curso T\u00e9cnico em Vendas, ofertado pelo Campus, no Polo Marac\u00e1s.\u00a0\u00a0 Os estudantes foram recebidos pelas professoras Genilda Lima, Diretora Geral do Campus, Cl\u00e1udia Bocchese, Coordenadora do Curso EaD [&hellip;]<\/p>\n","protected":false},"author":86,"featured_media":21043,"comment_status":"closed","ping_status":"closed","sticky":false,"template":"","format":"standard","meta":[],"categories":[5,57],"tags":[],"_links":{"self":[{"href":"https:\/\/www.ifbaiano.edu.br\/unidades\/santaines\/wp-json\/wp\/v2\/posts\/21036"}],"collection":[{"href":"https:\/\/www.ifbaiano.edu.br\/unidades\/santaines\/wp-json\/wp\/v2\/posts"}],"about":[{"href":"https:\/\/www.ifbaiano.edu.br\/unidades\/santaines\/wp-json\/wp\/v2\/types\/post"}],"author":[{"embeddable":true,"href":"https:\/\/www.ifbaiano.edu.br\/unidades\/santaines\/wp-json\/wp\/v2\/users\/86"}],"replies":[{"embeddable":true,"href":"https:\/\/www.ifbaiano.edu.br\/unidades\/santaines\/wp-json\/wp\/v2\/comments?post=21036"}],"version-history":[{"count":8,"href":"https:\/\/www.ifbaiano.edu.br\/unidades\/santaines\/wp-json\/wp\/v2\/posts\/21036\/revisions"}],"predecessor-version":[{"id":21054,"href":"https:\/\/www.ifbaiano.edu.br\/unidades\/santaines\/wp-json\/wp\/v2\/posts\/21036\/revisions\/21054"}],"wp:featuredmedia":[{"embeddable":true,"href":"https:\/\/www.ifbaiano.edu.br\/unidades\/santaines\/wp-json\/wp\/v2\/media\/21043"}],"wp:attachment":[{"href":"https:\/\/www.ifbaiano.edu.br\/unidades\/santaines\/wp-json\/wp\/v2\/media?parent=21036"}],"wp:term":[{"taxonomy":"category","embeddable":true,"href":"https:\/\/www.ifbaiano.edu.br\/unidades\/santaines\/wp-json\/wp\/v2\/categories?post=21036"},{"taxonomy":"post_tag","embeddable":true,"href":"https:\/\/www.ifbaiano.edu.br\/unidades\/santaines\/wp-json\/wp\/v2\/tags?post=21036"}],"curies":[{"name":"wp","href":"https:\/\/api.w.org\/{rel}","templated":true}]}}