{"id":21061,"date":"2024-04-16T13:24:48","date_gmt":"2024-04-16T16:24:48","guid":{"rendered":"https:\/\/www.ifbaiano.edu.br\/unidades\/santaines\/?p=21061"},"modified":"2024-04-16T13:24:49","modified_gmt":"2024-04-16T16:24:49","slug":"acontecem-esta-semana-no-campus-santa-ines-os-jogos-do-instituto-federal-baiano-campus-santa-jisfi-2024","status":"publish","type":"post","link":"https:\/\/www.ifbaiano.edu.br\/unidades\/santaines\/acontecem-esta-semana-no-campus-santa-ines-os-jogos-do-instituto-federal-baiano-campus-santa-jisfi-2024\/","title":{"rendered":"Acontecem esta semana, no Campus Santa In\u00eas, os Jogos do Instituto Federal Baiano &#8211; Campus Santa (JISFI-2024)"},"content":{"rendered":"\n<p>Ontem, 15, \u00e0s 09h45min, na quadra poliesportiva do IF Baiano- Campus Santa In\u00eas, aconteceu a abertura dos Jogos do Instituto Federal Baiano &#8211; Campus Santa In\u00eas \u2013 JIFSI 2024. Ap\u00f3s a concentra\u00e7\u00e3o das torcidas e suas respectivas chegadas ao espa\u00e7o da arquibancada, a professora Marline Melo, Mestre de Cerim\u00f4nia, iniciou o evento fazendo a leitura do seguinte texto adaptado: \u201cNossa alma \u00e9 a bola&#8230; O nosso lugar \u00e9 a quadra&#8230; O nosso caminho \u00e9 o arremesso&#8230; A nossa companheira \u00e9 a torcida&#8230; O nosso amigo \u00e9 o t\u00eanis e a garrafinha de \u00e1gua\u2026 A nossa uni\u00e3o \u00e9 o time&#8230; O nosso desejo \u00e9 a vit\u00f3ria&#8230; O nosso rem\u00e9dio \u00e9 o suor&#8230; O nosso imprevisto \u00e9 o marcador&#8230; O nosso sonho \u00e9 o titulo&#8230; O nosso verbo \u00e9 ganhar&#8230; A nossa fala \u00e9 o grito&#8230; O nosso espirito \u00e9 o JIFSI!\u201d<\/p>\n\n\n\n<figure class=\"wp-block-gallery has-nested-images columns-default is-cropped wp-block-gallery-1 is-layout-flex\">\n<figure class=\"wp-block-image size-large\"><a href=\"https:\/\/www.ifbaiano.edu.br\/unidades\/santaines\/files\/2024\/04\/IMG_8859.jpg\"><img decoding=\"async\" loading=\"lazy\" width=\"6000\" height=\"4000\" data-id=\"21072\"  src=\"https:\/\/www.ifbaiano.edu.br\/unidades\/santaines\/files\/2024\/04\/IMG_8859.jpg\" alt=\"\" class=\"wp-image-21072\" \/><\/a><\/figure>\n\n\n\n<figure class=\"wp-block-image size-large\"><a href=\"https:\/\/www.ifbaiano.edu.br\/unidades\/santaines\/files\/2024\/04\/IMG_8871.jpg\"><img decoding=\"async\" loading=\"lazy\" width=\"6000\" height=\"4000\" data-id=\"21076\"  src=\"https:\/\/www.ifbaiano.edu.br\/unidades\/santaines\/files\/2024\/04\/IMG_8871.jpg\" alt=\"\" class=\"wp-image-21076\" \/><\/a><\/figure>\n\n\n\n<figure class=\"wp-block-image size-large\"><a href=\"https:\/\/www.ifbaiano.edu.br\/unidades\/santaines\/files\/2024\/04\/IMG_8815.jpg\"><img decoding=\"async\" loading=\"lazy\" width=\"6000\" height=\"4000\" data-id=\"21069\"  src=\"https:\/\/www.ifbaiano.edu.br\/unidades\/santaines\/files\/2024\/04\/IMG_8815.jpg\" alt=\"\" class=\"wp-image-21069\" \/><\/a><\/figure>\n<\/figure>\n\n\n\n<p>Em seguida, o Diretor Acad\u00eamico, professor Andr\u00e9 Leonardo, leu o pronunciamento oficial da Diretora Geral, professora Genilda Lima que, mesmo ausente, por quest\u00f5es de sa\u00fade, encaminhou uma mensagem a todos os estudantes: \u201cDesejo um bom desempenho aos atletas que ir\u00e3o abrilhantar o evento com suas habilidades, em todas as modalidades esportivas a serem disputadas no JIFSI 2024. Pe\u00e7o que as torcidas possam apoiar os atletas de seus cursos com alegria, motiva\u00e7\u00e3o, integra\u00e7\u00e3o e principalmente com \u00e9tica e respeito. Aproveito, tamb\u00e9m, para parabenizar e agradecer a comiss\u00e3o organizadora pelo trabalho desenvolvido para a organiza\u00e7\u00e3o dos Jogos e a todos os servidores envolvidos. E assim desejo que tenhamos um excelente Jogos do Instituto Federal Baiano &#8211; Campus Santa In\u00eas.\u201d<\/p>\n\n\n\n<p>Logo depois, as delega\u00e7\u00f5es, os monitores e a Comiss\u00e3o organizadora foram convidadas para se apresentarem. As equipes entraram com suas delega\u00e7\u00f5es, cada equipe acompanhada por seus \u201cgritos de guerra\u201d e mascotes. O <a href=\"https:\/\/youtu.be\/gpH1xRd1F_w?si=hhtSXTLQwz-Ctokd\">Hino Nacional<\/a> foi executado em uma vers\u00e3o com ritmos brasileiros e depois a presidente da comiss\u00e3o organizadora, professora Dolores Assaritti, fez uma fala sobre a import\u00e2ncia do respeito \u00e0s regras e ao outro durante as atividades.<\/p>\n\n\n\n<figure class=\"wp-block-gallery has-nested-images columns-default is-cropped wp-block-gallery-3 is-layout-flex\">\n<figure class=\"wp-block-image size-large\"><a href=\"https:\/\/www.ifbaiano.edu.br\/unidades\/santaines\/files\/2024\/04\/IMG_8908.jpg\"><img decoding=\"async\" loading=\"lazy\" width=\"6000\" height=\"4000\" data-id=\"21079\"  src=\"https:\/\/www.ifbaiano.edu.br\/unidades\/santaines\/files\/2024\/04\/IMG_8908.jpg\" alt=\"\" class=\"wp-image-21079\" \/><\/a><\/figure>\n\n\n\n<figure class=\"wp-block-image size-large\"><a href=\"https:\/\/www.ifbaiano.edu.br\/unidades\/santaines\/files\/2024\/04\/7a982cd8-9589-4c66-aea9-c44efae4dc5b.jpg\"><img decoding=\"async\" loading=\"lazy\" width=\"1600\" height=\"900\" data-id=\"21095\"  src=\"https:\/\/www.ifbaiano.edu.br\/unidades\/santaines\/files\/2024\/04\/7a982cd8-9589-4c66-aea9-c44efae4dc5b.jpg\" alt=\"\" class=\"wp-image-21095\" \/><\/a><\/figure>\n\n\n\n<figure class=\"wp-block-image size-large\"><a href=\"https:\/\/www.ifbaiano.edu.br\/unidades\/santaines\/files\/2024\/04\/IMG_8916.jpg\"><img decoding=\"async\" loading=\"lazy\" width=\"6000\" height=\"4000\" data-id=\"21080\"  src=\"https:\/\/www.ifbaiano.edu.br\/unidades\/santaines\/files\/2024\/04\/IMG_8916.jpg\" alt=\"\" class=\"wp-image-21080\" \/><\/a><\/figure>\n\n\n\n<figure class=\"wp-block-image size-large\"><a href=\"https:\/\/www.ifbaiano.edu.br\/unidades\/santaines\/files\/2024\/04\/IMG_8866.jpg\"><img decoding=\"async\" loading=\"lazy\" width=\"6000\" height=\"4000\" data-id=\"21073\"  src=\"https:\/\/www.ifbaiano.edu.br\/unidades\/santaines\/files\/2024\/04\/IMG_8866.jpg\" alt=\"\" class=\"wp-image-21073\" \/><\/a><\/figure>\n\n\n\n<figure class=\"wp-block-image size-large\"><a href=\"https:\/\/www.ifbaiano.edu.br\/unidades\/santaines\/files\/2024\/04\/IMG_8870.jpg\"><img decoding=\"async\" loading=\"lazy\" width=\"6000\" height=\"4000\" data-id=\"21075\"  src=\"https:\/\/www.ifbaiano.edu.br\/unidades\/santaines\/files\/2024\/04\/IMG_8870.jpg\" alt=\"\" class=\"wp-image-21075\" \/><\/a><\/figure>\n\n\n\n<figure class=\"wp-block-image size-large\"><a href=\"https:\/\/www.ifbaiano.edu.br\/unidades\/santaines\/files\/2024\/04\/IMG_8884.jpg\"><img decoding=\"async\" loading=\"lazy\" width=\"6000\" height=\"4000\" data-id=\"21077\"  src=\"https:\/\/www.ifbaiano.edu.br\/unidades\/santaines\/files\/2024\/04\/IMG_8884.jpg\" alt=\"\" class=\"wp-image-21077\" \/><\/a><\/figure>\n<\/figure>\n\n\n\n<p>Por fim, houve a condu\u00e7\u00e3o da Tocha Ol\u00edmpica por todas as equipes at\u00e9 a pira Ol\u00edmpica, que foi acessa. A aluna Graziele leu o juramento dos atletas e os jogos foram declarados oficialmente abertos pelo Diretor Acad\u00eamico, professor Andr\u00e9 Leonardo, representando a Diretora Geral. O encerramento da abertura ocorreu ap\u00f3s a apresenta\u00e7\u00e3o do grupo de dan\u00e7a \u201cShooting Stars\u201d e o sorteio para a forma\u00e7\u00e3o das chaves dos jogos que acontecem durante a semana.<\/p>\n\n\n\n<figure class=\"wp-block-gallery has-nested-images columns-default is-cropped wp-block-gallery-5 is-layout-flex\">\n<figure class=\"wp-block-image size-large\"><a href=\"https:\/\/www.ifbaiano.edu.br\/unidades\/santaines\/files\/2024\/04\/IMG_8933.jpg\"><img decoding=\"async\" loading=\"lazy\" width=\"6000\" height=\"4000\" data-id=\"21081\"  src=\"https:\/\/www.ifbaiano.edu.br\/unidades\/santaines\/files\/2024\/04\/IMG_8933.jpg\" alt=\"\" class=\"wp-image-21081\" \/><\/a><\/figure>\n\n\n\n<figure class=\"wp-block-image size-large\"><a href=\"https:\/\/www.ifbaiano.edu.br\/unidades\/santaines\/files\/2024\/04\/Capa.jpg\"><img decoding=\"async\" loading=\"lazy\" width=\"6000\" height=\"3316\" data-id=\"21096\"  src=\"https:\/\/www.ifbaiano.edu.br\/unidades\/santaines\/files\/2024\/04\/Capa.jpg\" alt=\"\" class=\"wp-image-21096\" \/><\/a><\/figure>\n\n\n\n<figure class=\"wp-block-image size-large\"><a href=\"https:\/\/www.ifbaiano.edu.br\/unidades\/santaines\/files\/2024\/04\/IMG_8934.jpg\"><img decoding=\"async\" loading=\"lazy\" width=\"6000\" height=\"4000\" data-id=\"21082\"  src=\"https:\/\/www.ifbaiano.edu.br\/unidades\/santaines\/files\/2024\/04\/IMG_8934.jpg\" alt=\"\" class=\"wp-image-21082\" \/><\/a><\/figure>\n\n\n\n<figure class=\"wp-block-image size-large\"><a href=\"https:\/\/www.ifbaiano.edu.br\/unidades\/santaines\/files\/2024\/04\/IMG_9167.jpg\"><img decoding=\"async\" loading=\"lazy\" width=\"6000\" height=\"4000\" data-id=\"21091\"  src=\"https:\/\/www.ifbaiano.edu.br\/unidades\/santaines\/files\/2024\/04\/IMG_9167.jpg\" alt=\"\" class=\"wp-image-21091\" \/><\/a><\/figure>\n\n\n\n<figure class=\"wp-block-image size-large\"><a href=\"https:\/\/www.ifbaiano.edu.br\/unidades\/santaines\/files\/2024\/04\/IMG_8677.jpg\"><img decoding=\"async\" loading=\"lazy\" width=\"6000\" height=\"4000\" data-id=\"21064\"  src=\"https:\/\/www.ifbaiano.edu.br\/unidades\/santaines\/files\/2024\/04\/IMG_8677.jpg\" alt=\"\" class=\"wp-image-21064\" \/><\/a><\/figure>\n\n\n\n<figure class=\"wp-block-image size-large\"><a href=\"https:\/\/www.ifbaiano.edu.br\/unidades\/santaines\/files\/2024\/04\/IMG_9026.jpg\"><img decoding=\"async\" loading=\"lazy\" width=\"4000\" height=\"6000\" data-id=\"21089\"  src=\"https:\/\/www.ifbaiano.edu.br\/unidades\/santaines\/files\/2024\/04\/IMG_9026.jpg\" alt=\"\" class=\"wp-image-21089\" \/><\/a><\/figure>\n\n\n\n<figure class=\"wp-block-image size-large\"><a href=\"https:\/\/www.ifbaiano.edu.br\/unidades\/santaines\/files\/2024\/04\/IMG_8826.jpg\"><img decoding=\"async\" loading=\"lazy\" width=\"6000\" height=\"4000\" data-id=\"21071\"  src=\"https:\/\/www.ifbaiano.edu.br\/unidades\/santaines\/files\/2024\/04\/IMG_8826.jpg\" alt=\"\" class=\"wp-image-21071\" \/><\/a><\/figure>\n<\/figure>\n\n\n\n<p>Para o professor Andr\u00e9 Leonardo a realiza\u00e7\u00e3o do JIFSI vai muito al\u00e9m da pr\u00e1tica esportiva. \u201cOs jogos estimulam o trabalho em equipe, a disciplina, a supera\u00e7\u00e3o de desafios e a socializa\u00e7\u00e3o entre os estudantes. Al\u00e9m de proporcionar uma viv\u00eancia l\u00fadica que permite aos estudantes desenvolver habilidades cognitivas e emocionais\u201d afirma.<\/p>\n\n\n\n<p>A <a href=\"https:\/\/www.ifbaiano.edu.br\/unidades\/santaines\/files\/2024\/04\/PROGRAMACAO-JIFSI-2024.pdf\">programa\u00e7\u00e3o dos jogos<\/a> segue durante a semana.<\/p>\n\n\n\n<h2 class=\"wp-block-heading\"><strong>SOBRE O JIFSI<\/strong><\/h2>\n\n\n\n<p>O JIFSI 2024 conta com diferentes modalidades, sendo: cinco modalidades coletivas (futsal, voleibol, Handebol, basquetebol e baleado); duas modalidades em duplas (domin\u00f3 &#8211; dupla mista) e v\u00f4lei de areia; e seis modalidades individuais (t\u00eanis de mesa, maratona 3 km, corrida de 100 m, corrida de 800 m, xadrez, e dama).<\/p>\n\n\n\n<p>Os estudantes s\u00e3o organizados em equipes que se dividem nos diferentes cursos do Ensino Profissional T\u00e9cnico de N\u00edvel M\u00e9dio \u2013 EPTNM. Atualmente s\u00e3o tr\u00eas equipes: T\u00e9cnico em Agropecu\u00e1ria (Equipe Agroelite); T\u00e9cnico em Alimentos\/T\u00e9cnico em Inform\u00e1tica (Equipe Alitormento), T\u00e9cnico em Zootecnia (Equipe Zooterror).<\/p>\n\n\n\n<figure class=\"wp-block-gallery has-nested-images columns-default is-cropped wp-block-gallery-7 is-layout-flex\">\n<figure class=\"wp-block-image size-large\"><a href=\"https:\/\/www.ifbaiano.edu.br\/unidades\/santaines\/files\/2024\/04\/Comissao-1.jpg\"><img decoding=\"async\" loading=\"lazy\" width=\"1200\" height=\"1304\" data-id=\"21099\"  src=\"https:\/\/www.ifbaiano.edu.br\/unidades\/santaines\/files\/2024\/04\/Comissao-1.jpg\" alt=\"\" class=\"wp-image-21099\" \/><\/a><\/figure>\n\n\n\n<figure class=\"wp-block-image size-large\"><a href=\"https:\/\/www.ifbaiano.edu.br\/unidades\/santaines\/files\/2024\/04\/5fb5f668-3bd5-4482-9a41-bae8338a3c12-1.jpg\"><img decoding=\"async\" loading=\"lazy\" width=\"1539\" height=\"860\" data-id=\"21100\"  src=\"https:\/\/www.ifbaiano.edu.br\/unidades\/santaines\/files\/2024\/04\/5fb5f668-3bd5-4482-9a41-bae8338a3c12-1.jpg\" alt=\"\" class=\"wp-image-21100\" \/><\/a><\/figure>\n\n\n\n<figure class=\"wp-block-image size-large\"><a href=\"https:\/\/www.ifbaiano.edu.br\/unidades\/santaines\/files\/2024\/04\/Monitores-2.jpg\"><img decoding=\"async\" loading=\"lazy\" width=\"1200\" height=\"1090\" data-id=\"21098\"  src=\"https:\/\/www.ifbaiano.edu.br\/unidades\/santaines\/files\/2024\/04\/Monitores-2.jpg\" alt=\"\" class=\"wp-image-21098\" \/><\/a><\/figure>\n<\/figure>\n\n\n\n<hr class=\"wp-block-separator has-alpha-channel-opacity\" \/>\n","protected":false},"excerpt":{"rendered":"<p>Ontem, 15, \u00e0s 09h45min, na quadra poliesportiva do IF Baiano- Campus Santa In\u00eas, aconteceu a abertura dos Jogos do Instituto Federal Baiano &#8211; Campus Santa In\u00eas \u2013 JIFSI 2024. Ap\u00f3s a concentra\u00e7\u00e3o das torcidas e suas respectivas chegadas ao espa\u00e7o da arquibancada, a professora Marline Melo, Mestre de Cerim\u00f4nia, iniciou o evento fazendo a leitura [&hellip;]<\/p>\n","protected":false},"author":86,"featured_media":21096,"comment_status":"closed","ping_status":"closed","sticky":false,"template":"","format":"standard","meta":[],"categories":[4,5,37,57],"tags":[],"_links":{"self":[{"href":"https:\/\/www.ifbaiano.edu.br\/unidades\/santaines\/wp-json\/wp\/v2\/posts\/21061"}],"collection":[{"href":"https:\/\/www.ifbaiano.edu.br\/unidades\/santaines\/wp-json\/wp\/v2\/posts"}],"about":[{"href":"https:\/\/www.ifbaiano.edu.br\/unidades\/santaines\/wp-json\/wp\/v2\/types\/post"}],"author":[{"embeddable":true,"href":"https:\/\/www.ifbaiano.edu.br\/unidades\/santaines\/wp-json\/wp\/v2\/users\/86"}],"replies":[{"embeddable":true,"href":"https:\/\/www.ifbaiano.edu.br\/unidades\/santaines\/wp-json\/wp\/v2\/comments?post=21061"}],"version-history":[{"count":1,"href":"https:\/\/www.ifbaiano.edu.br\/unidades\/santaines\/wp-json\/wp\/v2\/posts\/21061\/revisions"}],"predecessor-version":[{"id":21101,"href":"https:\/\/www.ifbaiano.edu.br\/unidades\/santaines\/wp-json\/wp\/v2\/posts\/21061\/revisions\/21101"}],"wp:featuredmedia":[{"embeddable":true,"href":"https:\/\/www.ifbaiano.edu.br\/unidades\/santaines\/wp-json\/wp\/v2\/media\/21096"}],"wp:attachment":[{"href":"https:\/\/www.ifbaiano.edu.br\/unidades\/santaines\/wp-json\/wp\/v2\/media?parent=21061"}],"wp:term":[{"taxonomy":"category","embeddable":true,"href":"https:\/\/www.ifbaiano.edu.br\/unidades\/santaines\/wp-json\/wp\/v2\/categories?post=21061"},{"taxonomy":"post_tag","embeddable":true,"href":"https:\/\/www.ifbaiano.edu.br\/unidades\/santaines\/wp-json\/wp\/v2\/tags?post=21061"}],"curies":[{"name":"wp","href":"https:\/\/api.w.org\/{rel}","templated":true}]}}