{"id":21113,"date":"2024-04-18T20:04:08","date_gmt":"2024-04-18T23:04:08","guid":{"rendered":"https:\/\/www.ifbaiano.edu.br\/unidades\/santaines\/?p=21113"},"modified":"2026-03-11T15:48:41","modified_gmt":"2026-03-11T18:48:41","slug":"nota-informativa-adesao-dos-servidores-a-greve-nacional","status":"publish","type":"post","link":"https:\/\/www.ifbaiano.edu.br\/unidades\/santaines\/nota-informativa-adesao-dos-servidores-a-greve-nacional\/","title":{"rendered":"Nota Informativa: Ades\u00e3o dos servidores \u00e0 greve nacional"},"content":{"rendered":"\n<p>Informamos a toda a comunidade que, ap\u00f3s assembleia local do Instituto Federal Baiano Campus Santa In\u00eas, realizada no dia 17 de abril de 2024, os servidores (categorias Docente e T\u00e9cnico Administrativo em Educa\u00e7\u00e3o) decidiram pela <strong>ades\u00e3o \u00e0 greve nacional a partir do dia 22 de abril de 2024<\/strong>.<\/p>\n\n\n\n<p>A pauta de reivindica\u00e7\u00f5es envolve a melhoria do or\u00e7amento do Instituto, a revoga\u00e7\u00e3o das medidas que afetam a educa\u00e7\u00e3o p\u00fablica, a reestrutura\u00e7\u00e3o das carreiras e a recomposi\u00e7\u00e3o salarial dos(as) servidores(as).<\/p>\n\n\n\n<p>Sendo assim, devido ao movimento grevista, as aulas estar\u00e3o suspensas, por tempo indeterminado, em todos os cursos e modalidades de ensino. Comunicamos tamb\u00e9m, que na data de hoje, 18\/04\/2024, foi realizada uma reuni\u00e3o entre a Gest\u00e3o do Campus e o comando de greve, a fim de alinhar as a\u00e7\u00f5es para a garantia dos servi\u00e7os\/atividades essenciais, conforme definido na legisla\u00e7\u00e3o, entre outras a\u00e7\u00f5es provenientes do movimento. <\/p>\n\n\n\n<p>Neste sentido, aproveitamos a oportunidade para <strong>convidar os pais\/respons\u00e1veis dos discentes dos cursos integrados, para a reuni\u00e3o que ocorrer\u00e1 no dia 22\/04\/2024, \u00e0s 14h, na quadra poliesportiva do Campus<\/strong>.<\/p>\n\n\n\n<p>Esta a\u00e7\u00e3o consiste em um dos pontos acordados com o comando de greve na referida reuni\u00e3o, e visa dar os esclarecimentos necess\u00e1rios sobre o movimento grevista e os seus desdobramentos.<\/p>\n\n\n\n<p>Reafirmamos nosso compromisso com o Campus Santa In\u00eas e com a educa\u00e7\u00e3o p\u00fablica, gratuita e de qualidade. Aos estudantes, pais e respons\u00e1veis, asseguramos a compensa\u00e7\u00e3o das atividades letivas\/acad\u00eamicas e administrativas, ap\u00f3s a finaliza\u00e7\u00e3o da greve e retorno \u00e0s atividades normais.<\/p>\n\n\n\n<p>Todas as informa\u00e7\u00f5es sobre as atividades que ser\u00e3o mantidas no Campus, bem como as informa\u00e7\u00f5es do movimento de greve, ser\u00e3o disponibilizadas na p\u00e1gina institucional.<\/p>\n\n\n\n<p><strong><a href=\"https:\/\/www.ifbaiano.edu.br\/unidades\/santaines\/files\/2024\/04\/Nota-Informativa-Adesao-a-Greve.pdf\">Confira aqui o documento publicado no SUAP<\/a><\/strong><\/p>\n\n\n\n<p>Demais informa\u00e7\u00f5es e\/ou d\u00favidas a respeito do movimento grevista dever\u00e3o ser obtidas junto ao comando de greve local atrav\u00e9s do e-mail: comandogrevecsi@gmail.com.<\/p>\n\n\n\n<hr class=\"wp-block-separator has-alpha-channel-opacity\" \/>\n","protected":false},"excerpt":{"rendered":"<p>Informamos a toda a comunidade que, ap\u00f3s assembleia local do Instituto Federal Baiano Campus Santa In\u00eas, realizada no dia 17 de abril de 2024, os servidores (categorias Docente e T\u00e9cnico Administrativo em Educa\u00e7\u00e3o) decidiram pela ades\u00e3o \u00e0 greve nacional a partir do dia 22 de abril de 2024. A pauta de reivindica\u00e7\u00f5es envolve a melhoria [&hellip;]<\/p>\n","protected":false},"author":86,"featured_media":21125,"comment_status":"closed","ping_status":"closed","sticky":false,"template":"","format":"standard","meta":[],"categories":[4,5,7,10,57],"tags":[],"_links":{"self":[{"href":"https:\/\/www.ifbaiano.edu.br\/unidades\/santaines\/wp-json\/wp\/v2\/posts\/21113"}],"collection":[{"href":"https:\/\/www.ifbaiano.edu.br\/unidades\/santaines\/wp-json\/wp\/v2\/posts"}],"about":[{"href":"https:\/\/www.ifbaiano.edu.br\/unidades\/santaines\/wp-json\/wp\/v2\/types\/post"}],"author":[{"embeddable":true,"href":"https:\/\/www.ifbaiano.edu.br\/unidades\/santaines\/wp-json\/wp\/v2\/users\/86"}],"replies":[{"embeddable":true,"href":"https:\/\/www.ifbaiano.edu.br\/unidades\/santaines\/wp-json\/wp\/v2\/comments?post=21113"}],"version-history":[{"count":1,"href":"https:\/\/www.ifbaiano.edu.br\/unidades\/santaines\/wp-json\/wp\/v2\/posts\/21113\/revisions"}],"predecessor-version":[{"id":21115,"href":"https:\/\/www.ifbaiano.edu.br\/unidades\/santaines\/wp-json\/wp\/v2\/posts\/21113\/revisions\/21115"}],"wp:featuredmedia":[{"embeddable":true,"href":"https:\/\/www.ifbaiano.edu.br\/unidades\/santaines\/wp-json\/wp\/v2\/media\/21125"}],"wp:attachment":[{"href":"https:\/\/www.ifbaiano.edu.br\/unidades\/santaines\/wp-json\/wp\/v2\/media?parent=21113"}],"wp:term":[{"taxonomy":"category","embeddable":true,"href":"https:\/\/www.ifbaiano.edu.br\/unidades\/santaines\/wp-json\/wp\/v2\/categories?post=21113"},{"taxonomy":"post_tag","embeddable":true,"href":"https:\/\/www.ifbaiano.edu.br\/unidades\/santaines\/wp-json\/wp\/v2\/tags?post=21113"}],"curies":[{"name":"wp","href":"https:\/\/api.w.org\/{rel}","templated":true}]}}