{"id":21192,"date":"2024-04-23T22:18:22","date_gmt":"2024-04-24T01:18:22","guid":{"rendered":"https:\/\/www.ifbaiano.edu.br\/unidades\/santaines\/?p=21192"},"modified":"2024-04-23T22:18:22","modified_gmt":"2024-04-24T01:18:22","slug":"pais-responsaveis-de-estudantes-do-campus-santa-ines-se-reunem-com-a-gestao-e-o-comando-de-greve-dos-servidores","status":"publish","type":"post","link":"https:\/\/www.ifbaiano.edu.br\/unidades\/santaines\/pais-responsaveis-de-estudantes-do-campus-santa-ines-se-reunem-com-a-gestao-e-o-comando-de-greve-dos-servidores\/","title":{"rendered":"Pais\/respons\u00e1veis de estudantes do Campus Santa In\u00eas se re\u00fanem com a gest\u00e3o e o Comando de Greve dos Servidores"},"content":{"rendered":"\n<p>Na tarde da \u00faltima segunda-feira, 22, na quadra poliesportiva do IF Baiano \u2013 Campus Santa In\u00eas, pais\/respons\u00e1veis de estudantes dos Cursos T\u00e9cnicos Integrados da institui\u00e7\u00e3o, estiveram reunidos com a gest\u00e3o e o comando de greve dos servidores. Uma a\u00e7\u00e3o acordada entre estes para prestar os esclarecimentos necess\u00e1rios sobre o movimento paredista e seus desdobramentos.<\/p>\n\n\n\n<figure class=\"wp-block-gallery has-nested-images columns-default is-cropped wp-block-gallery-1 is-layout-flex\">\n<figure class=\"wp-block-image size-large\"><a href=\"https:\/\/www.ifbaiano.edu.br\/unidades\/santaines\/files\/2024\/04\/b4cb242c-9e8b-42f4-bbd1-ab7ef3a0bcba.jpg\"><img decoding=\"async\" loading=\"lazy\" width=\"1600\" height=\"738\" data-id=\"21199\"  src=\"https:\/\/www.ifbaiano.edu.br\/unidades\/santaines\/files\/2024\/04\/b4cb242c-9e8b-42f4-bbd1-ab7ef3a0bcba.jpg\" alt=\"\" class=\"wp-image-21199\" \/><\/a><\/figure>\n\n\n\n<figure class=\"wp-block-image size-full\"><a href=\"https:\/\/www.ifbaiano.edu.br\/unidades\/santaines\/files\/2024\/04\/68786f56-120d-4f2b-ad46-8af8f4f1fea1.jpg\"><img decoding=\"async\" loading=\"lazy\" width=\"1600\" height=\"738\" data-id=\"21197\"  src=\"https:\/\/www.ifbaiano.edu.br\/unidades\/santaines\/files\/2024\/04\/68786f56-120d-4f2b-ad46-8af8f4f1fea1.jpg\" alt=\"\" class=\"wp-image-21197\" \/><\/a><\/figure>\n\n\n\n<figure class=\"wp-block-image size-full\"><a href=\"https:\/\/www.ifbaiano.edu.br\/unidades\/santaines\/files\/2024\/04\/e58ddb7f-1626-4025-861b-0235f6f28bf0.jpg\"><img decoding=\"async\" loading=\"lazy\" width=\"1600\" height=\"738\" data-id=\"21195\"  src=\"https:\/\/www.ifbaiano.edu.br\/unidades\/santaines\/files\/2024\/04\/e58ddb7f-1626-4025-861b-0235f6f28bf0.jpg\" alt=\"\" class=\"wp-image-21195\" \/><\/a><\/figure>\n\n\n\n<figure class=\"wp-block-image size-large\"><a href=\"https:\/\/www.ifbaiano.edu.br\/unidades\/santaines\/files\/2024\/04\/c41bd594-d97d-4010-a4cc-72c7cd3192.jpg\"><img decoding=\"async\" loading=\"lazy\" width=\"1600\" height=\"403\" data-id=\"21200\"  src=\"https:\/\/www.ifbaiano.edu.br\/unidades\/santaines\/files\/2024\/04\/c41bd594-d97d-4010-a4cc-72c7cd3192.jpg\" alt=\"\" class=\"wp-image-21200\" \/><\/a><\/figure>\n<\/figure>\n\n\n\n<p>A diretora geral do Campus, professora Genilda Lima, iniciou a reuni\u00e3o dando as boas vindas, agradecendo a presen\u00e7a de todas as pessoas presentes e informando sobre o objetivo da reuni\u00e3o. Ap\u00f3s informar sobre sua presen\u00e7a na reuni\u00e3o, juntamente com alguns membros da gest\u00e3o para esclarecer alguma d\u00favida, caso necess\u00e1rio, passou a palavra para o comando de greve na pessoa da professora K\u00e1tia Farago, coordenadora geral do Sindicato Nacional dos Servidores Federais da Educa\u00e7\u00e3o B\u00e1sica, Profissional e Tecnol\u00f3gica (SINASEFE)\u00a0 local.<\/p>\n\n\n\n<p>A professora K\u00e1tia Farago,\u00a0 explicou para os presentes sobre o que \u00e9 o SINASEFE\u00a0 e falou sobre a conjuntura atual, esclarecendo os motivos deste movimento de greve e trouxe um contexto hist\u00f3rico sobre situa\u00e7\u00f5es diversas vivenciadas pelas institui\u00e7\u00f5es p\u00fablicas de ensino, principalmente a partir do ano de 2016. Na sequencia a professora convidou outros membros do comando de greve para dar informes e esclarecimentos, onde, em suas falas, complementadas por outros servidores, destacaram o comprometimento pela qualidade do trabalho; a diminui\u00e7\u00e3o de recursos que v\u00eam acontecendo ano ap\u00f3s ano, o que impacta na qualidade de trabalho e, consequentemente, do ensino e as particularidades de cada situa\u00e7\u00e3o pontuada que est\u00e3o sendo discutidas pelo comando de greve, visando n\u00e3o trazer grandes preju\u00edzos para os estudantes e nem enfraquecer o movimento de greve.<\/p>\n\n\n\n<p>Os pais tamb\u00e9m tiveram momentos de fala, onde sinalizaram a confian\u00e7a na institui\u00e7\u00e3o, na qualidade de ensino ofertado e na compreens\u00e3o do momento e do movimento grevista. Mas por outro lado, pontuaram tamb\u00e9m a preocupa\u00e7\u00e3o com o tempo em que a greve poder\u00e1 durar e os impactos que isso pode causar no percurso pedag\u00f3gico dos seus filhos.<\/p>\n\n\n\n<p>Ao final da reuni\u00e3o, a professora K\u00e1tia esclareceu outras a\u00e7\u00f5es que estar\u00e3o acontecendo nos pr\u00f3ximos dias e informou que est\u00e1 sendo constru\u00edda uma agenda que ser\u00e1 publicizada nos canais de comunica\u00e7\u00e3o da institui\u00e7\u00e3o. Nos pr\u00f3ximos dias, 23 e 24 de abril, est\u00e3o agendadas reuni\u00f5es para discuss\u00e3o e delibera\u00e7\u00e3o dos servi\u00e7os essenciais na institui\u00e7\u00e3o.<\/p>\n\n\n\n<figure class=\"wp-block-gallery has-nested-images columns-default is-cropped wp-block-gallery-3 is-layout-flex\">\n<figure class=\"wp-block-image size-full\"><a href=\"https:\/\/www.ifbaiano.edu.br\/unidades\/santaines\/files\/2024\/04\/d68552fd-a3e8-49e5-9070-fddaf7f9a3c7.jpg\"><img decoding=\"async\" loading=\"lazy\" width=\"1600\" height=\"738\" data-id=\"21194\"  src=\"https:\/\/www.ifbaiano.edu.br\/unidades\/santaines\/files\/2024\/04\/d68552fd-a3e8-49e5-9070-fddaf7f9a3c7.jpg\" alt=\"\" class=\"wp-image-21194\" \/><\/a><\/figure>\n\n\n\n<figure class=\"wp-block-image size-full\"><a href=\"https:\/\/www.ifbaiano.edu.br\/unidades\/santaines\/files\/2024\/04\/b389da3b-953c-4873-870e-a84acf728971.jpg\"><img decoding=\"async\" loading=\"lazy\" width=\"1600\" height=\"738\" data-id=\"21198\"  src=\"https:\/\/www.ifbaiano.edu.br\/unidades\/santaines\/files\/2024\/04\/b389da3b-953c-4873-870e-a84acf728971.jpg\" alt=\"\" class=\"wp-image-21198\" \/><\/a><\/figure>\n\n\n\n<figure class=\"wp-block-image size-large\"><a href=\"https:\/\/www.ifbaiano.edu.br\/unidades\/santaines\/files\/2024\/04\/c05a9c8a-9774-4dd2-be76-caefcee78da8.jpg\"><img decoding=\"async\" loading=\"lazy\" width=\"1600\" height=\"738\" data-id=\"21193\"  src=\"https:\/\/www.ifbaiano.edu.br\/unidades\/santaines\/files\/2024\/04\/c05a9c8a-9774-4dd2-be76-caefcee78da8.jpg\" alt=\"\" class=\"wp-image-21193\" \/><\/a><\/figure>\n<\/figure>\n\n\n\n<p>A Diretora Geral, professora Genilda, finalizou a reuni\u00e3o agradecendo a presen\u00e7a e compreens\u00e3o dos presentes e esclarecendo que todos os informes e desdobramentos com rela\u00e7\u00e3o a movimento grevista e funcionamento da institui\u00e7\u00e3o seriam publicados no site do campus. As informa\u00e7\u00f5es e\/ou d\u00favidas tamb\u00e9m podem ser obtidas junto ao comando de greve local atrav\u00e9s do e-mail: comandogrevecsi@gmail.com.<\/p>\n\n\n\n<hr class=\"wp-block-separator has-alpha-channel-opacity\" \/>\n","protected":false},"excerpt":{"rendered":"<p>Na tarde da \u00faltima segunda-feira, 22, na quadra poliesportiva do IF Baiano \u2013 Campus Santa In\u00eas, pais\/respons\u00e1veis de estudantes dos Cursos T\u00e9cnicos Integrados da institui\u00e7\u00e3o, estiveram reunidos com a gest\u00e3o e o comando de greve dos servidores. Uma a\u00e7\u00e3o acordada entre estes para prestar os esclarecimentos necess\u00e1rios sobre o movimento paredista e seus desdobramentos. A [&hellip;]<\/p>\n","protected":false},"author":86,"featured_media":21200,"comment_status":"closed","ping_status":"closed","sticky":false,"template":"","format":"standard","meta":[],"categories":[4,5,10,57],"tags":[],"_links":{"self":[{"href":"https:\/\/www.ifbaiano.edu.br\/unidades\/santaines\/wp-json\/wp\/v2\/posts\/21192"}],"collection":[{"href":"https:\/\/www.ifbaiano.edu.br\/unidades\/santaines\/wp-json\/wp\/v2\/posts"}],"about":[{"href":"https:\/\/www.ifbaiano.edu.br\/unidades\/santaines\/wp-json\/wp\/v2\/types\/post"}],"author":[{"embeddable":true,"href":"https:\/\/www.ifbaiano.edu.br\/unidades\/santaines\/wp-json\/wp\/v2\/users\/86"}],"replies":[{"embeddable":true,"href":"https:\/\/www.ifbaiano.edu.br\/unidades\/santaines\/wp-json\/wp\/v2\/comments?post=21192"}],"version-history":[{"count":2,"href":"https:\/\/www.ifbaiano.edu.br\/unidades\/santaines\/wp-json\/wp\/v2\/posts\/21192\/revisions"}],"predecessor-version":[{"id":21202,"href":"https:\/\/www.ifbaiano.edu.br\/unidades\/santaines\/wp-json\/wp\/v2\/posts\/21192\/revisions\/21202"}],"wp:featuredmedia":[{"embeddable":true,"href":"https:\/\/www.ifbaiano.edu.br\/unidades\/santaines\/wp-json\/wp\/v2\/media\/21200"}],"wp:attachment":[{"href":"https:\/\/www.ifbaiano.edu.br\/unidades\/santaines\/wp-json\/wp\/v2\/media?parent=21192"}],"wp:term":[{"taxonomy":"category","embeddable":true,"href":"https:\/\/www.ifbaiano.edu.br\/unidades\/santaines\/wp-json\/wp\/v2\/categories?post=21192"},{"taxonomy":"post_tag","embeddable":true,"href":"https:\/\/www.ifbaiano.edu.br\/unidades\/santaines\/wp-json\/wp\/v2\/tags?post=21192"}],"curies":[{"name":"wp","href":"https:\/\/api.w.org\/{rel}","templated":true}]}}