{"id":21203,"date":"2024-06-10T09:26:00","date_gmt":"2024-06-10T12:26:00","guid":{"rendered":"https:\/\/www.ifbaiano.edu.br\/unidades\/santaines\/?p=21203"},"modified":"2024-09-14T12:50:20","modified_gmt":"2024-09-14T15:50:20","slug":"campus-santa-ines-seleciona-estudantes-para-participacao-em-programa-de-assistencia-e-inclusao-social-do-estudante-paise-2024","status":"publish","type":"post","link":"https:\/\/www.ifbaiano.edu.br\/unidades\/santaines\/campus-santa-ines-seleciona-estudantes-para-participacao-em-programa-de-assistencia-e-inclusao-social-do-estudante-paise-2024\/","title":{"rendered":"Sele\u00e7\u00e3o de estudantes do Campus Santa In\u00eas para participa\u00e7\u00e3o no PAISE 2024"},"content":{"rendered":"\n<p>O IF Baiano &#8211; Campus Santa seleciona estudantes em vulnerabilidade socioecon\u00f4mica, de cursos presenciais e \u00e0 dist\u00e2ncia, para participa\u00e7\u00e3o na Pol\u00edtica de Assist\u00eancia Estudantil deste Instituto, por meio do Programa de Assist\u00eancia e Inclus\u00e3o Social do Estudante \u2013 PAISE, integrante da pol\u00edtica de assist\u00eancia estudantil do IF Baiano, que visa contribuir para o bem-estar biopsicossocial, perman\u00eancia e \u00eaxito nas atividades acad\u00eamicas de estudantes em vulnerabilidade socioecon\u00f4mica.<\/p>\n\n\n\n<p>As inscri\u00e7\u00f5es do PAISE foram realizadas no per\u00edodo de 29 de abril a 13 de maio de 2024 onde poderiam participar, estudantes devidamente matriculados e com frequ\u00eancia regular em cursos ofertados pelo campus, de n\u00edvel m\u00e9dio ou gradua\u00e7\u00e3o, nas modalidades presencial ou EAD. Estudantes que possuem renda per capita familiar de at\u00e9 um sal\u00e1rio m\u00ednimo e meio vigente ou estudante oriundo da rede p\u00fablica de educa\u00e7\u00e3o b\u00e1sica t\u00eam prioridade no programa, com base no Art. 5\u00ba, do <a href=\"https:\/\/www.planalto.gov.br\/ccivil_03\/_ato2007-2010\/2010\/decreto\/d7234.htm\">Decreto n\u00ba 7.234\/2010<\/a>.<\/p>\n\n\n\n<p>O edital que traz todos os detalhamentos sobre a efetiva\u00e7\u00e3o da inscri\u00e7\u00e3o, bem como, todas as informa\u00e7\u00f5es referentes ao certame, prev\u00ea a sele\u00e7\u00e3o dos(das)s candidatos(as) em duas etapas: An\u00e1lise de crit\u00e9rios socioecon\u00f4micos e Entrevista Social. Al\u00e9m das informa\u00e7\u00f5es dispon\u00edveis no <a href=\"https:\/\/www.ifbaiano.edu.br\/unidades\/santaines\/files\/2024\/04\/Edital-no-15-PAISE.pdf\">edital<\/a>, <a href=\"https:\/\/www.ifbaiano.edu.br\/unidades\/santaines\/files\/2024\/04\/Edital-de-Retificacao-No-17_2024-PAISE.pdf\">retifica\u00e7\u00e3o 1<\/a> e <a href=\"https:\/\/www.ifbaiano.edu.br\/unidades\/santaines\/files\/2024\/05\/EDITAL-DE-RETIFICACAO-No-18_2024-PAISE.pdf\">retifica\u00e7\u00e3o 2<\/a>, o(a) candidato(a) teve acesso ao <a href=\"https:\/\/www.ifbaiano.edu.br\/unidades\/santaines\/files\/2024\/04\/Tutorial-Estudantes-inscricao-via-SUAP.pdf\">tutorial<\/a> elaborado para facilitar o processo de inscri\u00e7\u00e3o. <\/p>\n\n\n\n<h2 class=\"wp-block-heading\">Sobre as entrevistas<\/h2>\n\n\n\n<p>As entrevistas dos(as) candidatos(as) com inscri\u00e7\u00f5es homologadas na sele\u00e7\u00e3o do PAISE 2024 iniciaram no dia 17 de maio, a partir das 8h, no Campus Santa In\u00eas. A entrevista presencial, aconteceu dia 20 de maio, segunda-feira, na Sala de Reuni\u00f5es do Campus Santa In\u00eas, conforme cronograma. O transporte para a condu\u00e7\u00e3o dos estudantes que participaram da entrevista presencial, foi disponibilizado com sa\u00edda da rodovi\u00e1ria de Santa In\u00eas, \u00e0s 7h30min. <\/p>\n\n\n\n<p>Os(As) estudantes selecionados(as) nesse processo seletivo foram alertados a ficarem atentos(as) aos comunicados e prazos divulgados, bem como, \u00e0s solicita\u00e7\u00f5es e orienta\u00e7\u00f5es do N\u00facleo de Assist\u00eancia e Inclus\u00e3o Social do Estudante \u2013 NAISE, como cronograma, interposi\u00e7\u00e3o de recursos e atualiza\u00e7\u00f5es das etapas. <\/p>\n\n\n\n<h2 class=\"wp-block-heading\"><strong>Sobre a interposi\u00e7\u00e3o de Recursos<\/strong><\/h2>\n\n\n\n<p>Assim como outras informa\u00e7\u00f5es, o edital trazia as informa\u00e7\u00f5es sobre a interposi\u00e7\u00e3o de recurso, pelos estudantes, contra o resultado deste processo seletivo, atrav\u00e9s de <a rel=\"noreferrer noopener\" href=\"https:\/\/concurso.ifbaiano.edu.br\/portal\/paise-santa-ines-abril-2024\/wp-content\/uploads\/sites\/987\/2024\/06\/INTERPOSICAO-DE-RECURSO.pdf\" target=\"_blank\">Formul\u00e1rio pr\u00f3prio<\/a>. As interposi\u00e7\u00f5es de recurso deveriam ser enviadas para o endere\u00e7o de e-mail clae@si.ifbaiano.edu.br com o t\u00edtulo, no campo assunto: \u201cRECURSO CONTRA O RESULTADO DA SELE\u00c7\u00c3O DO PAISE\u201d, indicando nome do discente, curso, ano ou semestre, documentos probat\u00f3rios, al\u00e9m das raz\u00f5es argumentadas. <\/p>\n\n\n\n<p>Todos os documentos do certame est\u00e3o dispon\u00edveis nesta p\u00e1gina, na <a href=\"https:\/\/ifbaiano.edu.br\/portal\/concursos\/\">p\u00e1gina de concursos<\/a> e nas redes sociais da institui\u00e7\u00e3o. As d\u00favidas e demais informa\u00e7\u00f5es devem ser enviadas para o endere\u00e7o de e-mail: clae@si.ifbaiano.edu.br.<\/p>\n\n\n\n<hr class=\"wp-block-separator has-alpha-channel-opacity\" \/>\n\n\n\n<p><strong>Documentos\/Etapas do Processo Seletivo:<\/strong><\/p>\n\n\n\n<ul>\n<li><a href=\"https:\/\/www.ifbaiano.edu.br\/unidades\/santaines\/files\/2024\/04\/Edital-no-15-PAISE.pdf\">Edital n\u00ba 15<\/a><\/li>\n\n\n\n<li><a href=\"https:\/\/www.ifbaiano.edu.br\/unidades\/santaines\/files\/2024\/04\/Tutorial-Estudantes-inscricao-via-SUAP.pdf\">Tutorial de inscri\u00e7\u00e3o<\/a><\/li>\n\n\n\n<li><a href=\"https:\/\/www.ifbaiano.edu.br\/unidades\/santaines\/files\/2024\/04\/Edital-de-Retificacao-No-17_2024-PAISE.pdf\">Edital de retifica\u00e7\u00e3o n\u00ba 17<\/a><\/li>\n\n\n\n<li><a href=\"https:\/\/www.ifbaiano.edu.br\/unidades\/santaines\/files\/2024\/05\/EDITAL-DE-RETIFICACAO-No-18_2024-PAISE.pdf\">Edital de Retifica\u00e7\u00e3o n\u00ba 18<\/a><\/li>\n\n\n\n<li><a href=\"https:\/\/www.ifbaiano.edu.br\/unidades\/santaines\/files\/2024\/05\/CONVOCACAO-DE-ESTUDANTES-PARA-A-ENTREVISTA-PAISE-2024.pdf\">Convoca\u00e7\u00e3o de estudantes para entrevista<\/a><\/li>\n\n\n\n<li><a href=\"https:\/\/www.ifbaiano.edu.br\/unidades\/santaines\/files\/2024\/05\/CRONOGRAMA-DE-ENTREVISTAS-PAISE-2024.pdf\">Cronograma de entrevistas<\/a><\/li>\n\n\n\n<li><a href=\"https:\/\/www.ifbaiano.edu.br\/unidades\/santaines\/files\/2024\/05\/Edital-de-Retificacao-no-19-2024.pdf\">Edital de Retifica\u00e7\u00e3o n\u00ba 19<\/a><\/li>\n\n\n\n<li><a rel=\"noreferrer noopener\" href=\"https:\/\/concurso.ifbaiano.edu.br\/portal\/paise-santa-ines-abril-2024\/wp-content\/uploads\/sites\/987\/2024\/06\/INTERPOSICAO-DE-RECURSO.pdf\" target=\"_blank\">Formul\u00e1rio de Interposi\u00e7\u00e3o de Recurso<\/a>&nbsp;&nbsp;<\/li>\n\n\n\n<li><a rel=\"noreferrer noopener\" href=\"https:\/\/concurso.ifbaiano.edu.br\/portal\/paise-santa-ines-abril-2024\/wp-content\/uploads\/sites\/987\/2024\/06\/TERMO-DE-COMPROMISSO.pdf\" target=\"_blank\">Termo de Compromisso<\/a><\/li>\n<\/ul>\n\n\n\n<p><strong>Pr\u00e9-Selecionados por aux\u00edlio<\/strong><\/p>\n\n\n\n<ul>\n<li><a rel=\"noreferrer noopener\" href=\"https:\/\/concurso.ifbaiano.edu.br\/portal\/paise-santa-ines-abril-2024\/wp-content\/uploads\/sites\/987\/2024\/06\/copia.pdf\" target=\"_blank\">Aux\u00edlio C\u00f3pia<\/a><\/li>\n\n\n\n<li><a rel=\"noreferrer noopener\" href=\"https:\/\/concurso.ifbaiano.edu.br\/portal\/paise-santa-ines-abril-2024\/wp-content\/uploads\/sites\/987\/2024\/06\/moradia-.pdf\" target=\"_blank\">Aux\u00edlio Moradia<\/a><\/li>\n\n\n\n<li><a rel=\"noreferrer noopener\" href=\"https:\/\/concurso.ifbaiano.edu.br\/portal\/paise-santa-ines-abril-2024\/wp-content\/uploads\/sites\/987\/2024\/06\/permanencia-.pdf\" target=\"_blank\">Aux\u00edlio Perman\u00eancia<\/a><\/li>\n\n\n\n<li><a rel=\"noreferrer noopener\" href=\"https:\/\/concurso.ifbaiano.edu.br\/portal\/paise-santa-ines-abril-2024\/wp-content\/uploads\/sites\/987\/2024\/06\/transporte-medio.pdf\" target=\"_blank\">Aux\u00edlio Transporte &#8211; Ensino M\u00e9dio<\/a><\/li>\n\n\n\n<li><a rel=\"noreferrer noopener\" href=\"https:\/\/concurso.ifbaiano.edu.br\/portal\/paise-santa-ines-abril-2024\/wp-content\/uploads\/sites\/987\/2024\/06\/transporte-graduacao.pdf\" target=\"_blank\">Aux\u00edlio Transporte &#8211; Gradua\u00e7\u00e3o<\/a><\/li>\n\n\n\n<li><a rel=\"noreferrer noopener\" href=\"https:\/\/concurso.ifbaiano.edu.br\/portal\/paise-santa-ines-abril-2024\/wp-content\/uploads\/sites\/987\/2024\/06\/transporte-residente.pdf\" target=\"_blank\">Aux\u00edlio Transporte &#8211; Estudantes Residentes<\/a><\/li>\n<\/ul>\n\n\n\n<hr class=\"wp-block-separator has-alpha-channel-opacity\" \/>\n\n\n\n<p><strong>NOTA 1: <\/strong>A \u00a0Comiss\u00e3o Local de Assist\u00eancia Estudantil\u00a0&#8211; CLAE informa que a publica\u00e7\u00e3o da lista de Pr\u00e9-Selecionados para os Aux\u00edlios Transporte EaD e T\u00e9cnico em Inform\u00e1tica Subsequente e o Aux\u00edlio Creche ser\u00e1 divulgada oportunamente, uma vez que \u00a0ainda est\u00e1 em curso a matr\u00edcula de estudantes para os cursos EaD.<\/p>\n\n\n\n<p>Conforme previsto no cronograma do Edital n\u00ba 15, de&nbsp;25 de abril&nbsp;de 2024, do PROGRAMA DE ASSIST\u00caNCIA E INCLUS\u00c3O SOCIAL DO ESTUDANTE (PAISE 2024), &nbsp;tendo em vista o atendimento ao Cronograma do EDITAL DE RETIFICA\u00c7\u00c3O N\u00ba 19\/2024, DE&nbsp;22 DE MAIO&nbsp;DE 2024 que RETIFICA O EDITAL N\u00ba 15\/2024, DE&nbsp;25 DE ABRIL&nbsp;DE 2024, segue abaixo:<\/p>\n\n\n\n<ul>\n<li><a rel=\"noreferrer noopener\" href=\"https:\/\/concurso.ifbaiano.edu.br\/portal\/paise-santa-ines-abril-2024\/wp-content\/uploads\/sites\/987\/2024\/06\/RESULTADO-DOS-RECURSOS-DA-PRE-SELECAO.pdf\" target=\"_blank\">Resultado dos Recursos da Pr\u00e9-Sele\u00e7\u00e3o<\/a><\/li>\n\n\n\n<li>Resultado Final &#8211; listas dos selecionados, por Aux\u00edlio:\n\n\n\n\n<ul>\n<li><a href=\"https:\/\/www.ifbaiano.edu.br\/unidades\/santaines\/files\/2024\/06\/AUXILIO-COPIA-E-IMPRESSAO-SELECIONADOS.pdf\">Aux\u00edlio C\u00f3pia e Impress\u00e3o<\/a><\/li>\n\n\n\n<li><a href=\"https:\/\/www.ifbaiano.edu.br\/unidades\/santaines\/files\/2024\/06\/AUXILIO-MORADIA-SELECIONADOS.pdf\">Aux\u00edlio Moradia<\/a><\/li>\n\n\n\n<li><a rel=\"noreferrer noopener\" href=\"https:\/\/concurso.ifbaiano.edu.br\/portal\/paise-santa-ines-abril-2024\/wp-content\/uploads\/sites\/987\/2024\/06\/AUXILIO-MORADIA-LISTA-RETIFICADA.pdf\" target=\"_blank\">Aux\u00edlio Moradia \u2013 Lista Retificada<\/a><\/li>\n\n\n\n<li><a href=\"https:\/\/www.ifbaiano.edu.br\/unidades\/santaines\/files\/2024\/06\/AUXILIO-PERMANENCIA-SELECIONADOS.pdf\">Aux\u00edlio Perman\u00eancia<\/a><\/li>\n\n\n\n<li><a href=\"https:\/\/www.ifbaiano.edu.br\/unidades\/santaines\/files\/2024\/06\/AUXILIO-TRANSPORTE-MEDIO-SELECIONADOS.pdf\">Aux\u00edlio Transporte &#8211; Estudantes Ensino M\u00e9dio<\/a><\/li>\n\n\n\n<li><a href=\"https:\/\/www.ifbaiano.edu.br\/unidades\/santaines\/files\/2024\/06\/AUXILIO-TRANSPORTE-GRADUACAO-SELECIONADOS.pdf\">Aux\u00edlio Transporte &#8211; Estudantes Gradua\u00e7\u00e3o<\/a><\/li>\n\n\n\n<li><a rel=\"noreferrer noopener\" href=\"https:\/\/concurso.ifbaiano.edu.br\/portal\/paise-santa-ines-abril-2024\/wp-content\/uploads\/sites\/987\/2024\/06\/AUXILIO-TRANSPORTE-GRADUACAO-LISTA-RETIFICADA.pdf\" target=\"_blank\">Aux\u00edlio Transporte Estudantes Gradua\u00e7\u00e3o \u2013 Lista Retificada<\/a><\/li>\n<\/ul>\n\n\n\n<ul>\n<li><a href=\"https:\/\/www.ifbaiano.edu.br\/unidades\/santaines\/files\/2024\/06\/AUXILIO-TRANSPORTE-RESIDENTE-SELECIONADOS.pdf\">Aux\u00edlio Transporte &#8211; Estudantes Residentes<\/a><\/li>\n<\/ul>\n<\/li>\n<\/ul>\n\n\n\n<hr class=\"wp-block-separator has-alpha-channel-opacity\" \/>\n\n\n\n<p><strong>NOTA 2:<\/strong> A CLAE informa que foram retificadas, em 12 de setembro de 2024, as listas dos estudantes selecionados, desde a homologa\u00e7\u00e3o, at\u00e9 a sele\u00e7\u00e3o final, por aux\u00edlio. A sele\u00e7\u00e3o de estudantes nestes aux\u00edlios, referem-se aos <a href=\"https:\/\/www.ifbaiano.edu.br\/unidades\/santaines\/files\/2024\/04\/Edital-no-15-PAISE.pdf\">Edital n\u00ba 15, de\u00a025 de abril\u00a0de 2024<\/a> e n\u00ba <a href=\"https:\/\/concurso.ifbaiano.edu.br\/portal\/paise-ead-santa-ines-julho-2024\/wp-content\/uploads\/sites\/1017\/2024\/07\/EDITAL-PAISE-2024-EAD.pdf\">25, de\u00a025 de julho\u00a0de 2024<\/a>, do Programa de Assist\u00eancia e Inclus\u00e3o Social (PAISE). Seguem as referidas listas:<\/p>\n\n\n\n<ul>\n<li><a href=\"https:\/\/www.ifbaiano.edu.br\/unidades\/santaines\/files\/2024\/09\/INSCRICOES-HOMOLOGADAS-EDITAL-15-2024.pdf\">Inscri\u00e7\u00f5es Homologadas &#8211; Edital n\u00ba 15<\/a><\/li>\n\n\n\n<li><a href=\"https:\/\/www.ifbaiano.edu.br\/unidades\/santaines\/files\/2024\/09\/INSCRICOES-HOMOLOGADAS-EDITAL-25-2024.pdf\">Inscri\u00e7\u00f5es Homologadas &#8211; Edital n\u00ba 25<\/a><\/li>\n\n\n\n<li><a href=\"https:\/\/www.ifbaiano.edu.br\/unidades\/santaines\/files\/2024\/09\/PRE-SELECIONADOS-TRANSPORTE-EAD-E-SUBSEQUENTE.pdf\">Pr\u00e9-selecionados Transporte EaD e Subsequente<\/a><\/li>\n\n\n\n<li><a href=\"https:\/\/www.ifbaiano.edu.br\/unidades\/santaines\/files\/2024\/09\/SELECIONADOS-TRANSPORTE-EAD-E-SUBSEQUENTE.pdf\">Selecionados Transporte EaD e Subsequente<\/a><\/li>\n\n\n\n<li><a href=\"https:\/\/www.ifbaiano.edu.br\/unidades\/santaines\/files\/2024\/09\/PRE-SELECIONADOS-CRECHE.pdf\">Pr\u00e9-selecionados Creche<\/a><\/li>\n\n\n\n<li><a href=\"https:\/\/www.ifbaiano.edu.br\/unidades\/santaines\/files\/2024\/09\/SELECIONADOS-CRECHE.pdf\">Selecionados Creche<\/a><\/li>\n<\/ul>\n\n\n\n<p><a href=\"https:\/\/www.ifbaiano.edu.br\/unidades\/santaines\/programa-de-assistencia-e-inclusao-social-do-estudante-prorroga-inscricoes-ate-15-de-maio\/\">Clique aqui<\/a>&nbsp;para acessar outras publica\u00e7\u00f5es sobre o PAISE 2024.<\/p>\n\n\n\n<hr class=\"wp-block-separator has-alpha-channel-opacity\" \/>\n","protected":false},"excerpt":{"rendered":"<p>O IF Baiano &#8211; Campus Santa seleciona estudantes em vulnerabilidade socioecon\u00f4mica, de cursos presenciais e \u00e0 dist\u00e2ncia, para participa\u00e7\u00e3o na Pol\u00edtica de Assist\u00eancia Estudantil deste Instituto, por meio do Programa de Assist\u00eancia e Inclus\u00e3o Social do Estudante \u2013 PAISE, integrante da pol\u00edtica de assist\u00eancia estudantil do IF Baiano, que visa contribuir para o bem-estar biopsicossocial, [&hellip;]<\/p>\n","protected":false},"author":86,"featured_media":21217,"comment_status":"closed","ping_status":"closed","sticky":false,"template":"","format":"standard","meta":[],"categories":[4,38,5,8,57],"tags":[],"_links":{"self":[{"href":"https:\/\/www.ifbaiano.edu.br\/unidades\/santaines\/wp-json\/wp\/v2\/posts\/21203"}],"collection":[{"href":"https:\/\/www.ifbaiano.edu.br\/unidades\/santaines\/wp-json\/wp\/v2\/posts"}],"about":[{"href":"https:\/\/www.ifbaiano.edu.br\/unidades\/santaines\/wp-json\/wp\/v2\/types\/post"}],"author":[{"embeddable":true,"href":"https:\/\/www.ifbaiano.edu.br\/unidades\/santaines\/wp-json\/wp\/v2\/users\/86"}],"replies":[{"embeddable":true,"href":"https:\/\/www.ifbaiano.edu.br\/unidades\/santaines\/wp-json\/wp\/v2\/comments?post=21203"}],"version-history":[{"count":22,"href":"https:\/\/www.ifbaiano.edu.br\/unidades\/santaines\/wp-json\/wp\/v2\/posts\/21203\/revisions"}],"predecessor-version":[{"id":22300,"href":"https:\/\/www.ifbaiano.edu.br\/unidades\/santaines\/wp-json\/wp\/v2\/posts\/21203\/revisions\/22300"}],"wp:featuredmedia":[{"embeddable":true,"href":"https:\/\/www.ifbaiano.edu.br\/unidades\/santaines\/wp-json\/wp\/v2\/media\/21217"}],"wp:attachment":[{"href":"https:\/\/www.ifbaiano.edu.br\/unidades\/santaines\/wp-json\/wp\/v2\/media?parent=21203"}],"wp:term":[{"taxonomy":"category","embeddable":true,"href":"https:\/\/www.ifbaiano.edu.br\/unidades\/santaines\/wp-json\/wp\/v2\/categories?post=21203"},{"taxonomy":"post_tag","embeddable":true,"href":"https:\/\/www.ifbaiano.edu.br\/unidades\/santaines\/wp-json\/wp\/v2\/tags?post=21203"}],"curies":[{"name":"wp","href":"https:\/\/api.w.org\/{rel}","templated":true}]}}