{"id":21259,"date":"2024-05-09T21:36:56","date_gmt":"2024-05-10T00:36:56","guid":{"rendered":"https:\/\/www.ifbaiano.edu.br\/unidades\/santaines\/?p=21259"},"modified":"2024-05-09T21:36:57","modified_gmt":"2024-05-10T00:36:57","slug":"if-baiano-campus-santa-ines-define-as-atividades-essenciais-durante-a-greve-dos-servidores","status":"publish","type":"post","link":"https:\/\/www.ifbaiano.edu.br\/unidades\/santaines\/if-baiano-campus-santa-ines-define-as-atividades-essenciais-durante-a-greve-dos-servidores\/","title":{"rendered":"IF Baiano &#8211; Campus Santa In\u00eas define as atividades essenciais durante a greve dos servidores"},"content":{"rendered":"\n<p>O Instituto Federal de Educa\u00e7\u00e3o, Ci\u00eancia e Tecnologia Baiano &#8211; Campus Santa In\u00eas publicou of\u00edcio circular para a comunidade acad\u00eamica da unidade (Servidores, Estudantes, Pais\/Respons\u00e1veis) informando sobre as atividades essenciais que ser\u00e3o mantidas durante o movimento paredista dos(das) servidores(as) do Campus, para assegurar o funcionamento adequado do Instituto. A mobiliza\u00e7\u00e3o dos(das) servidores(as) foi iniciada no dia 22 de abril de 2024 e n\u00e3o h\u00e1 data prevista para o fim da paralisa\u00e7\u00e3o.\u00a0<\/p>\n\n\n\n<p>A delibera\u00e7\u00e3o das atividades essenciais, no Campus, aconteceu ap\u00f3s ampla discuss\u00e3o em assembleias de base do Campus, ocorridas nos dias 23 e 24 de abril de 2024, ap\u00f3s consulta \u00e0 comunidade acad\u00eamica e acordadas com a gest\u00e3o do Campus. A defini\u00e7\u00e3o dos servi\u00e7os essenciais foi debatido de modo a garantir a manuten\u00e7\u00e3o de ,no m\u00ednimo, 30% em funcionamento, como determina a legisla\u00e7\u00e3o.<\/p>\n\n\n\n<p>O rol de atividades essenciais deliberados ficou assim estabelecido:<\/p>\n\n\n\n<p>ATIVIDADES DE ENSINO<\/p>\n\n\n\n<ul>\n<li>Garantia da continuidade do Est\u00e1gio supervisionado de estudantes das licenciaturas em<br>Ci\u00eancias Biol\u00f3gicas e em Geografia com termo assinado at\u00e9 a data de in\u00edcio da greve no Campus<br>Santa In\u00eas (Coordena\u00e7\u00e3o de Est\u00e1gio das Licenciaturas) ;<\/li>\n\n\n\n<li>Realiza\u00e7\u00e3o de est\u00e1gios nas unidades educativas do campo somente para os(as) discentes da 3\u00aa<br>s\u00e9rie (CUEC).<\/li>\n<\/ul>\n\n\n\n<p>ATVIDADES DE PESQUISA E EXTENS\u00c3O<\/p>\n\n\n\n<ul>\n<li>Manuten\u00e7\u00e3o das atividades de Pesquisa e Extens\u00e3o financiadas por ag\u00eancias de fomento<br>internas ou externas e aquelas envolvendo seres vivos (Coordena\u00e7\u00e3o de Pesquisa e<br>Pesquisadores).<\/li>\n<\/ul>\n\n\n\n<p>GEST\u00c3O ACAD\u00caMICA<\/p>\n\n\n\n<ul>\n<li>Emiss\u00e3o de documentos necess\u00e1rios para matr\u00edcula, transfer\u00eancia, remo\u00e7\u00e3o, concurso p\u00fablico,<br>redistribui\u00e7\u00e3o e realiza\u00e7\u00e3o de cola\u00e7\u00e3o de grau condicionados \u00e0 comprova\u00e7\u00e3o da urg\u00eancia e<br>necessidade (Secretaria);<\/li>\n\n\n\n<li>Manuten\u00e7\u00e3o dos servi\u00e7os de matr\u00edcula dos cursos EAD de Vendas, Secretaria Escolar e<br>Inform\u00e1tica (Secretaria);<\/li>\n\n\n\n<li>Emiss\u00e3o de documentos necess\u00e1rios para formaliza\u00e7\u00e3o da atividade de est\u00e1gio supervisionado<br>somente para os(as)discentes da 3\u00aa s\u00e9rie (NRI);<\/li>\n\n\n\n<li>Emiss\u00e3o da declara\u00e7\u00e3o de nada consta para casos de comprovada urg\u00eancia, atrelada aos<br>documentos vinculados (Biblioteca).<\/li>\n<\/ul>\n\n\n\n<p>ASSIST\u00caNCIA ESTUDANTIL<\/p>\n\n\n\n<ul>\n<li>Pagamento de bolsas e do Aux\u00edlio Moradia ( CAE);<\/li>\n\n\n\n<li>Abertura de editais de assist\u00eancia estudantil (PAISE) ( CAE);<\/li>\n\n\n\n<li>Emiss\u00e3o de nada consta para casos de comprovada urg\u00eancia ( CAE).<\/li>\n<\/ul>\n\n\n\n<p>GEST\u00c3O DE PESSOAS<\/p>\n\n\n\n<ul>\n<li>Processamento da Folha de pagamento dos(as) servidores(as) do Campus ( NAGP);<\/li>\n\n\n\n<li>Processos relacionados \u00e0 sa\u00fade do(a) servidor(a) ( NAGP);<\/li>\n\n\n\n<li>Afastamentos (capacita\u00e7\u00e3o ou sa\u00fade) ( NAGP).<\/li>\n<\/ul>\n\n\n\n<p>SERVI\u00c7OS DE TECNOLOGIA DA INFORMA\u00c7\u00c3O E COMUNICA\u00c7\u00c3O<\/p>\n\n\n\n<ul>\n<li>Gest\u00e3o de contratos em andamentos (NGTI);<\/li>\n\n\n\n<li>Manuten\u00e7\u00e3o da rede de internet ( NGTI);<\/li>\n\n\n\n<li>Manuten\u00e7\u00e3o t\u00e9cnica (NGTI);<\/li>\n\n\n\n<li>Servi\u00e7os relacionados ao setor de comunica\u00e7\u00e3o ( ASCOM).<\/li>\n<\/ul>\n\n\n\n<p>GEST\u00c3O ADMINISTRATIVA<\/p>\n\n\n\n<ul>\n<li>Garantia da seguran\u00e7a alimentar dos animais e manejo de plantas ( CUEC);<\/li>\n\n\n\n<li>Manuten\u00e7\u00e3o e log\u00edstica ( CSL);<\/li>\n\n\n\n<li>Gest\u00e3o e fiscaliza\u00e7\u00e3o de obras e contratos em andamento ( DADM);<\/li>\n\n\n\n<li>Participa\u00e7\u00e3o em editais ( DADM);<\/li>\n\n\n\n<li>Compras e licita\u00e7\u00f5es (DADM)<\/li>\n\n\n\n<li>Garantia da manuten\u00e7\u00e3o do servi\u00e7o de vigil\u00e2ncia e prote\u00e7\u00e3o ao patrim\u00f4nio ( DADM).<\/li>\n<\/ul>\n\n\n\n<p>As d\u00favidas relacionadas ao movimento grevista devem ser encaminhadas para o e-mail: comandogrevecsi@gmail.com e com rela\u00e7\u00e3o ao funcionamento do Campus o e-mail deve ser encaminhado para: gabinete@si.ifbaiano.edu.br.<\/p>\n\n\n\n<p>Acesse <a href=\"https:\/\/www.ifbaiano.edu.br\/unidades\/santaines\/files\/2024\/05\/Oficio-Circular-Atividades-Essenciais-Greve.pdf\">AQUI<\/a> o documento na \u00edntegra.<\/p>\n\n\n\n<hr class=\"wp-block-separator has-alpha-channel-opacity\" \/>\n","protected":false},"excerpt":{"rendered":"<p>O Instituto Federal de Educa\u00e7\u00e3o, Ci\u00eancia e Tecnologia Baiano &#8211; Campus Santa In\u00eas publicou of\u00edcio circular para a comunidade acad\u00eamica da unidade (Servidores, Estudantes, Pais\/Respons\u00e1veis) informando sobre as atividades essenciais que ser\u00e3o mantidas durante o movimento paredista dos(das) servidores(as) do Campus, para assegurar o funcionamento adequado do Instituto. A mobiliza\u00e7\u00e3o dos(das) servidores(as) foi iniciada no [&hellip;]<\/p>\n","protected":false},"author":86,"featured_media":18112,"comment_status":"closed","ping_status":"closed","sticky":false,"template":"","format":"standard","meta":[],"categories":[4,5,57],"tags":[],"_links":{"self":[{"href":"https:\/\/www.ifbaiano.edu.br\/unidades\/santaines\/wp-json\/wp\/v2\/posts\/21259"}],"collection":[{"href":"https:\/\/www.ifbaiano.edu.br\/unidades\/santaines\/wp-json\/wp\/v2\/posts"}],"about":[{"href":"https:\/\/www.ifbaiano.edu.br\/unidades\/santaines\/wp-json\/wp\/v2\/types\/post"}],"author":[{"embeddable":true,"href":"https:\/\/www.ifbaiano.edu.br\/unidades\/santaines\/wp-json\/wp\/v2\/users\/86"}],"replies":[{"embeddable":true,"href":"https:\/\/www.ifbaiano.edu.br\/unidades\/santaines\/wp-json\/wp\/v2\/comments?post=21259"}],"version-history":[{"count":2,"href":"https:\/\/www.ifbaiano.edu.br\/unidades\/santaines\/wp-json\/wp\/v2\/posts\/21259\/revisions"}],"predecessor-version":[{"id":21262,"href":"https:\/\/www.ifbaiano.edu.br\/unidades\/santaines\/wp-json\/wp\/v2\/posts\/21259\/revisions\/21262"}],"wp:featuredmedia":[{"embeddable":true,"href":"https:\/\/www.ifbaiano.edu.br\/unidades\/santaines\/wp-json\/wp\/v2\/media\/18112"}],"wp:attachment":[{"href":"https:\/\/www.ifbaiano.edu.br\/unidades\/santaines\/wp-json\/wp\/v2\/media?parent=21259"}],"wp:term":[{"taxonomy":"category","embeddable":true,"href":"https:\/\/www.ifbaiano.edu.br\/unidades\/santaines\/wp-json\/wp\/v2\/categories?post=21259"},{"taxonomy":"post_tag","embeddable":true,"href":"https:\/\/www.ifbaiano.edu.br\/unidades\/santaines\/wp-json\/wp\/v2\/tags?post=21259"}],"curies":[{"name":"wp","href":"https:\/\/api.w.org\/{rel}","templated":true}]}}