{"id":21266,"date":"2024-05-14T12:17:18","date_gmt":"2024-05-14T15:17:18","guid":{"rendered":"https:\/\/www.ifbaiano.edu.br\/unidades\/santaines\/?p=21266"},"modified":"2024-05-14T17:43:09","modified_gmt":"2024-05-14T20:43:09","slug":"programa-de-assistencia-e-inclusao-social-do-estudante-prorroga-inscricoes-ate-15-de-maio","status":"publish","type":"post","link":"https:\/\/www.ifbaiano.edu.br\/unidades\/santaines\/programa-de-assistencia-e-inclusao-social-do-estudante-prorroga-inscricoes-ate-15-de-maio\/","title":{"rendered":"Programa de Assist\u00eancia e Inclus\u00e3o Social do Estudante prorroga inscri\u00e7\u00f5es at\u00e9 15 de maio"},"content":{"rendered":"\n<p>As inscri\u00e7\u00f5es no Programa de Assist\u00eancia e Inclus\u00e3o Social do Estudante &#8211; PAISE 2024 do IF Baiano &#8211; Campus Santa In\u00eas foram prorrogadas para o dia\u00a0<strong>15 de maio<\/strong> por meio do <a href=\"https:\/\/www.ifbaiano.edu.br\/unidades\/santaines\/files\/2024\/05\/EDITAL-DE-RETIFICACAO-No-18_2024-PAISE.pdf\">Edital de Retifica\u00e7\u00e3o n\u00ba 18\/2024<\/a>. Os(as) candidatos(as) devem ficar atentos(as) pois o hor\u00e1rio de encerramento das inscri\u00e7\u00f5es, amanh\u00e3, dia 15 de maio, ser\u00e1 as 17h.<\/p>\n\n\n\n<p>O Programa de Assist\u00eancia e Inclus\u00e3o Social do Estudante \u2013 PAISE, integrante da pol\u00edtica de assist\u00eancia estudantil do IF Baiano tem por finalidade contribuir para o bem-estar biopsicossocial, perman\u00eancia e \u00eaxito nas atividades acad\u00eamicas de estudantes em vulnerabilidade socioecon\u00f4mica.<\/p>\n\n\n\n<p><strong>Quem pode se inscrever?<\/strong><\/p>\n\n\n\n<p>Poder\u00e1 se inscrever no PAISE 2024, estudantes devidamente matriculados e com frequ\u00eancia regular em cursos ofertados pelo campus, de n\u00edvel m\u00e9dio ou gradua\u00e7\u00e3o, nas modalidades presencial ou EAD. Ter\u00e3o prioridade estudantes que possuir renda per capita familiar de at\u00e9 um sal\u00e1rio m\u00ednimo e meio vigente ou estudante oriundo da rede p\u00fablica de educa\u00e7\u00e3o b\u00e1sica, com base no Art. 5\u00ba, do <a href=\"https:\/\/www.planalto.gov.br\/ccivil_03\/_ato2007-2010\/2010\/decreto\/d7234.htm\">Decreto n\u00ba 7.234\/2010<\/a>..<\/p>\n\n\n\n<p>O(A) interessado(a) t\u00eam duas op\u00e7\u00f5es para a realiza\u00e7\u00e3o da inscri\u00e7\u00e3o: SUAP ou E-mail. Para efetiva\u00e7\u00e3o da inscri\u00e7\u00e3o, devem ser observados os seguintes procedimentos: <\/p>\n\n\n\n<ul>\n<li><strong>Inscri\u00e7\u00f5es por meio do Sistema Unificado de Administra\u00e7\u00e3o P\u00fablica \u2013 SUAP,\u00a0<a href=\"https:\/\/suap.ifbaiano.edu.br\/\">neste link<\/a> :<\/strong><\/li>\n<\/ul>\n\n\n\n<p>O(A) estudante deve acessar o link do Programa de Assist\u00eancia e Inclus\u00e3o Social do Estudante \u2013 PAISE na p\u00e1gina inicial do Sistema; selecionar o(s) Aux\u00edlio(s) Pretendido(s), observados os crit\u00e9rios estabelecidos no item 1 do\u00a0<a href=\"https:\/\/www.ifbaiano.edu.br\/unidades\/santaines\/files\/2024\/04\/Edital-de-Retificacao-No-17_2024-PAISE.pdf\">Edital de Retifica\u00e7\u00e3o N\u00ba 17\/2024<\/a>, que retifica o <a href=\"https:\/\/www.ifbaiano.edu.br\/unidades\/santaines\/files\/2024\/04\/Edital-no-15-PAISE.pdf\">Edital N\u00ba 15\/2024<\/a>; preencher o question\u00e1rio socioecon\u00f4mico, para os estudantes que ainda n\u00e3o realizaram o procedimento ou atualizar os dados do mesmo, se necess\u00e1rio, para aqueles que cumpriram essa etapa anteriormente.<\/p>\n\n\n\n<ul>\n<li><strong>Inscri\u00e7\u00f5es atrav\u00e9s do e-mail da\u00a0clae@si.ifbaiano.edu.br<\/strong>:<\/li>\n<\/ul>\n\n\n\n<p>Devem constar as seguintes informa\u00e7\u00f5es: nome completo do estudante, curso, ano\/semestre, modalidade de ensino (integrado, subsequente, gradua\u00e7\u00e3o, EAD, PROEJA), aux\u00edlio(s) pretendido(s) e, caso seja contemplado por alguma outra bolsa ou aux\u00edlio de natureza educacional ou assistencial no \u00e2mbito acad\u00eamico, no momento, informar.<\/p>\n\n\n\n<p>O(A) estudante deve apresentar os documentos atualizados abaixo especificados:<br>a) Comprovante de inscri\u00e7\u00e3o no CAD\u00daNICO, que deve estar devidamente atualizado, a fim de comprova\u00e7\u00e3o da situa\u00e7\u00e3o de vulnerabilidade e inscri\u00e7\u00e3o no programa. Acesso atrav\u00e9s <a href=\"https:\/\/cadunico.dataprev.gov.br\/\">desse link<\/a> (se enviado atrav\u00e9s do SUAP ou de plataforma digital, o arquivo deve ser anexado, preferencialmente em formato PDF). O CAD\u00daNICO deve ser atualizado a cada dois (02) anos ou quando houver alguma mudan\u00e7a na condi\u00e7\u00e3o familiar.<br>b) C\u00f3pia do RG e CPF do estudante;<br>c) Declara\u00e7\u00e3o assinada, emitida por lideran\u00e7a reconhecida de sua respectiva comunidade ou \u00f3rg\u00e3o oficial, sobre sua condi\u00e7\u00e3o de pertencimento e resid\u00eancia na referida localidade, para o estudante de comunidades tradicionais, podendo ser entregue no momento da entrevista social;<br>d) Comprovante de conta corrente ou poupan\u00e7a, em nome do estudante, para eventuais pagamentos (se houver);<br>e) Comprovante de exist\u00eancia de doen\u00e7a cr\u00f4nica ou pessoa com defici\u00eancia na fam\u00edlia (receitu\u00e1rios m\u00e9dicos, relat\u00f3rio\/laudo m\u00e9dico e outros), em car\u00e1ter opcional, podendo ser entregue no momento da entrevista social;<br>f) Comprovante de participa\u00e7\u00e3o em programas sociais (Bolsa Fam\u00edlia, Benef\u00edcio de Presta\u00e7\u00e3o Continuada, Aux\u00edlio Safra e outros), se houver, podendo ser entregue no momento da entrevista<br>social;<br>g) Contrato de aluguel para os estudantes solicitantes de aux\u00edlio Moradia [o estudante ter\u00e1 o prazo de at\u00e9 quinze (15) dias, contados a partir da data de recebimento da primeira parcela, para o envio do documento acima especificado];<br>h) C\u00f3pia de certid\u00e3o de nascimento dos filhos com at\u00e9 5 (cinco) anos, 11 meses e 29 dias de idade no ato da inscri\u00e7\u00e3o ou laudo m\u00e9dico (comprovando situa\u00e7\u00e3o) para os filhos acima dessa idade e que possuem defici\u00eancia, para estudantes solicitantes do Aux\u00edlio Creche;<br>i) Comprovante de Resid\u00eancia.<\/p>\n\n\n\n<p>Nas inscri\u00e7\u00f5es via SUAP, o estudante dever\u00e1 anexar o CAD\u00daNICO como comprovante de renda para todos os membros familiares com idade igual ou superior a 18 anos. Os estudantes acompanhados pelo Servi\u00e7o Social ou que passaram por avalia\u00e7\u00e3o socioecon\u00f4mica nos \u00faltimos 12 meses, dispensados da entrevista a crit\u00e9rio do Assistente Social, devem anexar\/entregar toda a documenta\u00e7\u00e3o necess\u00e1ria no ato da inscri\u00e7\u00e3o, com exce\u00e7\u00e3o do contrato de aluguel. A finaliza\u00e7\u00e3o dessa etapa se dar\u00e1 ap\u00f3s o sistema gerar comprovante de efetiva\u00e7\u00e3o, cabendo ao estudante guardar o documento para apresenta\u00e7\u00e3o futura, caso haja necessidade.<\/p>\n\n\n\n<p><a href=\"https:\/\/www.ifbaiano.edu.br\/unidades\/santaines\/campus-santa-ines-seleciona-estudantes-para-participacao-em-programa-de-assistencia-e-inclusao-social-do-estudante-paise-2024\/\">Clique aqui<\/a> para acessar outras publica\u00e7\u00f5es sobre o PAISE 2024.<\/p>\n\n\n\n<hr class=\"wp-block-separator has-alpha-channel-opacity\" \/>\n","protected":false},"excerpt":{"rendered":"<p>As inscri\u00e7\u00f5es s\u00f3 poder\u00e3o ser realizadas at\u00e9 as 17h<\/p>\n","protected":false},"author":86,"featured_media":0,"comment_status":"closed","ping_status":"closed","sticky":false,"template":"","format":"standard","meta":[],"categories":[4,5,8,57],"tags":[],"_links":{"self":[{"href":"https:\/\/www.ifbaiano.edu.br\/unidades\/santaines\/wp-json\/wp\/v2\/posts\/21266"}],"collection":[{"href":"https:\/\/www.ifbaiano.edu.br\/unidades\/santaines\/wp-json\/wp\/v2\/posts"}],"about":[{"href":"https:\/\/www.ifbaiano.edu.br\/unidades\/santaines\/wp-json\/wp\/v2\/types\/post"}],"author":[{"embeddable":true,"href":"https:\/\/www.ifbaiano.edu.br\/unidades\/santaines\/wp-json\/wp\/v2\/users\/86"}],"replies":[{"embeddable":true,"href":"https:\/\/www.ifbaiano.edu.br\/unidades\/santaines\/wp-json\/wp\/v2\/comments?post=21266"}],"version-history":[{"count":2,"href":"https:\/\/www.ifbaiano.edu.br\/unidades\/santaines\/wp-json\/wp\/v2\/posts\/21266\/revisions"}],"predecessor-version":[{"id":21285,"href":"https:\/\/www.ifbaiano.edu.br\/unidades\/santaines\/wp-json\/wp\/v2\/posts\/21266\/revisions\/21285"}],"wp:attachment":[{"href":"https:\/\/www.ifbaiano.edu.br\/unidades\/santaines\/wp-json\/wp\/v2\/media?parent=21266"}],"wp:term":[{"taxonomy":"category","embeddable":true,"href":"https:\/\/www.ifbaiano.edu.br\/unidades\/santaines\/wp-json\/wp\/v2\/categories?post=21266"},{"taxonomy":"post_tag","embeddable":true,"href":"https:\/\/www.ifbaiano.edu.br\/unidades\/santaines\/wp-json\/wp\/v2\/tags?post=21266"}],"curies":[{"name":"wp","href":"https:\/\/api.w.org\/{rel}","templated":true}]}}