{"id":21296,"date":"2024-05-17T10:18:09","date_gmt":"2024-05-17T13:18:09","guid":{"rendered":"https:\/\/www.ifbaiano.edu.br\/unidades\/santaines\/?p=21296"},"modified":"2024-05-17T10:18:09","modified_gmt":"2024-05-17T13:18:09","slug":"estudante-do-if-baiano-conquista-o-1-lugar-em-competicao-nacional-de-fotografia-zootecnica","status":"publish","type":"post","link":"https:\/\/www.ifbaiano.edu.br\/unidades\/santaines\/estudante-do-if-baiano-conquista-o-1-lugar-em-competicao-nacional-de-fotografia-zootecnica\/","title":{"rendered":"Estudante do IF Baiano conquista o 1\u00b0 lugar em Competi\u00e7\u00e3o nacional de Fotografia Zoot\u00e9cnica"},"content":{"rendered":"\n<figure class=\"wp-block-image\"><img decoding=\"async\" src=\"https:\/\/ifbaiano.edu.br\/portal\/wp-content\/uploads\/2024\/05\/estudante-premiada-2.jpeg\" alt=\"\" class=\"wp-image-30806\" \/><figcaption class=\"wp-element-caption\">Inara Sales participou da primeira edi\u00e7\u00e3o da competi\u00e7\u00e3o na categoria estudante.<\/figcaption><\/figure>\n\n\n\n<p>A estudante Inara Sales Costa, graduanda em Zootecnia, no IF Baiano \u2013 Campus Santa In\u00eas foi a vencedora do pr\u00eamio \u201cOutro Olhar Zoot\u00e9cnico de Fotografia\u201d, conquistando o 1\u00b0 lugar na competi\u00e7\u00e3o, com a fotografia intitulada: \u201cMel verde do semi\u00e1rido baiano\u201d.<\/p>\n\n\n\n<p>A entrega e homologa\u00e7\u00e3o do pr\u00eamio foram feitas, no dia 13 de maio, durante o Congresso Brasileiro de Zootecnia (ZOOTEC), no Centro de Cultura e Eventos Pl\u00ednio Arlindo de Nes, em Chapec\u00f3 \u2013 Santa Catarina.<\/p>\n\n\n\n<p>O evento \u00e9 realizado pela Associa\u00e7\u00e3o Brasileira de Zootecnistas (ABZ) e consiste numa competi\u00e7\u00e3o de fotografia voltada para a \u00e1rea de Zootecnia. Esta foi a primeira edi\u00e7\u00e3o do evento e trouxe como tema \u201cUniverso da zootecnia\u201d. A premia\u00e7\u00e3o foi dividida em 2 categorias: estudante e profissional. Inara conquistou o 1\u00ba lugar na categoria estudante.<\/p>\n\n\n\n<p>A estudante de Zootecnia tomou conhecimento da competi\u00e7\u00e3o por meio de uma publica\u00e7\u00e3o nas redes sociais, e se inscreveu, atrav\u00e9s de um formul\u00e1rio disponibilizado pela organiza\u00e7\u00e3o.<\/p>\n\n\n\n<p>Para fazer a fotografia, Inara contou que utilizou alguns conhecimentos aprendidos no curso de Zootecnia.<\/p>\n\n\n\n<blockquote class=\"wp-block-quote\">\n<figure class=\"wp-block-image\"><img decoding=\"async\" src=\"https:\/\/ifbaiano.edu.br\/portal\/wp-content\/uploads\/2024\/05\/estudante-premiada-1.jpeg\" alt=\"\" class=\"wp-image-30807\" \/><figcaption class=\"wp-element-caption\">Fotografia vencedora: \u201cMel verde do semi\u00e1rido baiano\u201d.<\/figcaption><\/figure>\n\n\n\n<p>\u201cTenho tido muito contato com abelhas sem ferr\u00e3o nessa reta final de curso, e em uma das aulas pr\u00e1ticas no setor quando fomos fazer o manejo, identificamos e nos surpreendemos com a colora\u00e7\u00e3o verde do mel na caixa de abelhas\u201d.<\/p>\n<\/blockquote>\n\n\n\n<p>A futura zootecnista contou que os aprendizados, associados \u00e0 sua participa\u00e7\u00e3o na competi\u00e7\u00e3o de fotografia, e a conquista do pr\u00eamio s\u00e3o muito importantes para sua trajet\u00f3ria acad\u00eamica, confirmando o seu comprometimento em se tornar uma profissional dedicada.<\/p>\n\n\n\n<blockquote class=\"wp-block-quote\">\n<p>\u201cPra mim marca a concretiza\u00e7\u00e3o de todo o aprendizado que colecionei durante esses 5 anos de curso e tamb\u00e9m o in\u00edcio de uma jornada profissional linda. Me sinto muito orgulhosa de trazer esse pr\u00eamio pra o campus que me acolheu tanto no ensino m\u00e9dio quanto agora na gradua\u00e7\u00e3o, sobretudo, me sinto realizada.\u201d<\/p>\n\n\n\n<hr class=\"wp-block-separator has-alpha-channel-opacity\" \/>\n<\/blockquote>\n","protected":false},"excerpt":{"rendered":"<p>A estudante Inara Sales Costa, graduanda em Zootecnia, no IF Baiano \u2013 Campus Santa In\u00eas foi a vencedora do pr\u00eamio \u201cOutro Olhar Zoot\u00e9cnico de Fotografia\u201d, conquistando o 1\u00b0 lugar na competi\u00e7\u00e3o, com a fotografia intitulada: \u201cMel verde do semi\u00e1rido baiano\u201d. A entrega e homologa\u00e7\u00e3o do pr\u00eamio foram feitas, no dia 13 de maio, durante o [&hellip;]<\/p>\n","protected":false},"author":86,"featured_media":21298,"comment_status":"closed","ping_status":"closed","sticky":false,"template":"","format":"standard","meta":[],"categories":[4,12,5,57],"tags":[],"_links":{"self":[{"href":"https:\/\/www.ifbaiano.edu.br\/unidades\/santaines\/wp-json\/wp\/v2\/posts\/21296"}],"collection":[{"href":"https:\/\/www.ifbaiano.edu.br\/unidades\/santaines\/wp-json\/wp\/v2\/posts"}],"about":[{"href":"https:\/\/www.ifbaiano.edu.br\/unidades\/santaines\/wp-json\/wp\/v2\/types\/post"}],"author":[{"embeddable":true,"href":"https:\/\/www.ifbaiano.edu.br\/unidades\/santaines\/wp-json\/wp\/v2\/users\/86"}],"replies":[{"embeddable":true,"href":"https:\/\/www.ifbaiano.edu.br\/unidades\/santaines\/wp-json\/wp\/v2\/comments?post=21296"}],"version-history":[{"count":1,"href":"https:\/\/www.ifbaiano.edu.br\/unidades\/santaines\/wp-json\/wp\/v2\/posts\/21296\/revisions"}],"predecessor-version":[{"id":21299,"href":"https:\/\/www.ifbaiano.edu.br\/unidades\/santaines\/wp-json\/wp\/v2\/posts\/21296\/revisions\/21299"}],"wp:featuredmedia":[{"embeddable":true,"href":"https:\/\/www.ifbaiano.edu.br\/unidades\/santaines\/wp-json\/wp\/v2\/media\/21298"}],"wp:attachment":[{"href":"https:\/\/www.ifbaiano.edu.br\/unidades\/santaines\/wp-json\/wp\/v2\/media?parent=21296"}],"wp:term":[{"taxonomy":"category","embeddable":true,"href":"https:\/\/www.ifbaiano.edu.br\/unidades\/santaines\/wp-json\/wp\/v2\/categories?post=21296"},{"taxonomy":"post_tag","embeddable":true,"href":"https:\/\/www.ifbaiano.edu.br\/unidades\/santaines\/wp-json\/wp\/v2\/tags?post=21296"}],"curies":[{"name":"wp","href":"https:\/\/api.w.org\/{rel}","templated":true}]}}