{"id":21320,"date":"2024-05-24T11:24:37","date_gmt":"2024-05-24T14:24:37","guid":{"rendered":"https:\/\/www.ifbaiano.edu.br\/unidades\/santaines\/?p=21320"},"modified":"2024-05-24T11:24:37","modified_gmt":"2024-05-24T14:24:37","slug":"estudantes-do-campus-santa-ines-devem-responder-ao-questionario-de-caracterizacao-socioeconomica","status":"publish","type":"post","link":"https:\/\/www.ifbaiano.edu.br\/unidades\/santaines\/estudantes-do-campus-santa-ines-devem-responder-ao-questionario-de-caracterizacao-socioeconomica\/","title":{"rendered":"Estudantes do Campus Santa In\u00eas devem responder ao question\u00e1rio de caracteriza\u00e7\u00e3o socioecon\u00f4mica"},"content":{"rendered":"\n<p>Estudantes do Campus Santa In\u00eas s\u00e3o orientados a responderem o Question\u00e1rio de Caracteriza\u00e7\u00e3o Social, documento essencial na coleta de informa\u00e7\u00f5es que permitam conhecer seu perfil socioecon\u00f4mico da comunidade estudantil. Essas informa\u00e7\u00f5es ir\u00e3o subsidiar as Pol\u00edticas de Assist\u00eancia Estudantil. O Question\u00e1rio Socioecon\u00f4mico deve ser preenchido por todos(as) os(as) estudantes do Campus, at\u00e9 o dia 15 de junho, no <a href=\"https:\/\/suap.ifbaiano.edu.br\/accounts\/login\/\">Sistema Unificado de Administra\u00e7\u00e3o P\u00fablica \u2013 SUAP<\/a>.<\/p>\n\n\n\n<p>De acordo com o Diretor Acad\u00eamico, professor Andr\u00e9 Leonardo, quase 37% dos estudantes do Campus Santa In\u00eas ainda n\u00e3o preencheram o question\u00e1rio e isso causa impacto, inclusive, na verba que a institui\u00e7\u00e3o recebe anualmente para Pol\u00edtica de Assist\u00eancia Estudantil. As informa\u00e7\u00f5es sobre o perfil socioecon\u00f4mico dos estudantes do Campus, segundo Andr\u00e9, tamb\u00e9m ir\u00e3o nortear as a\u00e7\u00f5es relacionadas \u00e0 assist\u00eancia estudantil da institui\u00e7\u00e3o. \u201cSe n\u00e3o tivermos essas informa\u00e7\u00f5es cadastradas, n\u00e3o teremos como justificar o recebimento de or\u00e7amento direcionado \u00e0s quest\u00f5es \u00e9tnico-racial e socioecon\u00f4mica, destinada \u00e0s pessoas com vulnerabilidade social\u201d. Comentou.<\/p>\n\n\n\n<p>Para facilitar o acesso ao SUAP para preenchimento do question\u00e1rio, um <strong><a href=\"https:\/\/youtu.be\/jf1sOfOTmOg\">v\u00eddeo<\/a><\/strong> com o passo a passo foi disponibilizado para os(as) estudantes atrav\u00e9s das Coordena\u00e7\u00f5es de Cursos, nos grupos de WhatsApp e divulgado, tamb\u00e9m, nas redes sociais do Campus. Caso o(a) estudante ainda tenha d\u00favidas durante o acesso ao sistema ou mesmo sobre o question\u00e1rio, este deve entrar em contato com a Diretoria Acad\u00eamica ou a Coordena\u00e7\u00e3o de Ensino atrav\u00e9s dos e-mails <a href=\"mailto:diretoriaacademica@si.ifbaiano.edu.br\">diretoriaacademica@si.ifbaiano.edu.br<\/a> e <a href=\"mailto:coordenacaodeensino@si.ifbaiano.edu.br\">coordenacaodeensino@si.ifbaiano.edu.br<\/a>, respectivamente.<\/p>\n\n\n\n<hr class=\"wp-block-separator has-alpha-channel-opacity\" \/>\n\n\n\n<p><\/p>\n","protected":false},"excerpt":{"rendered":"<p>Estudantes do Campus Santa In\u00eas s\u00e3o orientados a responderem o Question\u00e1rio de Caracteriza\u00e7\u00e3o Social, documento essencial na coleta de informa\u00e7\u00f5es que permitam conhecer seu perfil socioecon\u00f4mico da comunidade estudantil. Essas informa\u00e7\u00f5es ir\u00e3o subsidiar as Pol\u00edticas de Assist\u00eancia Estudantil. O Question\u00e1rio Socioecon\u00f4mico deve ser preenchido por todos(as) os(as) estudantes do Campus, at\u00e9 o dia 15 de [&hellip;]<\/p>\n","protected":false},"author":86,"featured_media":15580,"comment_status":"closed","ping_status":"closed","sticky":false,"template":"","format":"standard","meta":[],"categories":[4,38,5,57],"tags":[],"_links":{"self":[{"href":"https:\/\/www.ifbaiano.edu.br\/unidades\/santaines\/wp-json\/wp\/v2\/posts\/21320"}],"collection":[{"href":"https:\/\/www.ifbaiano.edu.br\/unidades\/santaines\/wp-json\/wp\/v2\/posts"}],"about":[{"href":"https:\/\/www.ifbaiano.edu.br\/unidades\/santaines\/wp-json\/wp\/v2\/types\/post"}],"author":[{"embeddable":true,"href":"https:\/\/www.ifbaiano.edu.br\/unidades\/santaines\/wp-json\/wp\/v2\/users\/86"}],"replies":[{"embeddable":true,"href":"https:\/\/www.ifbaiano.edu.br\/unidades\/santaines\/wp-json\/wp\/v2\/comments?post=21320"}],"version-history":[{"count":1,"href":"https:\/\/www.ifbaiano.edu.br\/unidades\/santaines\/wp-json\/wp\/v2\/posts\/21320\/revisions"}],"predecessor-version":[{"id":21321,"href":"https:\/\/www.ifbaiano.edu.br\/unidades\/santaines\/wp-json\/wp\/v2\/posts\/21320\/revisions\/21321"}],"wp:featuredmedia":[{"embeddable":true,"href":"https:\/\/www.ifbaiano.edu.br\/unidades\/santaines\/wp-json\/wp\/v2\/media\/15580"}],"wp:attachment":[{"href":"https:\/\/www.ifbaiano.edu.br\/unidades\/santaines\/wp-json\/wp\/v2\/media?parent=21320"}],"wp:term":[{"taxonomy":"category","embeddable":true,"href":"https:\/\/www.ifbaiano.edu.br\/unidades\/santaines\/wp-json\/wp\/v2\/categories?post=21320"},{"taxonomy":"post_tag","embeddable":true,"href":"https:\/\/www.ifbaiano.edu.br\/unidades\/santaines\/wp-json\/wp\/v2\/tags?post=21320"}],"curies":[{"name":"wp","href":"https:\/\/api.w.org\/{rel}","templated":true}]}}