{"id":21325,"date":"2024-05-27T11:07:47","date_gmt":"2024-05-27T14:07:47","guid":{"rendered":"https:\/\/www.ifbaiano.edu.br\/unidades\/santaines\/?p=21325"},"modified":"2024-05-27T14:02:02","modified_gmt":"2024-05-27T17:02:02","slug":"estudante-do-campus-santa-ines-participa-da-omif-2024","status":"publish","type":"post","link":"https:\/\/www.ifbaiano.edu.br\/unidades\/santaines\/estudante-do-campus-santa-ines-participa-da-omif-2024\/","title":{"rendered":"Estudante do Campus Santa In\u00eas participa da OMIF 2024"},"content":{"rendered":"\n<div class=\"wp-block-media-text alignwide is-stacked-on-mobile\"><figure class=\"wp-block-media-text__media\"><img decoding=\"async\" loading=\"lazy\" width=\"1280\" height=\"960\" src=\"https:\/\/www.ifbaiano.edu.br\/unidades\/santaines\/files\/2024\/05\/abfdb383-341e-4ff7-9439-ddebbf79e65f.jpg\" alt=\"\" class=\"wp-image-21326 size-full\" \/><\/figure><div class=\"wp-block-media-text__content\">\n<p>O estudante Alisson Vieira Chaves, da turma do segundo ano do Curso T\u00e9cnico em Alimentos do IF Baiano &#8211; Campus Santa In\u00eas, participou da segunda fase da Olimp\u00edada de Matem\u00e1tica das Institui\u00e7\u00f5es Federais &#8211; OMIF 2023, que aconteceu em Cuiab\u00e1, no per\u00edodo de 24 a 26 de maio de 2024, acompanhado de seu professor Anast\u00e1cio Brito Alves.<\/p>\n<\/div><\/div>\n\n\n\n<p>De acordo com a professora Genilda Lima, Diretora Geral do Campus Santa In\u00eas, a participa\u00e7\u00e3o dos estudantes em eventos desse porte representa uma experi\u00eancia enriquecedora &#8220;pois proporciona aos estudantes, uma vis\u00e3o ampla e abrangente das diferentes \u00e1reas do conhecimento, al\u00e9m de ser uma oportunidade para conhecer novas pessoas, mergulhar em diferentes assuntos. Genilda tamb\u00e9m parabeniza os envolvidos pela participa\u00e7\u00e3o na OMIF 2024. &#8220;Parabenizo ao nosso estudante Alisson pela participa\u00e7\u00e3o, desejando que seu relato e experi\u00eancia possa estimular mais estudantes a participarem. E parabenizo tamb\u00e9m aos docentes da \u00e1rea e em especial ao professor Anast\u00e1cio que sempre alocou esfor\u00e7os e empenho para que nossos estudantes possam participar de momentos como este&#8221;.<\/p>\n\n\n\n<figure class=\"wp-block-gallery has-nested-images columns-default is-cropped wp-block-gallery-1 is-layout-flex\">\n<figure class=\"wp-block-image size-large\"><a href=\"https:\/\/www.ifbaiano.edu.br\/unidades\/santaines\/files\/2024\/05\/09c72cf5-bb1f-44bc-917a-eeeafec7cd83.jpg\"><img decoding=\"async\" loading=\"lazy\" width=\"960\" height=\"1280\" data-id=\"21327\"  src=\"https:\/\/www.ifbaiano.edu.br\/unidades\/santaines\/files\/2024\/05\/09c72cf5-bb1f-44bc-917a-eeeafec7cd83.jpg\" alt=\"\" class=\"wp-image-21327\" \/><\/a><\/figure>\n\n\n\n<figure class=\"wp-block-image size-full\"><a href=\"https:\/\/www.ifbaiano.edu.br\/unidades\/santaines\/files\/2024\/05\/5f35f819-fb60-4417-9dbc-e8db0b177bb5.jpg\"><img decoding=\"async\" loading=\"lazy\" width=\"1600\" height=\"1204\" data-id=\"21332\"  src=\"https:\/\/www.ifbaiano.edu.br\/unidades\/santaines\/files\/2024\/05\/5f35f819-fb60-4417-9dbc-e8db0b177bb5.jpg\" alt=\"\" class=\"wp-image-21332\" \/><\/a><\/figure>\n\n\n\n<figure class=\"wp-block-image size-large\"><a href=\"https:\/\/www.ifbaiano.edu.br\/unidades\/santaines\/files\/2024\/05\/f7a36000-2639-4d66-9b49-1eb4f5926bd9.jpg\"><img decoding=\"async\" loading=\"lazy\" width=\"960\" height=\"1280\" data-id=\"21328\"  src=\"https:\/\/www.ifbaiano.edu.br\/unidades\/santaines\/files\/2024\/05\/f7a36000-2639-4d66-9b49-1eb4f5926bd9.jpg\" alt=\"\" class=\"wp-image-21328\" \/><\/a><\/figure>\n<\/figure>\n\n\n\n<p>Para Alisson, participar da OMIF 2023\/2024 foi uma experi\u00eancia muito importante e motivadora. &#8220;Foi nada menos que incr\u00edvel! Posso dizer com certeza que at\u00e9 ent\u00e3o foi uma das melhores experi\u00eancias da minha vida, e que eu jamais imaginava que o mundo matem\u00e1tico ol\u00edmpico me levaria at\u00e9 ent\u00e3o. Eu fiquei extremamente motivado ao conhecer Cuiab\u00e1, em Mato Grosso, j\u00e1 que \u00e9 consideravelmente longe.&#8221; O evento contou com a participa\u00e7\u00e3o de alunos de todo o pa\u00eds e o contato com pessoas de realidades bem distintas, foi, para Alisson, fundamental. &#8220;A melhor parte da viagem foi, de fato, fazer amizades com pessoas de realidades t\u00e3o diferentes da minha&#8221;. <\/p>\n\n\n\n<p>Feliz em ter participado da OMIF 2024, Alison tamb\u00e9m incentiva a participa\u00e7\u00e3o de outros estudantes. &#8220;Participar da primeira fase da OMIF, e n\u00e3o s\u00f3 dela, \u00e9 extremamente gratificante, visto que voc\u00ea pode ser recompensado por todo seu esfor\u00e7o com \u00f3timas recompensas, como a viagem que fiz! Aconselho a todos que busquem pelas olimp\u00edadas, e veja que voc\u00ea tamb\u00e9m \u00e9 capaz!&#8221;. Finaliza.<\/p>\n\n\n\n<figure class=\"wp-block-gallery has-nested-images columns-default is-cropped wp-block-gallery-3 is-layout-flex\">\n<figure class=\"wp-block-image size-large\"><a href=\"https:\/\/www.ifbaiano.edu.br\/unidades\/santaines\/files\/2024\/05\/e4da09a1-f933-436e-8609-5d3ad8a15304.jpg\"><img decoding=\"async\" loading=\"lazy\" width=\"960\" height=\"1280\" data-id=\"21333\"  src=\"https:\/\/www.ifbaiano.edu.br\/unidades\/santaines\/files\/2024\/05\/e4da09a1-f933-436e-8609-5d3ad8a15304.jpg\" alt=\"\" class=\"wp-image-21333\" \/><\/a><\/figure>\n\n\n\n<figure class=\"wp-block-image size-large\"><a href=\"https:\/\/www.ifbaiano.edu.br\/unidades\/santaines\/files\/2024\/05\/08d5ae54-4368-4a32-a8d5-c867bc8582aa.jpg\"><img decoding=\"async\" loading=\"lazy\" width=\"960\" height=\"1280\" data-id=\"21335\"  src=\"https:\/\/www.ifbaiano.edu.br\/unidades\/santaines\/files\/2024\/05\/08d5ae54-4368-4a32-a8d5-c867bc8582aa.jpg\" alt=\"\" class=\"wp-image-21335\" \/><\/a><\/figure>\n\n\n\n<figure class=\"wp-block-image size-large\"><a href=\"https:\/\/www.ifbaiano.edu.br\/unidades\/santaines\/files\/2024\/05\/6590cdf2-2b76-4939-873d-6004e6848cf9.jpg\"><img decoding=\"async\" loading=\"lazy\" width=\"960\" height=\"1280\" data-id=\"21334\"  src=\"https:\/\/www.ifbaiano.edu.br\/unidades\/santaines\/files\/2024\/05\/6590cdf2-2b76-4939-873d-6004e6848cf9.jpg\" alt=\"\" class=\"wp-image-21334\" \/><\/a><\/figure>\n<\/figure>\n\n\n\n<h2 class=\"wp-block-heading\">Sobre a OMIF<\/h2>\n\n\n\n<p>A OMIF \u00e9 um projeto de ensino, pesquisa e extens\u00e3o que se caracteriza por ser uma olimp\u00edada de matem\u00e1tica e um encontro de estudantes e docentes. Ela \u00e9 direcionada para estudantes e professores do ensino t\u00e9cnico integrado ao Ensino M\u00e9dio das institui\u00e7\u00f5es da Rede Federal de Educa\u00e7\u00e3o Profissional, Cient\u00edfica e Tecnol\u00f3gica (Rede Federal) e para estudantes e professores da educa\u00e7\u00e3o b\u00e1sica da Rede Municipal e Estadual e das escolas privadas da regi\u00e3o onde ocorre o encontro.<\/p>\n\n\n\n<p>A OMIF \u00e9 realizada em duas fases: a primeira, na escola do candidato (21 a  23 de novembro de 2023) e a segunda, em um campus espec\u00edfico da Rede Federal, o qual \u00e9 definido anteriormente \u00e0 edi\u00e7\u00e3o atual, por meio de edital espec\u00edfico. A segunda fase da VI OMIF foi realizada no Instituto Federal do Mato Grosso &#8211; IFMT, no Campus Cuiab\u00e1 &#8211; Bela Vista, no per\u00edodo de 24 a 26 de maio de 2024, consistindo em um evento presencial com palestras, minicursos, oficinas, atividades culturais, cerim\u00f4nia de premia\u00e7\u00e3o, entre outras a\u00e7\u00f5es.<\/p>\n\n\n\n<hr class=\"wp-block-separator has-alpha-channel-opacity\" \/>\n\n\n\n<p><\/p>\n","protected":false},"excerpt":{"rendered":"<p>O estudante Alisson Vieira Chaves, da turma do segundo ano do Curso T\u00e9cnico em Alimentos do IF Baiano &#8211; Campus Santa In\u00eas, participou da segunda fase da Olimp\u00edada de Matem\u00e1tica das Institui\u00e7\u00f5es Federais &#8211; OMIF 2023, que aconteceu em Cuiab\u00e1, no per\u00edodo de 24 a 26 de maio de 2024, acompanhado de seu professor Anast\u00e1cio [&hellip;]<\/p>\n","protected":false},"author":86,"featured_media":21337,"comment_status":"closed","ping_status":"closed","sticky":false,"template":"","format":"standard","meta":[],"categories":[4,5,37,57],"tags":[],"_links":{"self":[{"href":"https:\/\/www.ifbaiano.edu.br\/unidades\/santaines\/wp-json\/wp\/v2\/posts\/21325"}],"collection":[{"href":"https:\/\/www.ifbaiano.edu.br\/unidades\/santaines\/wp-json\/wp\/v2\/posts"}],"about":[{"href":"https:\/\/www.ifbaiano.edu.br\/unidades\/santaines\/wp-json\/wp\/v2\/types\/post"}],"author":[{"embeddable":true,"href":"https:\/\/www.ifbaiano.edu.br\/unidades\/santaines\/wp-json\/wp\/v2\/users\/86"}],"replies":[{"embeddable":true,"href":"https:\/\/www.ifbaiano.edu.br\/unidades\/santaines\/wp-json\/wp\/v2\/comments?post=21325"}],"version-history":[{"count":2,"href":"https:\/\/www.ifbaiano.edu.br\/unidades\/santaines\/wp-json\/wp\/v2\/posts\/21325\/revisions"}],"predecessor-version":[{"id":21339,"href":"https:\/\/www.ifbaiano.edu.br\/unidades\/santaines\/wp-json\/wp\/v2\/posts\/21325\/revisions\/21339"}],"wp:featuredmedia":[{"embeddable":true,"href":"https:\/\/www.ifbaiano.edu.br\/unidades\/santaines\/wp-json\/wp\/v2\/media\/21337"}],"wp:attachment":[{"href":"https:\/\/www.ifbaiano.edu.br\/unidades\/santaines\/wp-json\/wp\/v2\/media?parent=21325"}],"wp:term":[{"taxonomy":"category","embeddable":true,"href":"https:\/\/www.ifbaiano.edu.br\/unidades\/santaines\/wp-json\/wp\/v2\/categories?post=21325"},{"taxonomy":"post_tag","embeddable":true,"href":"https:\/\/www.ifbaiano.edu.br\/unidades\/santaines\/wp-json\/wp\/v2\/tags?post=21325"}],"curies":[{"name":"wp","href":"https:\/\/api.w.org\/{rel}","templated":true}]}}