{"id":21356,"date":"2024-06-05T17:48:32","date_gmt":"2024-06-05T20:48:32","guid":{"rendered":"https:\/\/www.ifbaiano.edu.br\/unidades\/santaines\/?p=21356"},"modified":"2024-06-05T17:48:32","modified_gmt":"2024-06-05T20:48:32","slug":"estudantes-do-campus-santa-ines-realizam-prova-da-primeira-fase-da-obmep-2024","status":"publish","type":"post","link":"https:\/\/www.ifbaiano.edu.br\/unidades\/santaines\/estudantes-do-campus-santa-ines-realizam-prova-da-primeira-fase-da-obmep-2024\/","title":{"rendered":"Estudantes do Campus Santa In\u00eas realizam prova da primeira Fase da OBMEP 2024"},"content":{"rendered":"\n<p>Na tarde de ontem, 04, estudantes dos Cursos T\u00e9cnicos Integrados, do Campus Santa In\u00eas, realizaram a prova referente \u00e0 primeira fase da Olimp\u00edada Brasileira de Matem\u00e1tica das Escolas P\u00fablicas \u2013 OBMEP agendadas para essa data em todo territ\u00f3rio nacional.<\/p>\n\n\n\n<figure class=\"wp-block-image\"><img decoding=\"async\" loading=\"lazy\" width=\"1152\" height=\"864\" src=\"https:\/\/www.ifbaiano.edu.br\/unidades\/santaines\/files\/2024\/06\/72d670c3-d78a-4aa2-ad5d-ef1414b7db98.jpg\" alt=\"\" class=\"wp-image-21358\" \/><\/figure>\n\n\n\n<p>Os Servidores do IF Baiano \u2013 Campus Santa In\u00eas continuam em greve e as atividades essenciais est\u00e3o mantidas durante esse movimento paredista. Entretanto, o <a href=\"https:\/\/www.obmep.org.br\/calendario.htm\">calend\u00e1rio<\/a> com as datas para aplica\u00e7\u00e3o das provas da OBMEP \u00e9 definido pelo pr\u00f3prio programa e estas acontecem, ao mesmo tempo, em todas as escolas cadastradas.<\/p>\n\n\n\n<p>A Diretora Geral, professora Genilda Lima, pontuou o contexto delicado para a realiza\u00e7\u00e3o das Olimp\u00edadas, uma vez que os servidores, de forma leg\u00edtima, est\u00e3o em greve. No entanto, houve todos os esfor\u00e7os da gest\u00e3o para organizar a log\u00edstica junto com o professor respons\u00e1vel para a realiza\u00e7\u00e3o da prova, por entender a import\u00e2ncia das olimp\u00edadas para os estudantes e para a institui\u00e7\u00e3o.<\/p>\n\n\n\n<p>De acordo com o professor Anast\u00e1cio Alves, coordenador local da OBMEP, apenas dezesseis estudantes compareceram para a realiza\u00e7\u00e3o da prova nessa primeira fase. Anast\u00e1cio \u00e9 respons\u00e1vel, no Campus, por todo o processo de divulga\u00e7\u00e3o da OBMEP, inscri\u00e7\u00e3o, aplica\u00e7\u00e3o de provas, acompanhamento de estudantes do campus e tamb\u00e9m realiza aulas preparat\u00f3rias para as Olimp\u00edadas.<\/p>\n\n\n\n<p>O professor Anast\u00e1cio acredita que A OBMEP pode \u201cabrir muitas portas para os estudantes\u201d e oportunidades, tamb\u00e9m para os professores. \u201cA OBMEP pra mim \u00e9 uma oportunidade de me qualificar cada vez mais, de fornecer melhores treinamentos para meus estudantes e, sobretudo, de motiv\u00e1-los a estudar Matem\u00e1tica cada vez mais\u201d. Diz Anast\u00e1cio.<\/p>\n\n\n\n<p>Caroline Cruz, estudante do 2\u00b0 ano A do Curso T\u00e9cnico em Agropecu\u00e1ria, afirma que a OBMEP n\u00e3o s\u00f3 \u00e9 a olimp\u00edada mais aguardada do ano, como tamb\u00e9m \u00e1 a que gera mais ansiedade, mas \u00e9 tamb\u00e9m a olimp\u00edada mais divertida. \u201cA OBMEP foi a primeira olimp\u00edada que eu fiz na vida e tamb\u00e9m foi a primeira na qual eu tive o prazer de ser premiada. Foi a respons\u00e1vel por despertar em mim o interesse por outras olimp\u00edadas e por me fazer gostar ainda mais de matem\u00e1tica\u201d relata.<\/p>\n\n\n\n<p>Alisson Vieira Chaves, aluno do 2\u00b0 ano E do Curso T\u00e9cnico em Alimentos, tamb\u00e9m fala sobre suas expectativas com a OBMEP. \u201cEspero que a olimp\u00edada em si cumpra seu objetivo de estimular a pr\u00e1tica da matem\u00e1tica e somar novos talentos, visto que, espero \u00f3timos resultados com a primeira e segunda fase, at\u00e9 porque a prova nos incentiva a aprender cada vez mais a matem\u00e1tica, de forma din\u00e2mica e divertida\u201d.<\/p>\n\n\n\n<p>No m\u00eas de outubro, \u00e0s 14h30min do dia 19, acontecem as provas da segunda fase e no dia 20 de dezembro est\u00e1 prevista a <a href=\"https:\/\/www.obmep.org.br\/,\">divulga\u00e7\u00e3o dos premiados<\/a>.<\/p>\n\n\n\n<figure class=\"wp-block-image size-full\"><a href=\"https:\/\/www.ifbaiano.edu.br\/unidades\/santaines\/files\/2024\/06\/b81e5532-f195-4e5c-b6b1-0219ab21a672.jpg\"><img decoding=\"async\" loading=\"lazy\" width=\"1280\" height=\"720\" src=\"https:\/\/www.ifbaiano.edu.br\/unidades\/santaines\/files\/2024\/06\/b81e5532-f195-4e5c-b6b1-0219ab21a672.jpg\" alt=\"\" class=\"wp-image-21359\" \/><\/a><\/figure>\n\n\n\n<p><strong>Sobre a OBMEP<\/strong><\/p>\n\n\n\n<p>A OBMEP \u00e9 um projeto nacional dirigido \u00e0s escolas p\u00fablicas e privadas brasileiras, realizado pelo Instituto de Matem\u00e1tica Pura e Aplicada &#8211; IMPA, com o apoio da Sociedade Brasileira de Matem\u00e1tica \u2013 SBM, e promovida com recursos do Minist\u00e9rio da Educa\u00e7\u00e3o &#8211; MEC e do Minist\u00e9rio da Ci\u00eancia, Tecnologia e Inova\u00e7\u00e3o &#8211; MCTI.<\/p>\n\n\n\n<p>Criada em 2005 para estimular o estudo da matem\u00e1tica e identificar talentos na \u00e1rea, a OBMEP tem como objetivos principais:<\/p>\n\n\n\n<ul>\n<li>Estimular e promover o estudo da Matem\u00e1tica;<\/li>\n\n\n\n<li>Contribuir para a melhoria da qualidade da educa\u00e7\u00e3o b\u00e1sica, possibilitando que um maior n\u00famero de alunos brasileiros possa ter acesso a material did\u00e1tico de qualidade;<\/li>\n\n\n\n<li>Identificar jovens talentos e incentivar seu ingresso em universidades, nas \u00e1reas cient\u00edficas e tecnol\u00f3gicas;<\/li>\n\n\n\n<li>Incentivar o aperfei\u00e7oamento dos professores das escolas p\u00fablicas, contribuindo para a sua valoriza\u00e7\u00e3o profissional;<\/li>\n\n\n\n<li>Contribuir para a integra\u00e7\u00e3o das escolas brasileiras com as universidades p\u00fablicas, os institutos de pesquisa e com as sociedades cient\u00edficas;<\/li>\n\n\n\n<li>Promover a inclus\u00e3o social por meio da difus\u00e3o do conhecimento.<\/li>\n<\/ul>\n\n\n\n<p><br>O p\u00fablico-alvo da OBMEP \u00e9 composto de alunos do 6\u00ba ano do Ensino Fundamental at\u00e9 \u00faltimo ano do Ensino M\u00e9dio.<\/p>\n\n\n\n<p><a href=\"https:\/\/www.obmep.org.br\/apresentacao.htm\">fonte do Texto sobre a OBMEP<\/a><\/p>\n\n\n\n<hr class=\"wp-block-separator has-alpha-channel-opacity\" \/>\n\n\n\n<p><\/p>\n","protected":false},"excerpt":{"rendered":"<p>Na tarde de ontem, 04, estudantes dos Cursos T\u00e9cnicos Integrados, do Campus Santa In\u00eas, realizaram a prova referente \u00e0 primeira fase da Olimp\u00edada Brasileira de Matem\u00e1tica das Escolas P\u00fablicas \u2013 OBMEP agendadas para essa data em todo territ\u00f3rio nacional. Os Servidores do IF Baiano \u2013 Campus Santa In\u00eas continuam em greve e as atividades essenciais [&hellip;]<\/p>\n","protected":false},"author":86,"featured_media":21357,"comment_status":"closed","ping_status":"closed","sticky":false,"template":"","format":"standard","meta":[],"categories":[4,5,57],"tags":[],"_links":{"self":[{"href":"https:\/\/www.ifbaiano.edu.br\/unidades\/santaines\/wp-json\/wp\/v2\/posts\/21356"}],"collection":[{"href":"https:\/\/www.ifbaiano.edu.br\/unidades\/santaines\/wp-json\/wp\/v2\/posts"}],"about":[{"href":"https:\/\/www.ifbaiano.edu.br\/unidades\/santaines\/wp-json\/wp\/v2\/types\/post"}],"author":[{"embeddable":true,"href":"https:\/\/www.ifbaiano.edu.br\/unidades\/santaines\/wp-json\/wp\/v2\/users\/86"}],"replies":[{"embeddable":true,"href":"https:\/\/www.ifbaiano.edu.br\/unidades\/santaines\/wp-json\/wp\/v2\/comments?post=21356"}],"version-history":[{"count":7,"href":"https:\/\/www.ifbaiano.edu.br\/unidades\/santaines\/wp-json\/wp\/v2\/posts\/21356\/revisions"}],"predecessor-version":[{"id":21366,"href":"https:\/\/www.ifbaiano.edu.br\/unidades\/santaines\/wp-json\/wp\/v2\/posts\/21356\/revisions\/21366"}],"wp:featuredmedia":[{"embeddable":true,"href":"https:\/\/www.ifbaiano.edu.br\/unidades\/santaines\/wp-json\/wp\/v2\/media\/21357"}],"wp:attachment":[{"href":"https:\/\/www.ifbaiano.edu.br\/unidades\/santaines\/wp-json\/wp\/v2\/media?parent=21356"}],"wp:term":[{"taxonomy":"category","embeddable":true,"href":"https:\/\/www.ifbaiano.edu.br\/unidades\/santaines\/wp-json\/wp\/v2\/categories?post=21356"},{"taxonomy":"post_tag","embeddable":true,"href":"https:\/\/www.ifbaiano.edu.br\/unidades\/santaines\/wp-json\/wp\/v2\/tags?post=21356"}],"curies":[{"name":"wp","href":"https:\/\/api.w.org\/{rel}","templated":true}]}}