{"id":21378,"date":"2024-06-10T16:41:37","date_gmt":"2024-06-10T19:41:37","guid":{"rendered":"https:\/\/www.ifbaiano.edu.br\/unidades\/santaines\/?p=21378"},"modified":"2024-06-10T17:03:13","modified_gmt":"2024-06-10T20:03:13","slug":"nota-informativa-referente-ao-edital-paise-2024","status":"publish","type":"post","link":"https:\/\/www.ifbaiano.edu.br\/unidades\/santaines\/nota-informativa-referente-ao-edital-paise-2024\/","title":{"rendered":"Nota Informativa referente ao Edital PAISE 2024"},"content":{"rendered":"\n<p>A Diretora-Geral do IF Baiano &#8211; Campus Santa In\u00eas, Genilda de Souza Lima, divulga, nesta segunda-feira, dia\u00a010 de junho, uma nota p\u00fablica aos discentes do Campus.<\/p>\n\n\n\n<p>Cumprindo o que disp\u00f5e o Edital n\u00ba 15, de 25 de abril de 2024 &#8211; PROGRAMA DE ASSIST\u00caNCIA E INCLUS\u00c3O SOCIAL DO ESTUDANTE (PAISE 2024) e suas retifica\u00e7\u00f5es, foi publicado na manh\u00e3 desta segunda-feira, 10\/06\/2024, o resultado preliminar da sele\u00e7\u00e3o. Ainda conforme previs\u00e3o do Edital, no dia 11\/06\/2024 ser\u00e1 publicada o resultado final.<\/p>\n\n\n\n<p>Considerando que tivemos mais inscri\u00e7\u00f5es do que o n\u00famero total de vagas previstas no Edital, alguns alunos ficaram com status (classificado). Isso se deu em fun\u00e7\u00e3o da limita\u00e7\u00e3o or\u00e7ament\u00e1ria para custear os aux\u00edlios, j\u00e1 de conhecimento p\u00fablico.<\/p>\n\n\n\n<p>Entendendo a import\u00e2ncia dos aux\u00edlios para a perman\u00eancia dos nossos estudantes, e que a sua garantia est\u00e1 prevista na pol\u00edtica de assist\u00eancia estudantil, a gest\u00e3o do Campus, especificamente a Dire\u00e7\u00e3o-Geral, Diretoria Administrativa e Coordena\u00e7\u00e3o Financeira, estar\u00e3o reunidos no dia 11\/06\/2024 a fim de realizar uma avalia\u00e7\u00e3o detalhada da possibilidade de ampliar o quantitativo de contemplados.<\/p>\n\n\n\n<p>Nossas a\u00e7\u00f5es tamb\u00e9m estar\u00e3o concentradas na busca por recursos atrav\u00e9s de emendas parlamentares, bem como no aguardo da recomposi\u00e7\u00e3o do or\u00e7amento da assist\u00eancia estudantil pelo Governo Federal.<\/p>\n\n\n\n<p>A nota completa pode ser acessada\u00a0<a href=\"https:\/\/www.ifbaiano.edu.br\/unidades\/santaines\/files\/2024\/06\/Nota-Informativa-PAISE-2024.pdf\">aqui<\/a>.<\/p>\n\n\n\n<hr class=\"wp-block-separator has-alpha-channel-opacity\" \/>\n\n\n\n<p><br><\/p>\n","protected":false},"excerpt":{"rendered":"<p>A Diretora-Geral do IF Baiano &#8211; Campus Santa In\u00eas, Genilda de Souza Lima, divulga, nesta segunda-feira, dia\u00a010 de junho, uma nota p\u00fablica aos discentes do Campus. Cumprindo o que disp\u00f5e o Edital n\u00ba 15, de 25 de abril de 2024 &#8211; PROGRAMA DE ASSIST\u00caNCIA E INCLUS\u00c3O SOCIAL DO ESTUDANTE (PAISE 2024) e suas retifica\u00e7\u00f5es, foi [&hellip;]<\/p>\n","protected":false},"author":86,"featured_media":21382,"comment_status":"closed","ping_status":"closed","sticky":false,"template":"","format":"standard","meta":[],"categories":[4,5,10,57],"tags":[],"_links":{"self":[{"href":"https:\/\/www.ifbaiano.edu.br\/unidades\/santaines\/wp-json\/wp\/v2\/posts\/21378"}],"collection":[{"href":"https:\/\/www.ifbaiano.edu.br\/unidades\/santaines\/wp-json\/wp\/v2\/posts"}],"about":[{"href":"https:\/\/www.ifbaiano.edu.br\/unidades\/santaines\/wp-json\/wp\/v2\/types\/post"}],"author":[{"embeddable":true,"href":"https:\/\/www.ifbaiano.edu.br\/unidades\/santaines\/wp-json\/wp\/v2\/users\/86"}],"replies":[{"embeddable":true,"href":"https:\/\/www.ifbaiano.edu.br\/unidades\/santaines\/wp-json\/wp\/v2\/comments?post=21378"}],"version-history":[{"count":2,"href":"https:\/\/www.ifbaiano.edu.br\/unidades\/santaines\/wp-json\/wp\/v2\/posts\/21378\/revisions"}],"predecessor-version":[{"id":21384,"href":"https:\/\/www.ifbaiano.edu.br\/unidades\/santaines\/wp-json\/wp\/v2\/posts\/21378\/revisions\/21384"}],"wp:featuredmedia":[{"embeddable":true,"href":"https:\/\/www.ifbaiano.edu.br\/unidades\/santaines\/wp-json\/wp\/v2\/media\/21382"}],"wp:attachment":[{"href":"https:\/\/www.ifbaiano.edu.br\/unidades\/santaines\/wp-json\/wp\/v2\/media?parent=21378"}],"wp:term":[{"taxonomy":"category","embeddable":true,"href":"https:\/\/www.ifbaiano.edu.br\/unidades\/santaines\/wp-json\/wp\/v2\/categories?post=21378"},{"taxonomy":"post_tag","embeddable":true,"href":"https:\/\/www.ifbaiano.edu.br\/unidades\/santaines\/wp-json\/wp\/v2\/tags?post=21378"}],"curies":[{"name":"wp","href":"https:\/\/api.w.org\/{rel}","templated":true}]}}