{"id":21404,"date":"2024-06-12T17:31:18","date_gmt":"2024-06-12T20:31:18","guid":{"rendered":"https:\/\/www.ifbaiano.edu.br\/unidades\/santaines\/?p=21404"},"modified":"2024-06-12T18:13:24","modified_gmt":"2024-06-12T21:13:24","slug":"nova-nota-informativa-referente-ao-edital-do-paise-2024","status":"publish","type":"post","link":"https:\/\/www.ifbaiano.edu.br\/unidades\/santaines\/nova-nota-informativa-referente-ao-edital-do-paise-2024\/","title":{"rendered":"Nova Nota Informativa referente ao PAISE 2024"},"content":{"rendered":"\n<p>A Diretora Geral do Campus Santa In\u00eas, Genilda Lima, publica nova Nota Informativa referente ao Edital do Programa de Assist\u00eancia e Inclus\u00e3o Social do Estudante &#8211; PAISE 2024: <\/p>\n\n\n\n<p>Conforme j\u00e1 adiantado por meio de Nota Informativa no dia 10 de junho de 2024, na tarde de ontem, dia 11\/06\/2024, estiveram reunidos a Diretora-Geral, Diretora Administrativa e o Coordenador Financeiro do Campus, a fim de buscar as alternativas para ampliar o quantitativo de contemplados no Edital PAISE 2024.<\/p>\n\n\n\n<p>Assim, ap\u00f3s detida an\u00e1lise das planilhas e a garantia da recomposi\u00e7\u00e3o do or\u00e7amento da assist\u00eancia estudantil, temos a grata satisfa\u00e7\u00e3o de comunicar que todos os nossos estudantes que constam com status \u201cclassificado\u201d ter\u00e3o assegurados o pagamento do respectivo aux\u00edlio.<\/p>\n\n\n\n<p>Em sendo necess\u00e1rio, mesmo n\u00e3o tendo ainda a data precisa do recebimento da recomposi\u00e7\u00e3o, faremos o remanejamento de outra rubrica do or\u00e7amento do Campus at\u00e9 a efetiva sinaliza\u00e7\u00e3o dos ajustes pelo Governo Federal.<\/p>\n\n\n\n<p>Entendemos ser prudente tal medida em fun\u00e7\u00e3o da essencialidade dos aux\u00edlios para os discentes. Estaremos sempre abertos ao di\u00e1logo, entendendo que esta \u00e9 a ferramenta mais efetiva para buscarmos cumprir nossa miss\u00e3o institucional.<\/p>\n\n\n\n<p>Clique <a href=\"https:\/\/www.ifbaiano.edu.br\/unidades\/santaines\/files\/2024\/06\/Nota-Informativa-de-12-de-junho-de-2024-PAISE.pdf\">AQUI<\/a> para acessar a nota completa.<\/p>\n\n\n\n<hr class=\"wp-block-separator has-alpha-channel-opacity\" \/>\n\n\n\n<p><\/p>\n","protected":false},"excerpt":{"rendered":"<p>A Diretora Geral do Campus Santa In\u00eas, Genilda Lima, publica nova Nota Informativa referente ao Edital do Programa de Assist\u00eancia e Inclus\u00e3o Social do Estudante &#8211; PAISE 2024: Conforme j\u00e1 adiantado por meio de Nota Informativa no dia 10 de junho de 2024, na tarde de ontem, dia 11\/06\/2024, estiveram reunidos a Diretora-Geral, Diretora Administrativa [&hellip;]<\/p>\n","protected":false},"author":86,"featured_media":21413,"comment_status":"closed","ping_status":"closed","sticky":false,"template":"","format":"standard","meta":[],"categories":[4,5,10,57],"tags":[],"_links":{"self":[{"href":"https:\/\/www.ifbaiano.edu.br\/unidades\/santaines\/wp-json\/wp\/v2\/posts\/21404"}],"collection":[{"href":"https:\/\/www.ifbaiano.edu.br\/unidades\/santaines\/wp-json\/wp\/v2\/posts"}],"about":[{"href":"https:\/\/www.ifbaiano.edu.br\/unidades\/santaines\/wp-json\/wp\/v2\/types\/post"}],"author":[{"embeddable":true,"href":"https:\/\/www.ifbaiano.edu.br\/unidades\/santaines\/wp-json\/wp\/v2\/users\/86"}],"replies":[{"embeddable":true,"href":"https:\/\/www.ifbaiano.edu.br\/unidades\/santaines\/wp-json\/wp\/v2\/comments?post=21404"}],"version-history":[{"count":3,"href":"https:\/\/www.ifbaiano.edu.br\/unidades\/santaines\/wp-json\/wp\/v2\/posts\/21404\/revisions"}],"predecessor-version":[{"id":21412,"href":"https:\/\/www.ifbaiano.edu.br\/unidades\/santaines\/wp-json\/wp\/v2\/posts\/21404\/revisions\/21412"}],"wp:featuredmedia":[{"embeddable":true,"href":"https:\/\/www.ifbaiano.edu.br\/unidades\/santaines\/wp-json\/wp\/v2\/media\/21413"}],"wp:attachment":[{"href":"https:\/\/www.ifbaiano.edu.br\/unidades\/santaines\/wp-json\/wp\/v2\/media?parent=21404"}],"wp:term":[{"taxonomy":"category","embeddable":true,"href":"https:\/\/www.ifbaiano.edu.br\/unidades\/santaines\/wp-json\/wp\/v2\/categories?post=21404"},{"taxonomy":"post_tag","embeddable":true,"href":"https:\/\/www.ifbaiano.edu.br\/unidades\/santaines\/wp-json\/wp\/v2\/tags?post=21404"}],"curies":[{"name":"wp","href":"https:\/\/api.w.org\/{rel}","templated":true}]}}