{"id":21414,"date":"2024-06-15T22:11:06","date_gmt":"2024-06-16T01:11:06","guid":{"rendered":"https:\/\/www.ifbaiano.edu.br\/unidades\/santaines\/?p=21414"},"modified":"2024-06-17T10:45:55","modified_gmt":"2024-06-17T13:45:55","slug":"estudantes-do-campus-santa-ines-participam-do-45o-conubes","status":"publish","type":"post","link":"https:\/\/www.ifbaiano.edu.br\/unidades\/santaines\/estudantes-do-campus-santa-ines-participam-do-45o-conubes\/","title":{"rendered":"Estudantes do Campus Santa In\u00eas participam do 45\u00ba CONUBES"},"content":{"rendered":"\n<figure class=\"wp-block-gallery has-nested-images columns-default is-cropped wp-block-gallery-1 is-layout-flex\">\n<figure class=\"wp-block-image size-large\"><a href=\"https:\/\/www.ifbaiano.edu.br\/unidades\/santaines\/files\/2024\/06\/11-1.jpg\"><img decoding=\"async\" loading=\"lazy\" width=\"1066\" height=\"1196\" data-id=\"21420\"  src=\"https:\/\/www.ifbaiano.edu.br\/unidades\/santaines\/files\/2024\/06\/11-1.jpg\" alt=\"\" class=\"wp-image-21420\" \/><\/a><\/figure>\n\n\n\n<figure class=\"wp-block-image size-large\"><a href=\"https:\/\/www.ifbaiano.edu.br\/unidades\/santaines\/files\/2024\/06\/00b4a359-0642-4d0d-8bd6-c1688736634b.jpeg\"><img decoding=\"async\" loading=\"lazy\" width=\"960\" height=\"994\" data-id=\"21435\"  src=\"https:\/\/www.ifbaiano.edu.br\/unidades\/santaines\/files\/2024\/06\/00b4a359-0642-4d0d-8bd6-c1688736634b.jpeg\" alt=\"\" class=\"wp-image-21435\" \/><\/a><\/figure>\n<\/figure>\n\n\n\n<p><br>Estudantes do Campus Santa In\u00eas, dos Cursos T\u00e9cnicos Integrados Lis Mendes e Stefany Mavi, respectivamente, Presidente e Vice-Presidente do Gr\u00eamio Estudantil Carlos Lamarca; e Everson Oliveira, graduando do Curso de Ci\u00eancias Biol\u00f3gicas do Campus Santa In\u00eas, Presidente do Centro Acad\u00eamico de Biologia, participam da 45\u00aa edi\u00e7\u00e3o do Congresso Nacional da Uni\u00e3o Brasileira dos Estudantes Secundaristas &#8211; UBES, o CONUBES. O evento \u00e9 realizado pela UBES e acontece anualmente. Neste ano de 2024 o evento est\u00e1 acontecendo na cidade de Belo Horizonte &#8211; MG, entre os dias 14 e 16 de junho.<\/p>\n\n\n\n<p>A diretora Geral, professora Genilda Lima, informou que, para participa\u00e7\u00e3o das estudantes do Gr\u00eamio Estudantil no congresso, houve toda a organiza\u00e7\u00e3o da log\u00edstica da Diretoria de assist\u00eancia estudantil (DAE) e teve todo apoio financeiro descentralizado para o campus, pela reitoria do IF Baiano. &#8220;A mobiliza\u00e7\u00e3o da gest\u00e3o reitoria e gest\u00e3o campus para a participa\u00e7\u00e3o das representa\u00e7\u00f5es estudantis neste evento deixa claro a forma como visualizamos a import\u00e2ncia das representa\u00e7\u00f5es estudantis e da necessidade de capacita\u00e7\u00e3o, principalmente neste momento em que precisamos unir for\u00e7a em defesa da educa\u00e7\u00e3o p\u00fablica e temos consci\u00eancia que os movimentos estudantis s\u00e3o extremamente importantes nesta luta&#8221;. Diz Genilda.<\/p>\n\n\n\n<figure class=\"wp-block-gallery has-nested-images columns-default is-cropped wp-block-gallery-3 is-layout-flex\">\n<figure class=\"wp-block-image size-large\"><a href=\"https:\/\/www.ifbaiano.edu.br\/unidades\/santaines\/files\/2024\/06\/Imagem3.png\"><img decoding=\"async\" loading=\"lazy\" width=\"405\" height=\"531\" data-id=\"21417\"  src=\"https:\/\/www.ifbaiano.edu.br\/unidades\/santaines\/files\/2024\/06\/Imagem3.png\" alt=\"\" class=\"wp-image-21417\" \/><\/a><\/figure>\n\n\n\n<figure class=\"wp-block-image size-large\"><a href=\"https:\/\/www.ifbaiano.edu.br\/unidades\/santaines\/files\/2024\/06\/Imagem2.png\"><img decoding=\"async\" loading=\"lazy\" width=\"404\" height=\"533\" data-id=\"21416\"  src=\"https:\/\/www.ifbaiano.edu.br\/unidades\/santaines\/files\/2024\/06\/Imagem2.png\" alt=\"\" class=\"wp-image-21416\" \/><\/a><\/figure>\n\n\n\n<figure class=\"wp-block-image size-large\"><a href=\"https:\/\/www.ifbaiano.edu.br\/unidades\/santaines\/files\/2024\/06\/Imagem1.png\"><img decoding=\"async\" loading=\"lazy\" width=\"405\" height=\"533\" data-id=\"21415\"  src=\"https:\/\/www.ifbaiano.edu.br\/unidades\/santaines\/files\/2024\/06\/Imagem1.png\" alt=\"\" class=\"wp-image-21415\" \/><\/a><\/figure>\n<\/figure>\n\n\n\n<p>De acordo com a estudante Liz Mendes, 2\u00ba ano A do Curso T\u00e9cnico em Alimentos, o evento traz importantes discuss\u00f5es sobre assuntos estudantis tratados em todo pa\u00eds no momento, garante uma plataforma de debates, de apresenta\u00e7\u00f5es e de troca de experi\u00eancia entre estudantes e professores com diferentes realidades e que vieram das mais diversas localidades. \u201cN\u00f3s, estudantes que conseguimos participar desse evento, al\u00e9m de representar nosso Campus, adquirimos conhecimento, experi\u00eancia e muito aprendizado\u201d Relata Liz.<\/p>\n\n\n\n<p>As expectativas para Stefany Mavi, estudante do 2\u00ba ano do Curso T\u00e9cnico em Agropecu\u00e1ria, tamb\u00e9m s\u00e3o as melhores \u201cEspero que seja uma viagem onde eu consiga aprofundar meus conhecimentos, al\u00e9m de ter o prazer imenso de passar um tempo com os organizadores da UGES, fazer novos contatos garantindo a experi\u00eancia com outros Campi\u201d Diz Mavi.<\/p>\n\n\n\n<p>Everson Oliveira relata que busca, com sua participa\u00e7\u00e3o no CONUBES &#8220;entender o processo formativo de movimento estudantil, sua articula\u00e7\u00e3o nacional e tamb\u00e9m a import\u00e2ncia desse movimento, a import\u00e2ncia desse congresso para a forma\u00e7\u00e3o de estudantes, estudantes do senso pol\u00edtico, estudante que milita&#8221;. <\/p>\n\n\n\n<h2 class=\"wp-block-heading\"><strong>Sobre o CONUBES<\/strong><strong><\/strong><\/h2>\n\n\n\n<p>O CONUBES&nbsp;<strong> &#8211; Congresso Nacional da Uni\u00e3o Brasileira dos Estudantes Secundaristas<\/strong>, \u00e9 o maior evento do movimento secundarista brasileiro que re\u00fane, a cada dois anos, milhares de estudantes de todo o pa\u00eds para debater temas relevantes para a educa\u00e7\u00e3o, com oficinas pr\u00e1ticas, palestras e apresenta\u00e7\u00f5es culturais, fortalecendo a organiza\u00e7\u00e3o estudantil e construindo um futuro mais justo e igualit\u00e1rio.<\/p>\n\n\n\n<figure class=\"wp-block-image size-full\"><a href=\"https:\/\/www.ifbaiano.edu.br\/unidades\/santaines\/files\/2024\/06\/Imagem4.jpg\"><img decoding=\"async\" loading=\"lazy\" width=\"875\" height=\"656\" src=\"https:\/\/www.ifbaiano.edu.br\/unidades\/santaines\/files\/2024\/06\/Imagem4.jpg\" alt=\"\" class=\"wp-image-21418\" \/><\/a><\/figure>\n\n\n\n<hr class=\"wp-block-separator has-alpha-channel-opacity\" \/>\n","protected":false},"excerpt":{"rendered":"<p>Estudantes do Campus Santa In\u00eas, dos Cursos T\u00e9cnicos Integrados Lis Mendes e Stefany Mavi, respectivamente, Presidente e Vice-Presidente do Gr\u00eamio Estudantil Carlos Lamarca; e Everson Oliveira, graduando do Curso de Ci\u00eancias Biol\u00f3gicas do Campus Santa In\u00eas, Presidente do Centro Acad\u00eamico de Biologia, participam da 45\u00aa edi\u00e7\u00e3o do Congresso Nacional da Uni\u00e3o Brasileira dos Estudantes Secundaristas [&hellip;]<\/p>\n","protected":false},"author":86,"featured_media":21424,"comment_status":"closed","ping_status":"closed","sticky":false,"template":"","format":"standard","meta":[],"categories":[4,5,57],"tags":[],"_links":{"self":[{"href":"https:\/\/www.ifbaiano.edu.br\/unidades\/santaines\/wp-json\/wp\/v2\/posts\/21414"}],"collection":[{"href":"https:\/\/www.ifbaiano.edu.br\/unidades\/santaines\/wp-json\/wp\/v2\/posts"}],"about":[{"href":"https:\/\/www.ifbaiano.edu.br\/unidades\/santaines\/wp-json\/wp\/v2\/types\/post"}],"author":[{"embeddable":true,"href":"https:\/\/www.ifbaiano.edu.br\/unidades\/santaines\/wp-json\/wp\/v2\/users\/86"}],"replies":[{"embeddable":true,"href":"https:\/\/www.ifbaiano.edu.br\/unidades\/santaines\/wp-json\/wp\/v2\/comments?post=21414"}],"version-history":[{"count":6,"href":"https:\/\/www.ifbaiano.edu.br\/unidades\/santaines\/wp-json\/wp\/v2\/posts\/21414\/revisions"}],"predecessor-version":[{"id":21440,"href":"https:\/\/www.ifbaiano.edu.br\/unidades\/santaines\/wp-json\/wp\/v2\/posts\/21414\/revisions\/21440"}],"wp:featuredmedia":[{"embeddable":true,"href":"https:\/\/www.ifbaiano.edu.br\/unidades\/santaines\/wp-json\/wp\/v2\/media\/21424"}],"wp:attachment":[{"href":"https:\/\/www.ifbaiano.edu.br\/unidades\/santaines\/wp-json\/wp\/v2\/media?parent=21414"}],"wp:term":[{"taxonomy":"category","embeddable":true,"href":"https:\/\/www.ifbaiano.edu.br\/unidades\/santaines\/wp-json\/wp\/v2\/categories?post=21414"},{"taxonomy":"post_tag","embeddable":true,"href":"https:\/\/www.ifbaiano.edu.br\/unidades\/santaines\/wp-json\/wp\/v2\/tags?post=21414"}],"curies":[{"name":"wp","href":"https:\/\/api.w.org\/{rel}","templated":true}]}}