{"id":21506,"date":"2024-06-28T16:30:29","date_gmt":"2024-06-28T19:30:29","guid":{"rendered":"https:\/\/www.ifbaiano.edu.br\/unidades\/santaines\/?p=21506"},"modified":"2024-07-11T10:36:16","modified_gmt":"2024-07-11T13:36:16","slug":"nota-informativa-retorno-as-atividades","status":"publish","type":"post","link":"https:\/\/www.ifbaiano.edu.br\/unidades\/santaines\/nota-informativa-retorno-as-atividades\/","title":{"rendered":"NOTA INFORMATIVA &#8211;  Retorno \u00e0s atividades"},"content":{"rendered":"\n<p>Ap\u00f3s quase tr\u00eas meses de paralisa\u00e7\u00e3o com a greve nacional dos servidores que buscou melhorias nas condi\u00e7\u00f5es salariais e de carreira de professores e t\u00e9cnicos administrativos em educa\u00e7\u00e3o, o IF Baiano &#8211; <em>Campus<\/em> Santa In\u00eas publica <a href=\"https:\/\/www.ifbaiano.edu.br\/unidades\/santaines\/files\/2024\/06\/Nota-Informativa-No-06-2024-Retorno-das-Atividades-Academicas-e-Administrativas-apos-o-periodo-de-Greve.pdf\">Nota Informativa<\/a> (onde se l\u00ea: diretor@santaines.ba.gov.br, leia-se: diretor@si.ifbaiano.edu.br) sobre o retorno das atividades acad\u00eamicas, com um cronograma definido para servidores e estudantes, al\u00e9m de reuni\u00f5es essenciais para a constru\u00e7\u00e3o do novo calend\u00e1rio letivo.<\/p>\n\n\n\n<p>O movimento de retorno \u00e0s atividades, de profissionais que est\u00e3o em gozo de f\u00e9rias, j\u00e1 come\u00e7a hoje, 03. Nos pr\u00f3ximos dias <strong>08 e 09 de julho<\/strong> est\u00e3o agendadas reuni\u00f5es envolvendo a Gest\u00e3o, Grupo de Trabalho, Comando de Greve Local e servidores para elabora\u00e7\u00e3o e sistematiza\u00e7\u00e3o do Calend\u00e1rio Letivo, que compreender\u00e1 aos 200 dias letivos.<\/p>\n\n\n\n<p>No dia <strong>10 de julho<\/strong> acontece reuni\u00e3o entre a gest\u00e3o, Comando de Greve e Coordena\u00e7\u00e3o da Se\u00e7\u00e3o IF Baiano com pais, respons\u00e1veis e estudantes dos Cursos T\u00e9cnicos Integrados, Subsequente e Superior. O encontro ocorrer\u00e1 na Quadra Poliesportiva do Campus Santa In\u00eas, \u00e0s 14h. No dia seguinte, <strong>11 de julho<\/strong> Retornam as aulas para todos os estudantes dos Cursos T\u00e9cnicos Integrados, Subsequente e Superior.<\/p>\n\n\n\n<p>Mais informa\u00e7\u00f5es e esclarecimentos podem ser obtidos atrav\u00e9s do e-mail da dire\u00e7\u00e3o geral: diretor@si.ifbaiano.edu.br.<\/p>\n\n\n\n<hr class=\"wp-block-separator has-alpha-channel-opacity\" \/>\n","protected":false},"excerpt":{"rendered":"<p>Ap\u00f3s quase tr\u00eas meses de paralisa\u00e7\u00e3o com a greve nacional dos servidores que buscou melhorias nas condi\u00e7\u00f5es salariais e de carreira de professores e t\u00e9cnicos administrativos em educa\u00e7\u00e3o, o IF Baiano &#8211; Campus Santa In\u00eas publica Nota Informativa (onde se l\u00ea: diretor@santaines.ba.gov.br, leia-se: diretor@si.ifbaiano.edu.br) sobre o retorno das atividades acad\u00eamicas, com um cronograma definido para [&hellip;]<\/p>\n","protected":false},"author":86,"featured_media":0,"comment_status":"closed","ping_status":"closed","sticky":false,"template":"","format":"standard","meta":[],"categories":[5,1],"tags":[],"_links":{"self":[{"href":"https:\/\/www.ifbaiano.edu.br\/unidades\/santaines\/wp-json\/wp\/v2\/posts\/21506"}],"collection":[{"href":"https:\/\/www.ifbaiano.edu.br\/unidades\/santaines\/wp-json\/wp\/v2\/posts"}],"about":[{"href":"https:\/\/www.ifbaiano.edu.br\/unidades\/santaines\/wp-json\/wp\/v2\/types\/post"}],"author":[{"embeddable":true,"href":"https:\/\/www.ifbaiano.edu.br\/unidades\/santaines\/wp-json\/wp\/v2\/users\/86"}],"replies":[{"embeddable":true,"href":"https:\/\/www.ifbaiano.edu.br\/unidades\/santaines\/wp-json\/wp\/v2\/comments?post=21506"}],"version-history":[{"count":7,"href":"https:\/\/www.ifbaiano.edu.br\/unidades\/santaines\/wp-json\/wp\/v2\/posts\/21506\/revisions"}],"predecessor-version":[{"id":21574,"href":"https:\/\/www.ifbaiano.edu.br\/unidades\/santaines\/wp-json\/wp\/v2\/posts\/21506\/revisions\/21574"}],"wp:attachment":[{"href":"https:\/\/www.ifbaiano.edu.br\/unidades\/santaines\/wp-json\/wp\/v2\/media?parent=21506"}],"wp:term":[{"taxonomy":"category","embeddable":true,"href":"https:\/\/www.ifbaiano.edu.br\/unidades\/santaines\/wp-json\/wp\/v2\/categories?post=21506"},{"taxonomy":"post_tag","embeddable":true,"href":"https:\/\/www.ifbaiano.edu.br\/unidades\/santaines\/wp-json\/wp\/v2\/tags?post=21506"}],"curies":[{"name":"wp","href":"https:\/\/api.w.org\/{rel}","templated":true}]}}