{"id":21509,"date":"2024-07-03T09:12:54","date_gmt":"2024-07-03T12:12:54","guid":{"rendered":"https:\/\/www.ifbaiano.edu.br\/unidades\/santaines\/?p=21509"},"modified":"2024-07-03T09:12:54","modified_gmt":"2024-07-03T12:12:54","slug":"famif-2024-abre-inscricoes-dia-08-de-julho","status":"publish","type":"post","link":"https:\/\/www.ifbaiano.edu.br\/unidades\/santaines\/famif-2024-abre-inscricoes-dia-08-de-julho\/","title":{"rendered":"FAMIF 2024 abre inscri\u00e7\u00f5es dia 08 de julho"},"content":{"rendered":"\n<p>O Instituto Federal Baiano anuncia o FAMIF Baiano 2024, regido pelo&nbsp;<a href=\"https:\/\/concurso.ifbaiano.edu.br\/portal\/famif-2024\/wp-content\/uploads\/sites\/1000\/2024\/06\/Edital-144-de-28-de-junho-de-2024.pdf\">Edital n\u00ba 114\/2024<\/a>. Este ano, o festival celebra o tema \u201cMulheres na ci\u00eancia, nas artes e mais onde elas quiserem\u201d, destacando a contribui\u00e7\u00e3o e protagonismo feminino na arte, cultura e ci\u00eancia no Brasil. As inscri\u00e7\u00f5es ser\u00e3o recebidas de 8 de julho at\u00e9 o dia 08 de agosto atrav\u00e9s de&nbsp;<a href=\"https:\/\/docs.google.com\/forms\/d\/e\/1FAIpQLScAxw4-tiGW6LbWn_svt_eGPEVdp1TkoVTJVCT1b4hN2J00jw\/closedform\">formul\u00e1rio digital<\/a>.<\/p>\n\n\n\n<p>Ser\u00e3o selecionadas apresenta\u00e7\u00f5es art\u00edsticas em sete formatos distintos:<\/p>\n\n\n\n<ol>\n<li>Interpreta\u00e7\u00e3o musical autoral<\/li>\n\n\n\n<li>Interpreta\u00e7\u00e3o musical n\u00e3o-autoral<\/li>\n\n\n\n<li>M\u00fasica instrumental autoral e n\u00e3o autoral<\/li>\n\n\n\n<li>Declama\u00e7\u00e3o de poema autoral<\/li>\n\n\n\n<li>Performance c\u00eanica (Teatro, Stand-up Comedy, Arte Circense, etc.)<\/li>\n\n\n\n<li>Dan\u00e7a<\/li>\n\n\n\n<li>Artes visuais (pintura, desenho, grafite, colagem, fotografia, escultura, gravura, arte t\u00eaxtil, vitral e maquiagem art\u00edstica)<\/li>\n<\/ol>\n\n\n\n<p>Todas as apresenta\u00e7\u00f5es devem estar em conformidade com o Estatuto da Crian\u00e7a e do Adolescente (ECA, Lei n\u00ba 8.069\/1990). Apresenta\u00e7\u00f5es em grupo podem ter no m\u00e1ximo quatro participantes, e cada apresenta\u00e7\u00e3o ter\u00e1 um limite m\u00e1ximo de quatro minutos. Ser\u00e3o eliminadas apresenta\u00e7\u00f5es que desrespeitarem os Direitos Humanos, infringirem o ECA, utilizarem linguagem ofensiva, promoverem viol\u00eancia ou tiverem conte\u00fado preconceituoso e discriminat\u00f3rio.<\/p>\n\n\n\n<p>O objetivo do FAMIF\u00e9 fortalecer as bases socioculturais e art\u00edsticas, contemplando a diversidade dos territ\u00f3rios onde est\u00e3o localizados os 14 campi e a reitoria do IF Baiano. O festival incentiva a criatividade e o interesse pelas artes entre discentes, servidores e colaboradores.<\/p>\n\n\n\n<p>Promovido pela Pr\u00f3-Reitoria de Extens\u00e3o, o festival valoriza a cultura regional e entende as manifesta\u00e7\u00f5es art\u00edsticas como componentes curriculares e formas de promover o l\u00fadico, a intera\u00e7\u00e3o social, o compartilhamento de conhecimentos e a motiva\u00e7\u00e3o pela arte. Al\u00e9m disso, a arte e a cultura s\u00e3o essenciais para a promo\u00e7\u00e3o da sa\u00fade e qualidade de vida dos participantes.<\/p>\n\n\n\n<p>O Festival ocorrer\u00e1 em duas etapas: Festivais Internos, com a sele\u00e7\u00e3o de apresenta\u00e7\u00f5es art\u00edsticas nos campi e na reitoria do IF Baiano, e o Festival Intercampi, com as apresenta\u00e7\u00f5es finalistas.<\/p>\n\n\n\n<p>As categorias de participantes incluem discentes regulares e egressos, servidores, colaboradores terceirizados e estagi\u00e1rios. Discentes e estagi\u00e1rios menores de 18 anos precisam de autoriza\u00e7\u00e3o dos respons\u00e1veis.<\/p>\n\n\n\n<p>Os formatos de apresenta\u00e7\u00e3o s\u00e3o variados: interpreta\u00e7\u00e3o musical autoral e n\u00e3o-autoral, m\u00fasica instrumental autoral e n\u00e3o-autoral, declama\u00e7\u00e3o de poema autoral, performance c\u00eanica, dan\u00e7a e artes visuais. Os participantes devem providenciar seus pr\u00f3prios materiais para as apresenta\u00e7\u00f5es.<\/p>\n\n\n\n<hr class=\"wp-block-separator has-alpha-channel-opacity\" \/>\n\n\n\n<p><\/p>\n","protected":false},"excerpt":{"rendered":"<p>Esta edi\u00e7\u00e3o celebra o protagonismo feminino na arte, na ci\u00eancia e onde mais elas quiserem<\/p>\n","protected":false},"author":86,"featured_media":21510,"comment_status":"closed","ping_status":"closed","sticky":false,"template":"","format":"standard","meta":[],"categories":[4,5,23,8,57],"tags":[],"_links":{"self":[{"href":"https:\/\/www.ifbaiano.edu.br\/unidades\/santaines\/wp-json\/wp\/v2\/posts\/21509"}],"collection":[{"href":"https:\/\/www.ifbaiano.edu.br\/unidades\/santaines\/wp-json\/wp\/v2\/posts"}],"about":[{"href":"https:\/\/www.ifbaiano.edu.br\/unidades\/santaines\/wp-json\/wp\/v2\/types\/post"}],"author":[{"embeddable":true,"href":"https:\/\/www.ifbaiano.edu.br\/unidades\/santaines\/wp-json\/wp\/v2\/users\/86"}],"replies":[{"embeddable":true,"href":"https:\/\/www.ifbaiano.edu.br\/unidades\/santaines\/wp-json\/wp\/v2\/comments?post=21509"}],"version-history":[{"count":1,"href":"https:\/\/www.ifbaiano.edu.br\/unidades\/santaines\/wp-json\/wp\/v2\/posts\/21509\/revisions"}],"predecessor-version":[{"id":21511,"href":"https:\/\/www.ifbaiano.edu.br\/unidades\/santaines\/wp-json\/wp\/v2\/posts\/21509\/revisions\/21511"}],"wp:featuredmedia":[{"embeddable":true,"href":"https:\/\/www.ifbaiano.edu.br\/unidades\/santaines\/wp-json\/wp\/v2\/media\/21510"}],"wp:attachment":[{"href":"https:\/\/www.ifbaiano.edu.br\/unidades\/santaines\/wp-json\/wp\/v2\/media?parent=21509"}],"wp:term":[{"taxonomy":"category","embeddable":true,"href":"https:\/\/www.ifbaiano.edu.br\/unidades\/santaines\/wp-json\/wp\/v2\/categories?post=21509"},{"taxonomy":"post_tag","embeddable":true,"href":"https:\/\/www.ifbaiano.edu.br\/unidades\/santaines\/wp-json\/wp\/v2\/tags?post=21509"}],"curies":[{"name":"wp","href":"https:\/\/api.w.org\/{rel}","templated":true}]}}