{"id":21558,"date":"2024-07-10T19:29:05","date_gmt":"2024-07-10T22:29:05","guid":{"rendered":"https:\/\/www.ifbaiano.edu.br\/unidades\/santaines\/?p=21558"},"modified":"2024-07-10T19:29:06","modified_gmt":"2024-07-10T22:29:06","slug":"campus-santa-ines-inicia-a-semana-com-discussoes-importantes-sobre-o-retorno-das-atividades-academicas","status":"publish","type":"post","link":"https:\/\/www.ifbaiano.edu.br\/unidades\/santaines\/campus-santa-ines-inicia-a-semana-com-discussoes-importantes-sobre-o-retorno-das-atividades-academicas\/","title":{"rendered":"Campus Santa In\u00eas inicia a semana com discuss\u00f5es importantes sobre o retorno das atividades acad\u00eamicas"},"content":{"rendered":"\n<p>As atividades no Campus Santa In\u00eas, esta semana, iniciaram dias 8 e 9, com reuni\u00f5es de gest\u00e3o juntamente com\u00a0 servidores e representa\u00e7\u00f5es estudantis, para discuss\u00e3o de pautas de interesse coletivo como elabora\u00e7\u00e3o e sistematiza\u00e7\u00e3o dos novos calend\u00e1rios acad\u00eamicos para a reposi\u00e7\u00e3o das aulas, as a\u00e7\u00f5es desenvolvidas durante o per\u00edodo da greve e outros informes importantes para toda a comunidade acad\u00eamica.<\/p>\n\n\n\n<figure class=\"wp-block-gallery has-nested-images columns-default is-cropped wp-block-gallery-1 is-layout-flex\">\n<figure class=\"wp-block-image size-large\"><a href=\"https:\/\/www.ifbaiano.edu.br\/unidades\/santaines\/files\/2024\/07\/1.png\"><img decoding=\"async\" loading=\"lazy\" width=\"1600\" height=\"1200\" data-id=\"21564\"  src=\"https:\/\/www.ifbaiano.edu.br\/unidades\/santaines\/files\/2024\/07\/1.png\" alt=\"\" class=\"wp-image-21564\" \/><\/a><\/figure>\n\n\n\n<figure class=\"wp-block-image size-large\"><a href=\"https:\/\/www.ifbaiano.edu.br\/unidades\/santaines\/files\/2024\/07\/22.png\"><img decoding=\"async\" loading=\"lazy\" width=\"1600\" height=\"1200\" data-id=\"21566\"  src=\"https:\/\/www.ifbaiano.edu.br\/unidades\/santaines\/files\/2024\/07\/22.png\" alt=\"\" class=\"wp-image-21566\" \/><\/a><\/figure>\n<\/figure>\n\n\n\n<p>Na tarde de hoje, 10, na Quadra Poliesportiva do Campus Santa In\u00eas, das 14h \u00e0s 16h, aconteceu o encontro com a comunidade acad\u00eamica e pais\/respons\u00e1veis e estudantes dos Cursos T\u00e9cnicos Integrados, Subsequente e Superiores.<\/p>\n\n\n\n<p>Nesse encontro, al\u00e9m da fala de boas-vindas, da Diretora-Geral, professora Genilda Lima, as professoras C\u00e1tia Farago, Marilete Previero e J\u00e9ssica Ribeiro, do Comando de Greve Local, explicaram aos(\u00e0s) presentes sobre as conquistas alcan\u00e7adas com o movimento grevista dos servidores da Educa\u00e7\u00e3o, sobre todo o contexto e import\u00e2ncia da greve e do apoio de toda a comunidade e frisaram, ainda, sobre a alegria desse momento de reencontro.<\/p>\n\n\n\n<figure class=\"wp-block-gallery has-nested-images columns-default is-cropped wp-block-gallery-3 is-layout-flex\">\n<figure class=\"wp-block-image size-large\"><a href=\"https:\/\/www.ifbaiano.edu.br\/unidades\/santaines\/files\/2024\/07\/4.png\"><img decoding=\"async\" loading=\"lazy\" width=\"1600\" height=\"738\" data-id=\"21560\"  src=\"https:\/\/www.ifbaiano.edu.br\/unidades\/santaines\/files\/2024\/07\/4.png\" alt=\"\" class=\"wp-image-21560\" \/><\/a><\/figure>\n\n\n\n<figure class=\"wp-block-image size-large\"><a href=\"https:\/\/www.ifbaiano.edu.br\/unidades\/santaines\/files\/2024\/07\/3.png\"><img decoding=\"async\" loading=\"lazy\" width=\"1600\" height=\"738\" data-id=\"21559\"  src=\"https:\/\/www.ifbaiano.edu.br\/unidades\/santaines\/files\/2024\/07\/3.png\" alt=\"\" class=\"wp-image-21559\" \/><\/a><\/figure>\n\n\n\n<figure class=\"wp-block-image size-large\"><a href=\"https:\/\/www.ifbaiano.edu.br\/unidades\/santaines\/files\/2024\/07\/9.png\"><img decoding=\"async\" loading=\"lazy\" width=\"1600\" height=\"900\" data-id=\"21568\"  src=\"https:\/\/www.ifbaiano.edu.br\/unidades\/santaines\/files\/2024\/07\/9.png\" alt=\"\" class=\"wp-image-21568\" \/><\/a><\/figure>\n\n\n\n<figure class=\"wp-block-image size-large\"><a href=\"https:\/\/www.ifbaiano.edu.br\/unidades\/santaines\/files\/2024\/07\/8.png\"><img decoding=\"async\" loading=\"lazy\" width=\"1600\" height=\"900\" data-id=\"21567\"  src=\"https:\/\/www.ifbaiano.edu.br\/unidades\/santaines\/files\/2024\/07\/8.png\" alt=\"\" class=\"wp-image-21567\" \/><\/a><\/figure>\n\n\n\n<figure class=\"wp-block-image size-large\"><a href=\"https:\/\/www.ifbaiano.edu.br\/unidades\/santaines\/files\/2024\/07\/6.png\"><img decoding=\"async\" loading=\"lazy\" width=\"1600\" height=\"900\" data-id=\"21562\"  src=\"https:\/\/www.ifbaiano.edu.br\/unidades\/santaines\/files\/2024\/07\/6.png\" alt=\"\" class=\"wp-image-21562\" \/><\/a><\/figure>\n<\/figure>\n\n\n\n<p>A professora Genilda relatou tamb\u00e9m, sobre as a\u00e7\u00f5es de melhoramentos na infraestrutura dos setores, salas de aulas e espa\u00e7os mais frequentados pelos(as) estudantes, desenvolvidas durante o per\u00edodo em que o Campus estava sem aulas, visando receber os estudantes em um espa\u00e7o ainda mais seguro.<\/p>\n\n\n\n<p>Foi distribu\u00eddo, para os(as) pais\/respons\u00e1veis presentes, o novo calend\u00e1rio acad\u00eamico (p\u00f3s greve) que tamb\u00e9m ser\u00e1 disponibilizado na p\u00e1gina do Campus. A Coordenadora de Ensino, professora Tharcilla Pess\u00f4a, explicou sobre o mesmo, frisou sobre as datas mais importantes, passou as orienta\u00e7\u00f5es sobre o retorno das atividades de ensino e tirou as d\u00favidas levantadas por algumas pessoas presentes.<\/p>\n\n\n\n<figure class=\"wp-block-gallery has-nested-images columns-default is-cropped wp-block-gallery-5 is-layout-flex\">\n<figure class=\"wp-block-image size-large\"><a href=\"https:\/\/www.ifbaiano.edu.br\/unidades\/santaines\/files\/2024\/07\/7.png\"><img decoding=\"async\" loading=\"lazy\" width=\"1600\" height=\"900\" data-id=\"21563\"  src=\"https:\/\/www.ifbaiano.edu.br\/unidades\/santaines\/files\/2024\/07\/7.png\" alt=\"\" class=\"wp-image-21563\" \/><\/a><\/figure>\n\n\n\n<figure class=\"wp-block-image size-large\"><a href=\"https:\/\/www.ifbaiano.edu.br\/unidades\/santaines\/files\/2024\/07\/10.png\"><img decoding=\"async\" loading=\"lazy\" width=\"1600\" height=\"900\" data-id=\"21569\"  src=\"https:\/\/www.ifbaiano.edu.br\/unidades\/santaines\/files\/2024\/07\/10.png\" alt=\"\" class=\"wp-image-21569\" \/><\/a><\/figure>\n\n\n\n<figure class=\"wp-block-image size-large\"><a href=\"https:\/\/www.ifbaiano.edu.br\/unidades\/santaines\/files\/2024\/07\/5.png\"><img decoding=\"async\" loading=\"lazy\" width=\"1529\" height=\"705\" data-id=\"21561\"  src=\"https:\/\/www.ifbaiano.edu.br\/unidades\/santaines\/files\/2024\/07\/5.png\" alt=\"\" class=\"wp-image-21561\" \/><\/a><\/figure>\n<\/figure>\n\n\n\n<p>Amanh\u00e3,\u00a0<strong>11 de julho, <\/strong>conforme j\u00e1 havia sido acordado, <strong>r<\/strong>etornam as aulas para todos os estudantes do Campus Santa In\u00eas, dos Cursos T\u00e9cnicos Integrados, Subsequente e Superiores.<\/p>\n\n\n\n<hr class=\"wp-block-separator has-alpha-channel-opacity\" \/>\n","protected":false},"excerpt":{"rendered":"<p>As atividades no Campus Santa In\u00eas, esta semana, iniciaram dias 8 e 9, com reuni\u00f5es de gest\u00e3o juntamente com\u00a0 servidores e representa\u00e7\u00f5es estudantis, para discuss\u00e3o de pautas de interesse coletivo como elabora\u00e7\u00e3o e sistematiza\u00e7\u00e3o dos novos calend\u00e1rios acad\u00eamicos para a reposi\u00e7\u00e3o das aulas, as a\u00e7\u00f5es desenvolvidas durante o per\u00edodo da greve e outros informes importantes [&hellip;]<\/p>\n","protected":false},"author":86,"featured_media":21560,"comment_status":"closed","ping_status":"closed","sticky":false,"template":"","format":"standard","meta":[],"categories":[4,5,57],"tags":[],"_links":{"self":[{"href":"https:\/\/www.ifbaiano.edu.br\/unidades\/santaines\/wp-json\/wp\/v2\/posts\/21558"}],"collection":[{"href":"https:\/\/www.ifbaiano.edu.br\/unidades\/santaines\/wp-json\/wp\/v2\/posts"}],"about":[{"href":"https:\/\/www.ifbaiano.edu.br\/unidades\/santaines\/wp-json\/wp\/v2\/types\/post"}],"author":[{"embeddable":true,"href":"https:\/\/www.ifbaiano.edu.br\/unidades\/santaines\/wp-json\/wp\/v2\/users\/86"}],"replies":[{"embeddable":true,"href":"https:\/\/www.ifbaiano.edu.br\/unidades\/santaines\/wp-json\/wp\/v2\/comments?post=21558"}],"version-history":[{"count":3,"href":"https:\/\/www.ifbaiano.edu.br\/unidades\/santaines\/wp-json\/wp\/v2\/posts\/21558\/revisions"}],"predecessor-version":[{"id":21572,"href":"https:\/\/www.ifbaiano.edu.br\/unidades\/santaines\/wp-json\/wp\/v2\/posts\/21558\/revisions\/21572"}],"wp:featuredmedia":[{"embeddable":true,"href":"https:\/\/www.ifbaiano.edu.br\/unidades\/santaines\/wp-json\/wp\/v2\/media\/21560"}],"wp:attachment":[{"href":"https:\/\/www.ifbaiano.edu.br\/unidades\/santaines\/wp-json\/wp\/v2\/media?parent=21558"}],"wp:term":[{"taxonomy":"category","embeddable":true,"href":"https:\/\/www.ifbaiano.edu.br\/unidades\/santaines\/wp-json\/wp\/v2\/categories?post=21558"},{"taxonomy":"post_tag","embeddable":true,"href":"https:\/\/www.ifbaiano.edu.br\/unidades\/santaines\/wp-json\/wp\/v2\/tags?post=21558"}],"curies":[{"name":"wp","href":"https:\/\/api.w.org\/{rel}","templated":true}]}}