{"id":21605,"date":"2024-07-17T06:50:11","date_gmt":"2024-07-17T09:50:11","guid":{"rendered":"https:\/\/www.ifbaiano.edu.br\/unidades\/santaines\/?p=21605"},"modified":"2024-07-17T06:50:12","modified_gmt":"2024-07-17T09:50:12","slug":"if-baiano-prorroga-as-inscricoes-para-o-programa-bolsa-permanencia-pbp-para-estudantes-quilombolas-e-indigenas","status":"publish","type":"post","link":"https:\/\/www.ifbaiano.edu.br\/unidades\/santaines\/if-baiano-prorroga-as-inscricoes-para-o-programa-bolsa-permanencia-pbp-para-estudantes-quilombolas-e-indigenas\/","title":{"rendered":"IF Baiano prorroga as inscri\u00e7\u00f5es para o Programa Bolsa Perman\u00eancia (PBP) para estudantes Quilombolas e Ind\u00edgenas"},"content":{"rendered":"\n<p>As inscri\u00e7\u00f5es para a primeira classifica\u00e7\u00e3o de 2024 dos estudantes ind\u00edgenas e quilombolas&nbsp; cadastrados no Sistema de Gest\u00e3o da Bolsa Perman\u00eancia \u2013 SISBP foram prorrogadas at\u00e9 o dia 17 de julho.&nbsp;<\/p>\n\n\n\n<p>As inscri\u00e7\u00f5es ocorrer\u00e3o de forma cont\u00ednua, pelo Sistema de Gest\u00e3o da Bolsa Perman\u00eancia \u2013 SISBP,&nbsp;<a href=\"http:\/\/sisbp.mec.gov.br\/primeiro-acesso\">neste link<\/a>.<\/p>\n\n\n\n<p>O IF Baiano poder\u00e1 autorizar a participa\u00e7\u00e3o de novos bolsistas a partir da disponibilidade de vagas, decorrentes do encerramento dos cadastros de estudantes j\u00e1 contemplados ou do provimento de novas vagas pelo Minist\u00e9rio da Educa\u00e7\u00e3o \u2013 MEC, seguindo a ordem de classifica\u00e7\u00e3o.<\/p>\n\n\n\n<p><strong>Documentos comprobat\u00f3rios exigidos:<\/strong><\/p>\n\n\n\n<ol>\n<li>Termo de Compromisso do Bolsista (Anexo I);<\/li>\n\n\n\n<li>Autodeclara\u00e7\u00e3o Ind\u00edgena (Anexo II) ou Quilombola (Anexo III);<\/li>\n\n\n\n<li>Declara\u00e7\u00e3o de Pertencimento \u00c9tnico e Resid\u00eancia Ind\u00edgena (Anexo IV) ou Quilombola (Anexo V);<\/li>\n\n\n\n<li>Declara\u00e7\u00e3o da FUNAI ou da Funda\u00e7\u00e3o Palmares (esta poder\u00e1 ser substitu\u00edda por comprovante de resid\u00eancia do candidato cujo endere\u00e7o referencie expressamente a vincula\u00e7\u00e3o a uma comunidade quilombola ou comunidade ind\u00edgena).<\/li>\n<\/ol>\n\n\n\n<p><strong>Sobre a Bolsa<\/strong><\/p>\n\n\n\n<p>A Bolsa Perman\u00eancia \u00e9 um aux\u00edlio financeiro que tem por finalidade minimizar desigualdades sociais, \u00e9tnico-raciais e contribuir para perman\u00eancia e diploma\u00e7\u00e3o dos estudantes de gradua\u00e7\u00e3o em situa\u00e7\u00e3o de vulnerabilidade socioecon\u00f4mica, em especial, os ind\u00edgenas e quilombolas.<\/p>\n\n\n\n<p>O resultado da sele\u00e7\u00e3o e a lista de classifica\u00e7\u00e3o ser\u00e3o publicados no endere\u00e7o:<a href=\"https:\/\/ifbaiano.edu.br\/portal\/ensino\/\">&nbsp;https:\/\/ifbaiano.edu.br\/portal\/ensino\/<\/a><\/p>\n\n\n\n<h5 class=\"wp-block-heading\">Confira as tags desta publica\u00e7\u00e3o:<\/h5>\n\n\n\n<hr class=\"wp-block-separator has-alpha-channel-opacity\" \/>\n\n\n\n<p><\/p>\n","protected":false},"excerpt":{"rendered":"<p>As inscri\u00e7\u00f5es para a primeira classifica\u00e7\u00e3o de 2024 dos estudantes ind\u00edgenas e quilombolas&nbsp; cadastrados no Sistema de Gest\u00e3o da Bolsa Perman\u00eancia \u2013 SISBP foram prorrogadas at\u00e9 o dia 17 de julho.&nbsp; As inscri\u00e7\u00f5es ocorrer\u00e3o de forma cont\u00ednua, pelo Sistema de Gest\u00e3o da Bolsa Perman\u00eancia \u2013 SISBP,&nbsp;neste link. O IF Baiano poder\u00e1 autorizar a participa\u00e7\u00e3o de [&hellip;]<\/p>\n","protected":false},"author":86,"featured_media":21513,"comment_status":"closed","ping_status":"closed","sticky":false,"template":"","format":"standard","meta":[],"categories":[4,5,57],"tags":[],"_links":{"self":[{"href":"https:\/\/www.ifbaiano.edu.br\/unidades\/santaines\/wp-json\/wp\/v2\/posts\/21605"}],"collection":[{"href":"https:\/\/www.ifbaiano.edu.br\/unidades\/santaines\/wp-json\/wp\/v2\/posts"}],"about":[{"href":"https:\/\/www.ifbaiano.edu.br\/unidades\/santaines\/wp-json\/wp\/v2\/types\/post"}],"author":[{"embeddable":true,"href":"https:\/\/www.ifbaiano.edu.br\/unidades\/santaines\/wp-json\/wp\/v2\/users\/86"}],"replies":[{"embeddable":true,"href":"https:\/\/www.ifbaiano.edu.br\/unidades\/santaines\/wp-json\/wp\/v2\/comments?post=21605"}],"version-history":[{"count":1,"href":"https:\/\/www.ifbaiano.edu.br\/unidades\/santaines\/wp-json\/wp\/v2\/posts\/21605\/revisions"}],"predecessor-version":[{"id":21606,"href":"https:\/\/www.ifbaiano.edu.br\/unidades\/santaines\/wp-json\/wp\/v2\/posts\/21605\/revisions\/21606"}],"wp:featuredmedia":[{"embeddable":true,"href":"https:\/\/www.ifbaiano.edu.br\/unidades\/santaines\/wp-json\/wp\/v2\/media\/21513"}],"wp:attachment":[{"href":"https:\/\/www.ifbaiano.edu.br\/unidades\/santaines\/wp-json\/wp\/v2\/media?parent=21605"}],"wp:term":[{"taxonomy":"category","embeddable":true,"href":"https:\/\/www.ifbaiano.edu.br\/unidades\/santaines\/wp-json\/wp\/v2\/categories?post=21605"},{"taxonomy":"post_tag","embeddable":true,"href":"https:\/\/www.ifbaiano.edu.br\/unidades\/santaines\/wp-json\/wp\/v2\/tags?post=21605"}],"curies":[{"name":"wp","href":"https:\/\/api.w.org\/{rel}","templated":true}]}}