{"id":21607,"date":"2024-07-17T06:53:04","date_gmt":"2024-07-17T09:53:04","guid":{"rendered":"https:\/\/www.ifbaiano.edu.br\/unidades\/santaines\/?p=21607"},"modified":"2024-07-17T06:53:04","modified_gmt":"2024-07-17T09:53:04","slug":"if-baiano-oferta-700-vagas-para-curso-fic-sobre-praticas-pedagogicas-na-educacao-de-jovens-e-adultos-com-deficiencia","status":"publish","type":"post","link":"https:\/\/www.ifbaiano.edu.br\/unidades\/santaines\/if-baiano-oferta-700-vagas-para-curso-fic-sobre-praticas-pedagogicas-na-educacao-de-jovens-e-adultos-com-deficiencia\/","title":{"rendered":"IF Baiano oferta 700 vagas para curso FIC sobre Pr\u00e1ticas Pedag\u00f3gicas na Educa\u00e7\u00e3o de Jovens e Adultos com Defici\u00eancia"},"content":{"rendered":"\n<p>O Instituto Federal Baiano (IF Baiano) oferta 700 vagas para a Forma\u00e7\u00e3o Continuada de professores da educa\u00e7\u00e3o b\u00e1sica no curso \u201cPr\u00e1ticas Pedag\u00f3gicas para Estudantes com Defici\u00eancia na Educa\u00e7\u00e3o de Jovens e Adultos\u201d.<\/p>\n\n\n\n<p>As inscri\u00e7\u00f5es s\u00e3o gratuitas e podem ser feitas no per\u00edodo de 18 a 25 de julho de 2024, exclusivamente online, atrav\u00e9s do formul\u00e1rio digital que ser\u00e1 disponibilizado na p\u00e1gina da sele\u00e7\u00e3o:<a href=\"https:\/\/concurso.ifbaiano.edu.br\/\">&nbsp;<\/a><a href=\"https:\/\/concurso.ifbaiano.edu.br\/\">https:\/\/concurso.ifbaiano.edu.br\/<\/a>, e do envio da documenta\u00e7\u00e3o exigida conforme especificado no item 4.2 do&nbsp;<a href=\"https:\/\/concurso.ifbaiano.edu.br\/portal\/ingresso-estudante-fc-praticas-pedagogicas-estudante-com-deficiencia-eja-julho-2024\/wp-content\/uploads\/sites\/1007\/2024\/07\/EDITAL-N%C2%B0-128.pdf\">edital<\/a>.<\/p>\n\n\n\n<p>O curso ser\u00e1 realizado na modalidade virtual, atrav\u00e9s do Ambiente Virtual de Aprendizagem \u2013 Moodle\/IFBAIANO.<\/p>\n\n\n\n<p><strong>Requisitos<\/strong><\/p>\n\n\n\n<p>Para participar, os candidatos devem ser docentes da Educa\u00e7\u00e3o B\u00e1sica da rede p\u00fablica de ensino e comprovar v\u00ednculo institucional por meio de contracheque dos \u00faltimos tr\u00eas meses ou declara\u00e7\u00e3o de v\u00ednculo assinada e carimbada pelo setor respons\u00e1vel, tamb\u00e9m dos \u00faltimos tr\u00eas meses.<br>A sele\u00e7\u00e3o dos candidatos ser\u00e1 realizada por meio de ordem de inscri\u00e7\u00e3o, observando o cumprimento dos requisitos previstos no&nbsp;<a href=\"https:\/\/concurso.ifbaiano.edu.br\/portal\/ingresso-estudante-fc-praticas-pedagogicas-estudante-com-deficiencia-eja-julho-2024\/wp-content\/uploads\/sites\/1007\/2024\/07\/EDITAL-N%C2%B0-128.pdf\">edital<\/a>. A lista final dos candidatos selecionados em primeira chamada ser\u00e1 divulgada no site eletr\u00f4nico<a href=\"https:\/\/concurso.ifbaiano.edu.br\/\">&nbsp;<\/a><a href=\"https:\/\/concurso.ifbaiano.edu.br\/\">https:\/\/concurso.ifbaiano.edu.br\/<\/a>, em 29 de julho de 2024.<\/p>\n\n\n\n<p>O curso visa formar professores para atender \u00e0s demandas educativas dos estudantes com defici\u00eancia na Educa\u00e7\u00e3o de Jovens e Adultos (EJA), garantindo acesso, perman\u00eancia e participa\u00e7\u00e3o desses estudantes. Al\u00e9m disso, o curso pretende discutir a import\u00e2ncia da EJA como um direito humano e compreender a relev\u00e2ncia das adapta\u00e7\u00f5es curriculares para um processo de ensino-aprendizagem mais significativo. O curso tamb\u00e9m busca fomentar o trabalho colaborativo entre professores da sala comum e educadores especiais, destacando a inclus\u00e3o como um dever de todos.<br><br>Para mais informa\u00e7\u00f5es e para acessar o&nbsp;<a href=\"https:\/\/concurso.ifbaiano.edu.br\/portal\/ingresso-estudante-fc-praticas-pedagogicas-estudante-com-deficiencia-eja-julho-2024\/wp-content\/uploads\/sites\/1007\/2024\/07\/EDITAL-N%C2%B0-128.pdf\">edital&nbsp;<\/a>completo, visite<a href=\"https:\/\/concurso.ifbaiano.edu.br\/\">&nbsp;<\/a>o site:&nbsp;<a href=\"https:\/\/concurso.ifbaiano.edu.br\/\">https:\/\/concurso.ifbaiano.edu.br\/<\/a>.<\/p>\n\n\n\n<p>D\u00favidas sobre o processo dever\u00e3o ser encaminhadas exclusivamente para o e-mail:<a href=\"mailto:proex@ifbaiano.edu.br\">\u00a0proex@ifbaiano.edu.br<\/a>\u00a0ou por telefone (71) 3186-0025 (segunda a sexta: das 08h00 \u00e0s 12h00 \/ das 13h30 \u00e0s 17h00).<\/p>\n\n\n\n<hr class=\"wp-block-separator has-alpha-channel-opacity\" \/>\n","protected":false},"excerpt":{"rendered":"<p>O Instituto Federal Baiano (IF Baiano) oferta 700 vagas para a Forma\u00e7\u00e3o Continuada de professores da educa\u00e7\u00e3o b\u00e1sica no curso \u201cPr\u00e1ticas Pedag\u00f3gicas para Estudantes com Defici\u00eancia na Educa\u00e7\u00e3o de Jovens e Adultos\u201d. As inscri\u00e7\u00f5es s\u00e3o gratuitas e podem ser feitas no per\u00edodo de 18 a 25 de julho de 2024, exclusivamente online, atrav\u00e9s do formul\u00e1rio [&hellip;]<\/p>\n","protected":false},"author":86,"featured_media":21608,"comment_status":"closed","ping_status":"closed","sticky":false,"template":"","format":"standard","meta":[],"categories":[4,5,8,57],"tags":[],"_links":{"self":[{"href":"https:\/\/www.ifbaiano.edu.br\/unidades\/santaines\/wp-json\/wp\/v2\/posts\/21607"}],"collection":[{"href":"https:\/\/www.ifbaiano.edu.br\/unidades\/santaines\/wp-json\/wp\/v2\/posts"}],"about":[{"href":"https:\/\/www.ifbaiano.edu.br\/unidades\/santaines\/wp-json\/wp\/v2\/types\/post"}],"author":[{"embeddable":true,"href":"https:\/\/www.ifbaiano.edu.br\/unidades\/santaines\/wp-json\/wp\/v2\/users\/86"}],"replies":[{"embeddable":true,"href":"https:\/\/www.ifbaiano.edu.br\/unidades\/santaines\/wp-json\/wp\/v2\/comments?post=21607"}],"version-history":[{"count":1,"href":"https:\/\/www.ifbaiano.edu.br\/unidades\/santaines\/wp-json\/wp\/v2\/posts\/21607\/revisions"}],"predecessor-version":[{"id":21609,"href":"https:\/\/www.ifbaiano.edu.br\/unidades\/santaines\/wp-json\/wp\/v2\/posts\/21607\/revisions\/21609"}],"wp:featuredmedia":[{"embeddable":true,"href":"https:\/\/www.ifbaiano.edu.br\/unidades\/santaines\/wp-json\/wp\/v2\/media\/21608"}],"wp:attachment":[{"href":"https:\/\/www.ifbaiano.edu.br\/unidades\/santaines\/wp-json\/wp\/v2\/media?parent=21607"}],"wp:term":[{"taxonomy":"category","embeddable":true,"href":"https:\/\/www.ifbaiano.edu.br\/unidades\/santaines\/wp-json\/wp\/v2\/categories?post=21607"},{"taxonomy":"post_tag","embeddable":true,"href":"https:\/\/www.ifbaiano.edu.br\/unidades\/santaines\/wp-json\/wp\/v2\/tags?post=21607"}],"curies":[{"name":"wp","href":"https:\/\/api.w.org\/{rel}","templated":true}]}}