{"id":21610,"date":"2024-09-10T14:48:00","date_gmt":"2024-09-10T17:48:00","guid":{"rendered":"https:\/\/www.ifbaiano.edu.br\/unidades\/santaines\/?p=21610"},"modified":"2024-09-13T09:02:55","modified_gmt":"2024-09-13T12:02:55","slug":"eleicao-para-escolha-de-integrantes-do-nucleo-permanente-de-pessoal-docente","status":"publish","type":"post","link":"https:\/\/www.ifbaiano.edu.br\/unidades\/santaines\/eleicao-para-escolha-de-integrantes-do-nucleo-permanente-de-pessoal-docente\/","title":{"rendered":"Elei\u00e7\u00e3o para escolha de integrantes do N\u00facleo Permanente de Pessoal Docente"},"content":{"rendered":"\n<p>Est\u00e1 aberto o  processo eleitoral de escolha dos membros do N\u00facleo Permanente de Pessoal Docente (NPPD)&nbsp;do Instituto Federal Baiano &#8211; Campus Santa In\u00eas.&nbsp;A elei\u00e7\u00e3o ser\u00e1 realizada de forma nominal, por voto direto, em pleito coordenado pela Comiss\u00e3o Eleitoral a ser realizado por meio do m\u00f3dulo de elei\u00e7\u00e3o do Sistema Helios e votos de docentes.<\/p>\n\n\n\n<p>Apenas docentes do quadro efetivo&nbsp;do IF Baiano&nbsp;com lota\u00e7\u00e3o e exerc\u00edcio no&nbsp;<em>campus<\/em>&nbsp;Santa In\u00eas podem ser  candidatos ao NPPD  e, para ser eleitor,&nbsp;pode votar&nbsp;docente do quadro efetivo, exceto servidor inativo, de outro \u00f3rg\u00e3o e\/ou \u00e0 disposi\u00e7\u00e3o de outro \u00f3rg\u00e3o. A inscri\u00e7\u00e3o nesse processo eleitoral ocorreu por meio de Formul\u00e1rio enviado para o e-mail: nppd@si.ifbaiano.edu.br conforme consta nos editais de abertura e reabertura de inscri\u00e7\u00e3o.<\/p>\n\n\n\n<p>O eleitor dever\u00e1 votar, eletronicamente, por meio do Sistema Helios, no dia 9 de setembro, no link correspondente ao IF Baiano -Campus Santa In\u00eas, usando o mesmo usu\u00e1rio e senha de acesso ao sistema Sistema Unificado de Administra\u00e7\u00e3o P\u00fablica &#8211; SUAP. <\/p>\n\n\n\n<p>O Edital traz todas as informa\u00e7\u00f5es sobre o processo eleitoral e detalhamento sobre a vota\u00e7\u00e3o. No dia da elei\u00e7\u00e3o (09\/09), a vota\u00e7\u00e3o ser\u00e1 aberta a partir das 08h e ficar\u00e1 dispon\u00edvel aos votantes at\u00e9 \u00e0s 22h30min. <\/p>\n\n\n\n<p>Para mais informa\u00e7\u00f5es e d\u00favidas, entrar em contato com a Comiss\u00e3o Eleitoral&nbsp;atrav\u00e9s do  e-mail: nppd@si.ifbaiano.edu.br.<\/p>\n\n\n\n<hr class=\"wp-block-separator has-alpha-channel-opacity\" \/>\n\n\n\n<p><strong>Documentos\/Etapas do Processo:<\/strong><\/p>\n\n\n\n<ul>\n<li><a href=\"https:\/\/www.ifbaiano.edu.br\/unidades\/santaines\/files\/2024\/07\/Edital-PROCESSO-ELEITORAL-PARA-ESCOLHA-DE-INTEGRANTES-DO-NPPD-2024.pdf\">Edital<\/a><\/li>\n\n\n\n<li><a href=\"https:\/\/www.ifbaiano.edu.br\/unidades\/santaines\/files\/2024\/07\/II-Formulario-de-Inscricao-NPPD-2024.pdf\">Formul\u00e1rio de Inscri\u00e7\u00e3o &#8211; Anexo II<\/a><\/li>\n\n\n\n<li><a href=\"https:\/\/www.ifbaiano.edu.br\/unidades\/santaines\/files\/2024\/07\/III-Recurso-contra-Edital-NPPD-2024.pdf\">Formul\u00e1rio de Recurso contra Edital &#8211; Anexo III<\/a><\/li>\n\n\n\n<li><a href=\"https:\/\/www.ifbaiano.edu.br\/unidades\/santaines\/files\/2024\/07\/IV-Recurso-Resultado-Preliminar-NPPD-2024.pdf\">Formul\u00e1rio de Recurso contra o resultado Preliminar &#8211; Anexo IV<\/a><\/li>\n\n\n\n<li><a rel=\"noreferrer noopener\" href=\"https:\/\/concurso.ifbaiano.edu.br\/portal\/processo-eleitoral-integrantes-nppd-santa-ines-julho-2024\/wp-content\/uploads\/sites\/1018\/2024\/08\/Edital-de-Retificacao-NPPD.pdf\" target=\"_blank\">Edital de Retifica\u00e7\u00e3o<\/a><\/li>\n\n\n\n<li><a href=\"https:\/\/www.ifbaiano.edu.br\/unidades\/santaines\/files\/2024\/08\/RESULTADO-DAS-INSCRICOES-NPPD.pdf\">Resultado das Inscri\u00e7\u00f5es<\/a><\/li>\n\n\n\n<li><a href=\"http:\/\/Lista de Candidaturas Homologadas\">Lista de candidaturas homologadas<\/a><\/li>\n\n\n\n<li><a rel=\"noreferrer noopener\" href=\"https:\/\/concurso.ifbaiano.edu.br\/portal\/processo-eleitoral-integrantes-nppd-santa-ines-julho-2024\/wp-content\/uploads\/sites\/1018\/2024\/09\/Lista-de-Votantes.pdf\" target=\"_blank\">Lista Preliminar de Votantes<\/a><\/li>\n\n\n\n<li><a rel=\"noreferrer noopener\" href=\"https:\/\/concurso.ifbaiano.edu.br\/portal\/processo-eleitoral-integrantes-nppd-santa-ines-julho-2024\/wp-content\/uploads\/sites\/1018\/2024\/09\/Lista-Definitiva-de-Votantes.pdf\" target=\"_blank\">Lista Definitiva de Votantes<\/a><\/li>\n\n\n\n<li><a rel=\"noreferrer noopener\" href=\"https:\/\/concurso.ifbaiano.edu.br\/portal\/processo-eleitoral-integrantes-nppd-santa-ines-julho-2024\/wp-content\/uploads\/sites\/1018\/2024\/09\/Resultado-preliminar.pdf\" target=\"_blank\">Resultado Preliminar da Vota\u00e7\u00e3o<\/a><\/li>\n\n\n\n<li><a rel=\"noreferrer noopener\" href=\"https:\/\/concurso.ifbaiano.edu.br\/portal\/processo-eleitoral-integrantes-nppd-santa-ines-julho-2024\/wp-content\/uploads\/sites\/1018\/2024\/09\/Resultado-final.pdf\" target=\"_blank\">Resultado Final<\/a><\/li>\n<\/ul>\n","protected":false},"excerpt":{"rendered":"<p>Est\u00e1 aberto o processo eleitoral de escolha dos membros do N\u00facleo Permanente de Pessoal Docente (NPPD)&nbsp;do Instituto Federal Baiano &#8211; Campus Santa In\u00eas.&nbsp;A elei\u00e7\u00e3o ser\u00e1 realizada de forma nominal, por voto direto, em pleito coordenado pela Comiss\u00e3o Eleitoral a ser realizado por meio do m\u00f3dulo de elei\u00e7\u00e3o do Sistema Helios e votos de docentes. Apenas [&hellip;]<\/p>\n","protected":false},"author":86,"featured_media":21757,"comment_status":"closed","ping_status":"closed","sticky":false,"template":"","format":"standard","meta":[],"categories":[4,57],"tags":[],"_links":{"self":[{"href":"https:\/\/www.ifbaiano.edu.br\/unidades\/santaines\/wp-json\/wp\/v2\/posts\/21610"}],"collection":[{"href":"https:\/\/www.ifbaiano.edu.br\/unidades\/santaines\/wp-json\/wp\/v2\/posts"}],"about":[{"href":"https:\/\/www.ifbaiano.edu.br\/unidades\/santaines\/wp-json\/wp\/v2\/types\/post"}],"author":[{"embeddable":true,"href":"https:\/\/www.ifbaiano.edu.br\/unidades\/santaines\/wp-json\/wp\/v2\/users\/86"}],"replies":[{"embeddable":true,"href":"https:\/\/www.ifbaiano.edu.br\/unidades\/santaines\/wp-json\/wp\/v2\/comments?post=21610"}],"version-history":[{"count":12,"href":"https:\/\/www.ifbaiano.edu.br\/unidades\/santaines\/wp-json\/wp\/v2\/posts\/21610\/revisions"}],"predecessor-version":[{"id":22250,"href":"https:\/\/www.ifbaiano.edu.br\/unidades\/santaines\/wp-json\/wp\/v2\/posts\/21610\/revisions\/22250"}],"wp:featuredmedia":[{"embeddable":true,"href":"https:\/\/www.ifbaiano.edu.br\/unidades\/santaines\/wp-json\/wp\/v2\/media\/21757"}],"wp:attachment":[{"href":"https:\/\/www.ifbaiano.edu.br\/unidades\/santaines\/wp-json\/wp\/v2\/media?parent=21610"}],"wp:term":[{"taxonomy":"category","embeddable":true,"href":"https:\/\/www.ifbaiano.edu.br\/unidades\/santaines\/wp-json\/wp\/v2\/categories?post=21610"},{"taxonomy":"post_tag","embeddable":true,"href":"https:\/\/www.ifbaiano.edu.br\/unidades\/santaines\/wp-json\/wp\/v2\/tags?post=21610"}],"curies":[{"name":"wp","href":"https:\/\/api.w.org\/{rel}","templated":true}]}}