{"id":21623,"date":"2024-07-19T22:47:29","date_gmt":"2024-07-20T01:47:29","guid":{"rendered":"https:\/\/www.ifbaiano.edu.br\/unidades\/santaines\/?p=21623"},"modified":"2024-07-22T13:39:30","modified_gmt":"2024-07-22T16:39:30","slug":"projeto-de-extensao-em-santa-ines-promove-encontros-literarios-com-escritores-negros-e-indigenas","status":"publish","type":"post","link":"https:\/\/www.ifbaiano.edu.br\/unidades\/santaines\/projeto-de-extensao-em-santa-ines-promove-encontros-literarios-com-escritores-negros-e-indigenas\/","title":{"rendered":"Projeto de Extens\u00e3o em Santa In\u00eas Promove Encontros Liter\u00e1rios com Escritores Negros e Ind\u00edgenas"},"content":{"rendered":"\n<p>Ap\u00f3s um ano de encontros, partilhas e aprendizados, nesta semana, nos dias 16 e 17, as atividades do projeto de Extens\u00e3o \u201cEncontros Liter\u00e1rios com Escritores\/as Negros\/as e Ind\u00edgenas\u201d foram encerradas.&nbsp;<\/p>\n\n\n\n<p>Iniciado em julho de 2023, o projeto realizou encontros liter\u00e1rios em diversos locais da comunidade, incluindo o IF Baiano \u2013 Campus Santa In\u00eas, a Biblioteca Municipal, a Escola Antenor Rangel em Lagoa Queimada, e a Escola Judith Lima da Hora em Bela Mira. Durante os encontros, obras de autores como Daniel Munduruku, Marcos Caj\u00e9, Marcia Mendes, Eliane Potiguara, Cristino Wapichina, e outros, foram exploradas atrav\u00e9s de leituras, rodas de conversa e atividades de partilha.<\/p>\n\n\n\n<figure class=\"wp-block-gallery has-nested-images columns-default is-cropped wp-block-gallery-1 is-layout-flex\">\n<figure class=\"wp-block-image size-large\"><a href=\"https:\/\/www.ifbaiano.edu.br\/unidades\/santaines\/files\/2024\/07\/if-baiano-si-22-07-2024-2.jpeg\"><img decoding=\"async\" loading=\"lazy\" width=\"828\" height=\"629\" data-id=\"21652\"  src=\"https:\/\/www.ifbaiano.edu.br\/unidades\/santaines\/files\/2024\/07\/if-baiano-si-22-07-2024-2.jpeg\" alt=\"\" class=\"wp-image-21652\" \/><\/a><\/figure>\n\n\n\n<figure class=\"wp-block-image size-large\"><a href=\"https:\/\/www.ifbaiano.edu.br\/unidades\/santaines\/files\/2024\/07\/1-2.png\"><img decoding=\"async\" loading=\"lazy\" width=\"828\" height=\"382\" data-id=\"21636\"  src=\"https:\/\/www.ifbaiano.edu.br\/unidades\/santaines\/files\/2024\/07\/1-2.png\" alt=\"\" class=\"wp-image-21636\" \/><\/a><\/figure>\n\n\n\n<figure class=\"wp-block-image size-large\"><a href=\"https:\/\/www.ifbaiano.edu.br\/unidades\/santaines\/files\/2024\/07\/if-baiano-si-22-07-2024-3.jpeg\"><img decoding=\"async\" loading=\"lazy\" width=\"1280\" height=\"960\" data-id=\"21653\"  src=\"https:\/\/www.ifbaiano.edu.br\/unidades\/santaines\/files\/2024\/07\/if-baiano-si-22-07-2024-3.jpeg\" alt=\"\" class=\"wp-image-21653\" \/><\/a><\/figure>\n\n\n\n<figure class=\"wp-block-image size-large\"><a href=\"https:\/\/www.ifbaiano.edu.br\/unidades\/santaines\/files\/2024\/07\/4-2.png\"><img decoding=\"async\" loading=\"lazy\" width=\"1280\" height=\"576\" data-id=\"21639\"  src=\"https:\/\/www.ifbaiano.edu.br\/unidades\/santaines\/files\/2024\/07\/4-2.png\" alt=\"\" class=\"wp-image-21639\" \/><\/a><\/figure>\n\n\n\n<figure class=\"wp-block-image size-large\"><a href=\"https:\/\/www.ifbaiano.edu.br\/unidades\/santaines\/files\/2024\/07\/6-1.png\"><img decoding=\"async\" loading=\"lazy\" width=\"1024\" height=\"576\" data-id=\"21629\"  src=\"https:\/\/www.ifbaiano.edu.br\/unidades\/santaines\/files\/2024\/07\/6-1.png\" alt=\"\" class=\"wp-image-21629\" \/><\/a><\/figure>\n\n\n\n<figure class=\"wp-block-image size-large\"><a href=\"https:\/\/www.ifbaiano.edu.br\/unidades\/santaines\/files\/2024\/07\/2-2.png\"><img decoding=\"async\" loading=\"lazy\" width=\"828\" height=\"618\" data-id=\"21637\"  src=\"https:\/\/www.ifbaiano.edu.br\/unidades\/santaines\/files\/2024\/07\/2-2.png\" alt=\"\" class=\"wp-image-21637\" \/><\/a><\/figure>\n\n\n\n<figure class=\"wp-block-image size-large\"><a href=\"https:\/\/www.ifbaiano.edu.br\/unidades\/santaines\/files\/2024\/07\/if-baiano-si-22-07-2024-5.jpeg\"><img decoding=\"async\" loading=\"lazy\" width=\"741\" height=\"1280\" data-id=\"21655\"  src=\"https:\/\/www.ifbaiano.edu.br\/unidades\/santaines\/files\/2024\/07\/if-baiano-si-22-07-2024-5.jpeg\" alt=\"\" class=\"wp-image-21655\" \/><\/a><\/figure>\n\n\n\n<figure class=\"wp-block-image size-large\"><a href=\"https:\/\/www.ifbaiano.edu.br\/unidades\/santaines\/files\/2024\/07\/11-1.png\"><img decoding=\"async\" loading=\"lazy\" width=\"828\" height=\"609\" data-id=\"21646\"  src=\"https:\/\/www.ifbaiano.edu.br\/unidades\/santaines\/files\/2024\/07\/11-1.png\" alt=\"\" class=\"wp-image-21646\" \/><\/a><\/figure>\n\n\n\n<figure class=\"wp-block-image size-large\"><a href=\"https:\/\/www.ifbaiano.edu.br\/unidades\/santaines\/files\/2024\/07\/5-1.png\"><img decoding=\"async\" loading=\"lazy\" width=\"828\" height=\"615\" data-id=\"21628\"  src=\"https:\/\/www.ifbaiano.edu.br\/unidades\/santaines\/files\/2024\/07\/5-1.png\" alt=\"\" class=\"wp-image-21628\" \/><\/a><\/figure>\n<\/figure>\n\n\n\n<p>O projeto come\u00e7ou com uma oficina de conta\u00e7\u00e3o de hist\u00f3rias na perspectiva da Pedagogia Gri\u00f4, ministrada pela atriz e educadora Karla Cajaiba, que ajudou a formar o repert\u00f3rio da equipe executora. Antes dos encontros com os estudantes, houve uma roda de conversa com professores, coordenadores pedag\u00f3gicos e a equipe da Secretaria de Educa\u00e7\u00e3o municipal, discutindo a tem\u00e1tica \u201cA experi\u00eancia docente e o perigo de uma hist\u00f3ria \u00fanica: tecendo caminhos para uma educa\u00e7\u00e3o antirracista\u201d.<\/p>\n\n\n\n<p>Para finalizar, nos dias 16 e 17 de julho, foram realizadas exposi\u00e7\u00f5es e debates sobre identidade e autoestima no Instituto de Educa\u00e7\u00e3o do Munic\u00edpio de Santa In\u00eas e na Escola Professor Manoel Reis, com a participa\u00e7\u00e3o de Eliane Ferreira e Micael Marques.<\/p>\n\n\n\n<p>O projeto, realizado por Merilande de Oliveira Soares Eloi, t\u00e9cnica em Assuntos Educacionais; Arlene Luttigards de Oliveira Vaz Sampaio, pedagoga; Carrilho Oberdan Guanais Aguiar, t\u00e9cnico em Assuntos Educacionais; e Eliane Ferreira da Silva Santos Barbosa, t\u00e9cnica em Assuntos Educacionais, envolveu servidores e estudantes do IF Baiano \u2013 Campus Santa In\u00eas, em parceria com a Secretaria Municipal de Educa\u00e7\u00e3o, e foi desenvolvido com o objetivo de incentivar o gosto pela leitura liter\u00e1ria e promover o contato com diversas culturas. As sess\u00f5es liter\u00e1rias, realizadas com estudantes do ensino fundamental I e II, buscavam sensibilizar para uma leitura cr\u00edtica e emancipat\u00f3ria, valorizando a cultura liter\u00e1ria ind\u00edgena e afro-brasileira e desconstruindo estere\u00f3tipos. A a\u00e7\u00e3o beneficiou todos os envolvidos, fomentando uma educa\u00e7\u00e3o antirracista.<\/p>\n\n\n\n<p>Gabriela Brito, bolsista do projeto e estudante do Curso T\u00e9cnico em Zootecnia do IF Baiano, destacou a import\u00e2ncia de sua participa\u00e7\u00e3o: \u201cParticipar do projeto me proporcionou diversidade de entendimento e contribuiu significativamente na constru\u00e7\u00e3o do meu repert\u00f3rio sociocultural, al\u00e9m de me aproximar da \u00e1rea de linguagem, leitura e interpreta\u00e7\u00e3o. Tamb\u00e9m me reconhecer como mulher negra e tecer caminhos para uma educa\u00e7\u00e3o antirracista foram experi\u00eancias marcantes.\u201d A diretora pedag\u00f3gica Mar\u00edlia Fran\u00e7a tamb\u00e9m ressaltou o impacto positivo: \u201cO projeto descortina mundos desconhecidos pelos nossos estudantes e fomenta o reconhecimento de sua singularidade atrav\u00e9s da literatura negra e ind\u00edgena.\u201d<\/p>\n\n\n\n<p>Com o intuito de estreitar as rela\u00e7\u00f5es acad\u00eamicas e valorizar a cultura liter\u00e1ria ind\u00edgena e afro-brasileira, o projeto de Extens\u00e3o \u201cEncontros Liter\u00e1rios com Escritores\/as Negros\/as e Ind\u00edgenas\u201d deixa um legado importante na comunidade de Santa In\u00eas, promovendo a forma\u00e7\u00e3o de leitores cr\u00edticos e a valoriza\u00e7\u00e3o das diversidades culturais.<\/p>\n\n\n\n<figure class=\"wp-block-gallery has-nested-images columns-default is-cropped wp-block-gallery-3 is-layout-flex\">\n<figure class=\"wp-block-image size-large\"><a href=\"https:\/\/www.ifbaiano.edu.br\/unidades\/santaines\/files\/2024\/07\/if-baiano-si-22-07-2024-1.jpeg\"><img decoding=\"async\" loading=\"lazy\" width=\"1280\" height=\"960\" data-id=\"21656\"  src=\"https:\/\/www.ifbaiano.edu.br\/unidades\/santaines\/files\/2024\/07\/if-baiano-si-22-07-2024-1.jpeg\" alt=\"\" class=\"wp-image-21656\" \/><\/a><\/figure>\n\n\n\n<figure class=\"wp-block-image size-large\"><a href=\"https:\/\/www.ifbaiano.edu.br\/unidades\/santaines\/files\/2024\/07\/9-1.png\"><img decoding=\"async\" loading=\"lazy\" width=\"1280\" height=\"960\" data-id=\"21632\"  src=\"https:\/\/www.ifbaiano.edu.br\/unidades\/santaines\/files\/2024\/07\/9-1.png\" alt=\"\" class=\"wp-image-21632\" \/><\/a><\/figure>\n\n\n\n<figure class=\"wp-block-image size-large\"><a href=\"https:\/\/www.ifbaiano.edu.br\/unidades\/santaines\/files\/2024\/07\/if-baiano-si-22-07-2024-4.jpeg\"><img decoding=\"async\" loading=\"lazy\" width=\"1024\" height=\"576\" data-id=\"21654\"  src=\"https:\/\/www.ifbaiano.edu.br\/unidades\/santaines\/files\/2024\/07\/if-baiano-si-22-07-2024-4.jpeg\" alt=\"\" class=\"wp-image-21654\" \/><\/a><\/figure>\n<\/figure>\n\n\n\n<hr class=\"wp-block-separator has-alpha-channel-opacity\" \/>\n\n\n\n<p><\/p>\n","protected":false},"excerpt":{"rendered":"<p>Ap\u00f3s um ano de encontros, partilhas e aprendizados, nesta semana, nos dias 16 e 17, as atividades do projeto de Extens\u00e3o \u201cEncontros Liter\u00e1rios com Escritores\/as Negros\/as e Ind\u00edgenas\u201d foram encerradas.&nbsp; Iniciado em julho de 2023, o projeto realizou encontros liter\u00e1rios em diversos locais da comunidade, incluindo o IF Baiano \u2013 Campus Santa In\u00eas, a Biblioteca [&hellip;]<\/p>\n","protected":false},"author":86,"featured_media":21652,"comment_status":"closed","ping_status":"closed","sticky":false,"template":"","format":"standard","meta":[],"categories":[4,5,57],"tags":[],"_links":{"self":[{"href":"https:\/\/www.ifbaiano.edu.br\/unidades\/santaines\/wp-json\/wp\/v2\/posts\/21623"}],"collection":[{"href":"https:\/\/www.ifbaiano.edu.br\/unidades\/santaines\/wp-json\/wp\/v2\/posts"}],"about":[{"href":"https:\/\/www.ifbaiano.edu.br\/unidades\/santaines\/wp-json\/wp\/v2\/types\/post"}],"author":[{"embeddable":true,"href":"https:\/\/www.ifbaiano.edu.br\/unidades\/santaines\/wp-json\/wp\/v2\/users\/86"}],"replies":[{"embeddable":true,"href":"https:\/\/www.ifbaiano.edu.br\/unidades\/santaines\/wp-json\/wp\/v2\/comments?post=21623"}],"version-history":[{"count":6,"href":"https:\/\/www.ifbaiano.edu.br\/unidades\/santaines\/wp-json\/wp\/v2\/posts\/21623\/revisions"}],"predecessor-version":[{"id":21665,"href":"https:\/\/www.ifbaiano.edu.br\/unidades\/santaines\/wp-json\/wp\/v2\/posts\/21623\/revisions\/21665"}],"wp:featuredmedia":[{"embeddable":true,"href":"https:\/\/www.ifbaiano.edu.br\/unidades\/santaines\/wp-json\/wp\/v2\/media\/21652"}],"wp:attachment":[{"href":"https:\/\/www.ifbaiano.edu.br\/unidades\/santaines\/wp-json\/wp\/v2\/media?parent=21623"}],"wp:term":[{"taxonomy":"category","embeddable":true,"href":"https:\/\/www.ifbaiano.edu.br\/unidades\/santaines\/wp-json\/wp\/v2\/categories?post=21623"},{"taxonomy":"post_tag","embeddable":true,"href":"https:\/\/www.ifbaiano.edu.br\/unidades\/santaines\/wp-json\/wp\/v2\/tags?post=21623"}],"curies":[{"name":"wp","href":"https:\/\/api.w.org\/{rel}","templated":true}]}}