{"id":21675,"date":"2024-08-20T12:26:00","date_gmt":"2024-08-20T15:26:00","guid":{"rendered":"https:\/\/www.ifbaiano.edu.br\/unidades\/santaines\/?p=21675"},"modified":"2024-09-14T12:49:42","modified_gmt":"2024-09-14T15:49:42","slug":"campus-santa-ines-seleciona-estudantes-da-modalidade-ead-para-participacao-na-politica-de-assistencia-estudantil-por-meio-do-paise","status":"publish","type":"post","link":"https:\/\/www.ifbaiano.edu.br\/unidades\/santaines\/campus-santa-ines-seleciona-estudantes-da-modalidade-ead-para-participacao-na-politica-de-assistencia-estudantil-por-meio-do-paise\/","title":{"rendered":"Sele\u00e7\u00e3o de Estudantes da modalidade EaD do Campus Santa In\u00eas para participa\u00e7\u00e3o na Pol\u00edtica de Assist\u00eancia Estudantil por meio do PAISE"},"content":{"rendered":"\n<p>O Instituto Federal Baiano (IF Baiano) &#8211; Campus Santa In\u00eas divulgou o Edital com as normas e crit\u00e9rios para sele\u00e7\u00e3o EXCLUSIVAMENTE de estudantes da Modalidade de Ensino a Dist\u00e2ncia (EaD) em vulnerabilidade socioecon\u00f4mica, com a finalidade de participa\u00e7\u00e3o no&nbsp;Programa de Assist\u00eancia e Inclus\u00e3o Social do Estudante \u2013 PAISE 2024.<\/p>\n\n\n\n<p>As inscri\u00e7\u00f5es, realizadas exclusivamente atrav\u00e9s do acesso ao <a href=\"https:\/\/suap.ifbaiano.edu.br\/\">Sistema Unificado de Administra\u00e7\u00e3o P\u00fablica &#8211; SUAP<\/a>, aconteceram no per\u00edodo de 27 a 30 de julho de 2024. A sele\u00e7\u00e3o dos candidatos foi realizada em duas etapas: An\u00e1lise de crit\u00e9rios socioecon\u00f4micos (como definidores da classifica\u00e7\u00e3o) e Entrevista Social.<\/p>\n\n\n\n<p>Puderam participar do PAISE, discente ativo com matr\u00edcula regular em cursos de n\u00edvel m\u00e9dio ou de gradua\u00e7\u00e3o do Campus Santa In\u00eas na modalidade EAD e, prioritariamente, com renda per capita familiar de at\u00e9 um sal\u00e1rio m\u00ednimo e meio vigente ou ser oriundo da rede p\u00fablica de educa\u00e7\u00e3o b\u00e1sica, com base no Art. 5\u00ba, do <a href=\"https:\/\/www.planalto.gov.br\/ccivil_03\/_ato2007-2010\/2010\/decreto\/d7234.htm\">Decreto n\u00ba 7.234\/2010<\/a>.<\/p>\n\n\n\n<p>Informa\u00e7\u00f5es sobre o processo seletivo e&nbsp;cronograma foram publicadas, e atualizadas em cada etapa, nesta P\u00e1gina e&nbsp;no Portal do IF Baiano, na <a href=\"https:\/\/concurso.ifbaiano.edu.br\/portal\/paise-ead-santa-ines-julho-2024\/\">P\u00e1gina de Concursos<\/a>. O e-mail:&nbsp;clae@si.ifbaiano.edu.br segue para encaminhamento de d\u00favidas e\/ou contatos sobre o programa.<\/p>\n\n\n\n<p><strong>Sobre o programa<\/strong><\/p>\n\n\n\n<p>O Programa de Assist\u00eancia e Inclus\u00e3o Social do Estudante \u2013 PAISE, integrante da Pol\u00edtica de Assist\u00eancia Estudantil do IF Baiano, visa contribuir para o bem estar biopsicossocial, perman\u00eancia e \u00eaxito nas atividades acad\u00eamicas de estudantes em vulnerabilidade socioecon\u00f4mica.&nbsp;<\/p>\n\n\n\n<p>O PAISE disp\u00f5e de benef\u00edcios como aux\u00edlio moradia, aux\u00edlio alimenta\u00e7\u00e3o, aux\u00edlio transporte, aux\u00edlio material acad\u00eamico, aux\u00edlio creche, aux\u00edlio uniforme, aux\u00edlio perman\u00eancia, aux\u00edlio PROEJA e aux\u00edlio c\u00f3pia e impress\u00e3o. Neste edital PAISE ser\u00e3o contemplados, exclusivamente, os aux\u00edlios Creche e Transporte.<\/p>\n\n\n\n<p><strong>Nota Informativa<\/strong><\/p>\n\n\n\n<p>A Comiss\u00e3o Local de Assist\u00eancia Estudantil (CLAE), em <a href=\"https:\/\/concurso.ifbaiano.edu.br\/portal\/paise-ead-santa-ines-julho-2024\/wp-content\/uploads\/sites\/1017\/2024\/07\/NOTA-INFORMATIVA-CLAE-PAISE.pdf\">nota<\/a>, informa aos(\u00e0s) estudantes selecionados(as) no Aux\u00edlio Creche, por meio desse <a href=\"https:\/\/concurso.ifbaiano.edu.br\/portal\/paise-ead-santa-ines-julho-2024\/wp-content\/uploads\/sites\/1017\/2024\/07\/EDITAL-PAISE-2024-EAD.pdf\">Edital PAISE n\u00ba 25<\/a> que o pagamento referente a este m\u00eas&nbsp;de julho&nbsp;ser\u00e1 realizado na pr\u00f3xima planilha do m\u00eas&nbsp;de agosto, junto com os demais aux\u00edlios. A decis\u00e3o se deve ao fato de que o referido aux\u00edlio contempla tamb\u00e9m os estudantes dos cursos na modalidade EaD, que ficaram impossibilitados de participar do <a href=\"https:\/\/www.ifbaiano.edu.br\/unidades\/santaines\/files\/2024\/04\/Edital-no-15-PAISE.pdf\">Edital n\u00ba 15\/2024<\/a>, por problemas identificados na operacionaliza\u00e7\u00e3o da matr\u00edcula, regularizada recentemente. <\/p>\n\n\n\n<p>A nota segue listada abaixo, na \u00edntegra.<\/p>\n\n\n\n<hr class=\"wp-block-separator has-alpha-channel-opacity\" \/>\n\n\n\n<p><strong>Documentos\/etapas do processo de sele\u00e7\u00e3o:<\/strong><\/p>\n\n\n\n<ul>\n<li><a rel=\"noreferrer noopener\" href=\"https:\/\/concurso.ifbaiano.edu.br\/portal\/paise-ead-santa-ines-julho-2024\/wp-content\/uploads\/sites\/1017\/2024\/07\/EDITAL-PAISE-2024-EAD.pdf\" target=\"_blank\">Edital n\u00ba 25\/2024<\/a><\/li>\n\n\n\n<li><a href=\"https:\/\/concurso.ifbaiano.edu.br\/portal\/paise-ead-santa-ines-julho-2024\/wp-content\/uploads\/sites\/1017\/2024\/07\/NOTA-INFORMATIVA-CLAE-PAISE.pdf\">Nota Informativa CLAE &#8211; Aux\u00edlio Creche<\/a><\/li>\n\n\n\n<li><a href=\"https:\/\/www.ifbaiano.edu.br\/unidades\/santaines\/files\/2024\/08\/EDITAL-DE-RETIFICACAO-No-28_2024-DE-07-DE-AGOSTO-DE-2024.pdf\">Edital de Retifica\u00e7\u00e3o<\/a> &#8211; Retifica\u00e7\u00e3o do Cronograma<\/li>\n\n\n\n<li><a href=\"https:\/\/www.ifbaiano.edu.br\/unidades\/santaines\/files\/2024\/08\/LISTA-DE-INSCRICOES-HOMOLOGADAS.pdf\">Lista de Inscri\u00e7\u00f5es Homologadas<\/a><\/li>\n\n\n\n<li><a rel=\"noreferrer noopener\" href=\"https:\/\/concurso.ifbaiano.edu.br\/portal\/paise-ead-santa-ines-julho-2024\/wp-content\/uploads\/sites\/1017\/2024\/08\/LISTA-DE-PRE-SELECIONADOS.pdf\" target=\"_blank\">Lista de Pr\u00e9-Selecionados<\/a><\/li>\n\n\n\n<li><a href=\"https:\/\/www.ifbaiano.edu.br\/unidades\/santaines\/files\/2024\/08\/SELECIONADOS-FINAL-AUXILIO-TRANSPORTE-EaD.pdf\">Selecionados &#8211; AUX\u00cdLIO TRANSPORTE<\/a><\/li>\n\n\n\n<li><a href=\"https:\/\/www.ifbaiano.edu.br\/unidades\/santaines\/files\/2024\/08\/SELECIONADOS-FINAL-AUXILIO-CRECHE.pdf\">Selecionados &#8211; AUX\u00cdLIO CRECHE<\/a><\/li>\n<\/ul>\n\n\n\n<hr class=\"wp-block-separator has-alpha-channel-opacity\" \/>\n\n\n\n<p><strong>NOTA:<\/strong> A CLAE informa que foram retificadas, em 12 de setembro de 2024, as listas dos estudantes selecionados, desde a homologa\u00e7\u00e3o, at\u00e9 a sele\u00e7\u00e3o final, por aux\u00edlio. A sele\u00e7\u00e3o de estudantes nestes aux\u00edlios, referem-se aos <a href=\"https:\/\/www.ifbaiano.edu.br\/unidades\/santaines\/files\/2024\/04\/Edital-no-15-PAISE.pdf\">Edital n\u00ba 15, de\u00a025 de abril\u00a0de 2024<\/a> e n\u00ba <a href=\"https:\/\/concurso.ifbaiano.edu.br\/portal\/paise-ead-santa-ines-julho-2024\/wp-content\/uploads\/sites\/1017\/2024\/07\/EDITAL-PAISE-2024-EAD.pdf\">25, de\u00a025 de julho\u00a0de 2024<\/a>, do Programa de Assist\u00eancia e Inclus\u00e3o Social (PAISE). Seguem as referidas listas:<\/p>\n\n\n\n<ul>\n<li><a href=\"https:\/\/www.ifbaiano.edu.br\/unidades\/santaines\/files\/2024\/09\/INSCRICOES-HOMOLOGADAS-EDITAL-15-2024.pdf\">Inscri\u00e7\u00f5es Homologadas &#8211; Edital n\u00ba 15<\/a><\/li>\n\n\n\n<li><a href=\"https:\/\/www.ifbaiano.edu.br\/unidades\/santaines\/files\/2024\/09\/INSCRICOES-HOMOLOGADAS-EDITAL-25-2024.pdf\">Inscri\u00e7\u00f5es Homologadas &#8211; Edital n\u00ba 25<\/a><\/li>\n\n\n\n<li><a href=\"https:\/\/www.ifbaiano.edu.br\/unidades\/santaines\/files\/2024\/09\/PRE-SELECIONADOS-TRANSPORTE-EAD-E-SUBSEQUENTE.pdf\">Pr\u00e9-selecionados Transporte EaD e Subsequente<\/a><\/li>\n\n\n\n<li><a href=\"https:\/\/www.ifbaiano.edu.br\/unidades\/santaines\/files\/2024\/09\/SELECIONADOS-TRANSPORTE-EAD-E-SUBSEQUENTE.pdf\">Selecionados Transporte EaD e Subsequente<\/a><\/li>\n\n\n\n<li><a href=\"https:\/\/www.ifbaiano.edu.br\/unidades\/santaines\/files\/2024\/09\/PRE-SELECIONADOS-CRECHE.pdf\">Pr\u00e9-selecionados Creche<\/a><\/li>\n\n\n\n<li><a href=\"https:\/\/www.ifbaiano.edu.br\/unidades\/santaines\/files\/2024\/09\/SELECIONADOS-CRECHE.pdf\">Selecionados Creche<\/a><\/li>\n<\/ul>\n\n\n\n<hr class=\"wp-block-separator has-alpha-channel-opacity\" \/>\n\n\n\n<p><\/p>\n","protected":false},"excerpt":{"rendered":"<p>Sele\u00e7\u00e3o para estudantes da Modalidade de Ensino a Dist\u00e2ncia (EaD) em vulnerabilidade socioecon\u00f4mica<\/p>\n","protected":false},"author":86,"featured_media":21715,"comment_status":"closed","ping_status":"closed","sticky":false,"template":"","format":"standard","meta":[],"categories":[4,38,8,57],"tags":[],"_links":{"self":[{"href":"https:\/\/www.ifbaiano.edu.br\/unidades\/santaines\/wp-json\/wp\/v2\/posts\/21675"}],"collection":[{"href":"https:\/\/www.ifbaiano.edu.br\/unidades\/santaines\/wp-json\/wp\/v2\/posts"}],"about":[{"href":"https:\/\/www.ifbaiano.edu.br\/unidades\/santaines\/wp-json\/wp\/v2\/types\/post"}],"author":[{"embeddable":true,"href":"https:\/\/www.ifbaiano.edu.br\/unidades\/santaines\/wp-json\/wp\/v2\/users\/86"}],"replies":[{"embeddable":true,"href":"https:\/\/www.ifbaiano.edu.br\/unidades\/santaines\/wp-json\/wp\/v2\/comments?post=21675"}],"version-history":[{"count":16,"href":"https:\/\/www.ifbaiano.edu.br\/unidades\/santaines\/wp-json\/wp\/v2\/posts\/21675\/revisions"}],"predecessor-version":[{"id":22298,"href":"https:\/\/www.ifbaiano.edu.br\/unidades\/santaines\/wp-json\/wp\/v2\/posts\/21675\/revisions\/22298"}],"wp:featuredmedia":[{"embeddable":true,"href":"https:\/\/www.ifbaiano.edu.br\/unidades\/santaines\/wp-json\/wp\/v2\/media\/21715"}],"wp:attachment":[{"href":"https:\/\/www.ifbaiano.edu.br\/unidades\/santaines\/wp-json\/wp\/v2\/media?parent=21675"}],"wp:term":[{"taxonomy":"category","embeddable":true,"href":"https:\/\/www.ifbaiano.edu.br\/unidades\/santaines\/wp-json\/wp\/v2\/categories?post=21675"},{"taxonomy":"post_tag","embeddable":true,"href":"https:\/\/www.ifbaiano.edu.br\/unidades\/santaines\/wp-json\/wp\/v2\/tags?post=21675"}],"curies":[{"name":"wp","href":"https:\/\/api.w.org\/{rel}","templated":true}]}}