{"id":21760,"date":"2024-07-30T15:02:31","date_gmt":"2024-07-30T18:02:31","guid":{"rendered":"https:\/\/www.ifbaiano.edu.br\/unidades\/santaines\/?p=21760"},"modified":"2024-08-04T17:17:59","modified_gmt":"2024-08-04T20:17:59","slug":"campus-santa-ines-abre-selecao-para-participacao-de-estudantes-no-programa-de-incentivo-a-cultura-esporte-e-lazer-pincel","status":"publish","type":"post","link":"https:\/\/www.ifbaiano.edu.br\/unidades\/santaines\/campus-santa-ines-abre-selecao-para-participacao-de-estudantes-no-programa-de-incentivo-a-cultura-esporte-e-lazer-pincel\/","title":{"rendered":"Campus Santa In\u00eas abre sele\u00e7\u00e3o para participa\u00e7\u00e3o de estudantes no Programa de Incentivo \u00e0 Cultura, Esporte e Lazer &#8211; PINCEL"},"content":{"rendered":"\n<p>Campus Santa In\u00eas publica novo <a href=\"https:\/\/www.ifbaiano.edu.br\/unidades\/santaines\/files\/2024\/07\/Edital-PINCEL.pdf\">Edital<\/a> de Fluxo Cont\u00ednuo para sele\u00e7\u00e3o priorit\u00e1ria de estudantes em vulnerabilidade socioecon\u00f4mica, de cursos presenciais e a dist\u00e2ncia, com a finalidade de participa\u00e7\u00e3o na Pol\u00edtica de Assist\u00eancia Estudantil deste Instituto, por meio do Programa de Incentivo \u00e0 Cultura, Esporte e Lazer &#8211; PINCEL.<\/p>\n\n\n\n<p>Para participar do PINCEL, o estudante deve obedecer aos seguintes crit\u00e9rios:<\/p>\n\n\n\n<p>&#8211; Estar devidamente matriculado e com frequ\u00eancia regular m\u00ednima de 75% (tendo como refer\u00eancia o m\u00eas anterior ao pedido do aux\u00edlio), em curso ofertado pelo Campus, de n\u00edvel m\u00e9dio ou gradua\u00e7\u00e3o, nas modalidades presencial ou EaD, ressalvados os casos justificados e\/ou sob acompanhamento psicossocial e\/ou pedag\u00f3gico;<\/p>\n\n\n\n<p>&#8211; Possuir renda per capita familiar de at\u00e9 um sal\u00e1rio-m\u00ednimo e meio vigente e;<\/p>\n\n\n\n<p>&#8211; Estar em situa\u00e7\u00e3o de vulnerabilidade socioecon\u00f4mica, prioritariamente.<\/p>\n\n\n\n<p>Estudantes em vulnerabilidade socioecon\u00f4mica devem ficar atentos(as) pois, na inscri\u00e7\u00e3o, dever\u00e3o ser apresentadas, tamb\u00e9m, a certid\u00e3o\/comprovante de cadastramento do <a href=\"https:\/\/cadunico.dataprev.gov.br\/\">CAD\u00daNICO<\/a>, declara\u00e7\u00e3o assinada, emitida por lideran\u00e7a reconhecida de sua respectiva comunidade ou \u00f3rg\u00e3o oficial, sobre sua condi\u00e7\u00e3o de pertencimento e resid\u00eancia na referida localidade, para o estudante de comunidades tradicionais, podendo ser entregue no momento da entrevista social, receitu\u00e1rios m\u00e9dicos, relat\u00f3rio\/laudo m\u00e9dico e outros (para fins de comprova\u00e7\u00e3o de exist\u00eancia de doen\u00e7a cr\u00f4nica ou defici\u00eancia do estudante e\/ou pessoa da fam\u00edlia), em car\u00e1ter opcional e comprovante de participa\u00e7\u00e3o em programas sociais (Bolsa Fam\u00edlia, Benef\u00edcio de Presta\u00e7\u00e3o Continuada, Aux\u00edlio Safra e outros), caso possua.<\/p>\n\n\n\n<p>Para solicitar os aux\u00edlios, o(a) estudante deve encaminhar a solicita\u00e7\u00e3o em <strong><a href=\"https:\/\/www.ifbaiano.edu.br\/unidades\/santaines\/files\/2024\/07\/ANEXO-I-FORMULARIO-DE-INSCRICAO.pdf\">formul\u00e1rio pr\u00f3prio<\/a><\/strong>, disponibilizado no Edital, para o e-mail: clae@si.ifbaiano.edu.br com prazo m\u00ednimo de 30 (trinta) dias corridos e prazo m\u00e1ximo de 60 (sessenta) dias corridos de anteced\u00eancia da data de in\u00edcio da atividade. Vale lembrar que se faz necess\u00e1rio anexar ao e-mail, os seguintes documentos, quando pertinentes:<\/p>\n\n\n\n<p>&#8211; Justificativa da solicita\u00e7\u00e3o do professor treinador\/orientador recomendando a participa\u00e7\u00e3o no evento;<\/p>\n\n\n\n<p>&#8211; Convite ou folder ou propaganda impressa ou digital do evento, com a programa\u00e7\u00e3o, data, local e descri\u00e7\u00e3o, com informa\u00e7\u00e3o sobre o valor da taxa de inscri\u00e7\u00e3o ou ingresso (se houver);<\/p>\n\n\n\n<p>&#8211; Pelo menos 03 (tr\u00eas) cota\u00e7\u00f5es de passagens a\u00e9reas ou passagens terrestres, devendo priorizar sempre o transporte de menor valor;<\/p>\n\n\n\n<p>&#8211; Pelo menos 03 (tr\u00eas) cota\u00e7\u00f5es do(s) produtos(s), quando se tratar de equipamentos desportivos ou compra de materiais;<\/p>\n\n\n\n<p>&#8211; <strong>Termo de compromisso<\/strong> em concord\u00e2ncia com os termos deste Programa, assinado pelo estudante maior de 18 anos ou respons\u00e1vel legal, se menor de 18 anos;<\/p>\n\n\n\n<p>&#8211; Dados banc\u00e1rios do solicitante para fins de pagamento da concess\u00e3o.<\/p>\n\n\n\n<p>O edital tamb\u00e9m traz a necessidade de justificativa para a solicita\u00e7\u00e3o de apoio\/aux\u00edlio financeiro em deslocamentos previstos para fins de semana e feriados.<\/p>\n\n\n\n<p>O estudante contemplado com os aux\u00edlios previstos no Edital ter\u00e1 o prazo de 30 dias corridos para apresentar relat\u00f3rio de atividades desenvolvidas no evento e certificado\/declara\u00e7\u00e3o\/atestado de participa\u00e7\u00e3o, bem como, realizar a presta\u00e7\u00e3o de contas do aux\u00edlio concedido.<\/p>\n\n\n\n<p>As d\u00favidas e demais informa\u00e7\u00f5es referentes a este processo seletivo, devem ser encaminhadas para o e-mail: clae@si.ifbaiano.edu.br.<\/p>\n\n\n\n<p><strong>Sobre os programas e suas modalidades<\/strong><\/p>\n\n\n\n<p>O Programa de Incentivo \u00e0 Cultura, Esporte e Lazer \u2013 PINCEL visa propiciar aos(\u00e0s) estudantes a participa\u00e7\u00e3o em atividades art\u00edsticas culturais, esportivas e de lazer, com vistas \u00e0 melhoria do desempenho acad\u00eamico, \u00e0 produ\u00e7\u00e3o do conhecimento e \u00e0 plena forma\u00e7\u00e3o cidad\u00e3.<\/p>\n\n\n\n<p>Observadas as especificidades dos Campi e a disponibilidade or\u00e7ament\u00e1ria referente \u00e0 Assist\u00eancia Estudantil, dentro de cada exerc\u00edcio, o PINCEL contemplar\u00e1 os seguintes benef\u00edcios: Aux\u00edlio Participa\u00e7\u00e3o em Atividades Esportivas e Aux\u00edlio Participa\u00e7\u00e3o em Atividades Art\u00edsticas e Culturais.<\/p>\n\n\n\n<hr class=\"wp-block-separator has-alpha-channel-opacity\" \/>\n\n\n\n<p><strong>Documentos referentes a esse Processo Seletivo:<\/strong><\/p>\n\n\n\n<ul>\n<li><a href=\"https:\/\/www.ifbaiano.edu.br\/unidades\/santaines\/files\/2024\/07\/Edital-PINCEL.pdf\">EDITAL<\/a><\/li>\n\n\n\n<li><a href=\"https:\/\/www.ifbaiano.edu.br\/unidades\/santaines\/files\/2024\/07\/ANEXO-I-FORMULARIO-DE-INSCRICAO.pdf\">ANEXO I- FORMUL\u00c1RIO DE INSCRI\u00c7\u00c3O<\/a> &#8211; Este formul\u00e1rio deve ser preenchido e assinado pelo estudante.<\/li>\n\n\n\n<li><a href=\"https:\/\/www.ifbaiano.edu.br\/unidades\/santaines\/files\/2024\/07\/ANEXO-II-FICHA-DE-AVALIACAO.pdf\">ANEXO II- FICHA DE AVALIA\u00c7\u00c3O &#8211; ATIVIDADE DESPORTIVA<\/a> &#8211; Apenas para o N\u00facleo de Cultura, Esporte e Lazer \u2013 NCEL.<\/li>\n\n\n\n<li><a href=\"https:\/\/www.ifbaiano.edu.br\/unidades\/santaines\/files\/2024\/07\/ANEXO-III-FICHA-DE-AVALIACAO.pdf\">ANEXO IV- FICHA DE AVALIA\u00c7\u00c3O &#8211; ATIVIDADES ART\u00cdSTICAS E CULTURAIS<\/a> &#8211; Apenas para o N\u00facleo de Cultura, Esporte e Lazer \u2013 NCEL.<\/li>\n<\/ul>\n","protected":false},"excerpt":{"rendered":"<p>Campus Santa In\u00eas publica novo Edital de Fluxo Cont\u00ednuo para sele\u00e7\u00e3o priorit\u00e1ria de estudantes em vulnerabilidade socioecon\u00f4mica, de cursos presenciais e a dist\u00e2ncia, com a finalidade de participa\u00e7\u00e3o na Pol\u00edtica de Assist\u00eancia Estudantil deste Instituto, por meio do Programa de Incentivo \u00e0 Cultura, Esporte e Lazer &#8211; PINCEL. Para participar do PINCEL, o estudante deve [&hellip;]<\/p>\n","protected":false},"author":86,"featured_media":0,"comment_status":"closed","ping_status":"closed","sticky":false,"template":"","format":"standard","meta":[],"categories":[4,5,57],"tags":[],"_links":{"self":[{"href":"https:\/\/www.ifbaiano.edu.br\/unidades\/santaines\/wp-json\/wp\/v2\/posts\/21760"}],"collection":[{"href":"https:\/\/www.ifbaiano.edu.br\/unidades\/santaines\/wp-json\/wp\/v2\/posts"}],"about":[{"href":"https:\/\/www.ifbaiano.edu.br\/unidades\/santaines\/wp-json\/wp\/v2\/types\/post"}],"author":[{"embeddable":true,"href":"https:\/\/www.ifbaiano.edu.br\/unidades\/santaines\/wp-json\/wp\/v2\/users\/86"}],"replies":[{"embeddable":true,"href":"https:\/\/www.ifbaiano.edu.br\/unidades\/santaines\/wp-json\/wp\/v2\/comments?post=21760"}],"version-history":[{"count":4,"href":"https:\/\/www.ifbaiano.edu.br\/unidades\/santaines\/wp-json\/wp\/v2\/posts\/21760\/revisions"}],"predecessor-version":[{"id":21777,"href":"https:\/\/www.ifbaiano.edu.br\/unidades\/santaines\/wp-json\/wp\/v2\/posts\/21760\/revisions\/21777"}],"wp:attachment":[{"href":"https:\/\/www.ifbaiano.edu.br\/unidades\/santaines\/wp-json\/wp\/v2\/media?parent=21760"}],"wp:term":[{"taxonomy":"category","embeddable":true,"href":"https:\/\/www.ifbaiano.edu.br\/unidades\/santaines\/wp-json\/wp\/v2\/categories?post=21760"},{"taxonomy":"post_tag","embeddable":true,"href":"https:\/\/www.ifbaiano.edu.br\/unidades\/santaines\/wp-json\/wp\/v2\/tags?post=21760"}],"curies":[{"name":"wp","href":"https:\/\/api.w.org\/{rel}","templated":true}]}}