{"id":21776,"date":"2024-08-05T10:48:26","date_gmt":"2024-08-05T13:48:26","guid":{"rendered":"https:\/\/www.ifbaiano.edu.br\/unidades\/santaines\/?p=21776"},"modified":"2024-08-06T07:26:21","modified_gmt":"2024-08-06T10:26:21","slug":"torneio-de-debates-promove-discussao-sobre-violencia-contra-a-mulher-em-escolas-publicas-da-regiao-de-santa-ines","status":"publish","type":"post","link":"https:\/\/www.ifbaiano.edu.br\/unidades\/santaines\/torneio-de-debates-promove-discussao-sobre-violencia-contra-a-mulher-em-escolas-publicas-da-regiao-de-santa-ines\/","title":{"rendered":"Torneio de Debates promove discuss\u00e3o sobre viol\u00eancia contra a mulher em escolas p\u00fablicas da regi\u00e3o de Santa In\u00eas"},"content":{"rendered":"\n<p>O Instituto Federal Baiano &#8211; Campus Santa In\u00eas promoveu, na \u00faltima semana, o &#8220;Torneio de Debates sobre Temas da Atualidade&#8221;, projeto de extens\u00e3o coordenado pela professora Marilete C\u00e2ndido de Matos Previero. O projeto, aprovado em edital de extens\u00e3o do Programa Institucional de Bolsas de Inicia\u00e7\u00e3o em Extens\u00e3o em 2023, tem o objetivo de promover discuss\u00f5es sobre temas atuais, desenvolvendo o pensamento cr\u00edtico, a toler\u00e2ncia, o respeito e a valoriza\u00e7\u00e3o da diversidade entre os estudantes de escolas p\u00fablicas.<\/p>\n\n\n\n<figure class=\"wp-block-gallery has-nested-images columns-default is-cropped wp-block-gallery-1 is-layout-flex\">\n<figure class=\"wp-block-image size-large\"><a href=\"https:\/\/www.ifbaiano.edu.br\/unidades\/santaines\/files\/2024\/08\/2024-08-05.png\"><img decoding=\"async\" loading=\"lazy\" width=\"1280\" height=\"720\" data-id=\"21789\"  src=\"https:\/\/www.ifbaiano.edu.br\/unidades\/santaines\/files\/2024\/08\/2024-08-05.png\" alt=\"\" class=\"wp-image-21789\" \/><\/a><\/figure>\n\n\n\n<figure class=\"wp-block-image size-large\"><a href=\"https:\/\/www.ifbaiano.edu.br\/unidades\/santaines\/files\/2024\/08\/WhatsApp-Image-2024-08-05.png\"><img decoding=\"async\" loading=\"lazy\" width=\"1280\" height=\"720\" data-id=\"21788\"  src=\"https:\/\/www.ifbaiano.edu.br\/unidades\/santaines\/files\/2024\/08\/WhatsApp-Image-2024-08-05.png\" alt=\"\" class=\"wp-image-21788\" \/><\/a><\/figure>\n\n\n\n<figure class=\"wp-block-image size-large\"><a href=\"https:\/\/www.ifbaiano.edu.br\/unidades\/santaines\/files\/2024\/08\/Image-2024-.png\"><img decoding=\"async\" loading=\"lazy\" width=\"1333\" height=\"919\" data-id=\"21790\"  src=\"https:\/\/www.ifbaiano.edu.br\/unidades\/santaines\/files\/2024\/08\/Image-2024-.png\" alt=\"\" class=\"wp-image-21790\" \/><\/a><\/figure>\n<\/figure>\n\n\n\n<p>As equipes de debate, inscritas previamente e compostas por alunos e alunas do IF Baiano Campus Santa In\u00eas, desafiaram-se mutuamente, nas depend\u00eancias do Col\u00e9gio Estadual de Santa In\u00eas e do Col\u00e9gio Municipal Aurino Fausto dos Santos em Uba\u00edra, estimulando os estudantes de outras institui\u00e7\u00f5es p\u00fablicas para participar das discuss\u00f5es.<\/p>\n\n\n\n<p>O tema &#8220;O Estado brasileiro atua de forma efetiva no combate \u00e0 viol\u00eancia contra as mulheres?&#8221; foi debatido com fervor pelas duas equipes. As equipes eram formadas pelos discentes dos cursos t\u00e9cnicos em Zootecnia, Alimentos e Agropecu\u00e1ria: Alec Barreto, Ant\u00f4nio Ot\u00e1vio Guimar\u00e3es Santos, Rafael Santos Batista, Lu\u00edza Nascimento dos Reis e Samantha Reis Brand\u00e3o, da equipe 1; e Caroline Nascimento Cruz, Emanuel Rocha de Andrade Felipe Souza Silva, Stefany Gabriela Machado Vieira (Mavie) e Niara Samilly Vieira Figueiredo, da equipe 2. Ap\u00f3s intensa pesquisa e orienta\u00e7\u00e3o, uma equipe defendeu a posi\u00e7\u00e3o a favor e outra contra o tema, proporcionando aos espectadores uma vis\u00e3o abrangente de argumentos divergentes.<\/p>\n\n\n\n<figure class=\"wp-block-gallery has-nested-images columns-default is-cropped wp-block-gallery-3 is-layout-flex\">\n<figure class=\"wp-block-image size-large\"><a href=\"https:\/\/www.ifbaiano.edu.br\/unidades\/santaines\/files\/2024\/08\/Image-2024-08-04-at-20.11.33-Copia.png\"><img decoding=\"async\" loading=\"lazy\" width=\"1200\" height=\"1600\" data-id=\"21791\"  src=\"https:\/\/www.ifbaiano.edu.br\/unidades\/santaines\/files\/2024\/08\/Image-2024-08-04-at-20.11.33-Copia.png\" alt=\"\" class=\"wp-image-21791\" \/><\/a><\/figure>\n\n\n\n<figure class=\"wp-block-image size-large\"><a href=\"https:\/\/www.ifbaiano.edu.br\/unidades\/santaines\/files\/2024\/08\/Image-2024-08-04-at-20.11.39-Copia.png\"><img decoding=\"async\" loading=\"lazy\" width=\"1200\" height=\"1600\" data-id=\"21792\"  src=\"https:\/\/www.ifbaiano.edu.br\/unidades\/santaines\/files\/2024\/08\/Image-2024-08-04-at-20.11.39-Copia.png\" alt=\"\" class=\"wp-image-21792\" \/><\/a><\/figure>\n\n\n\n<figure class=\"wp-block-image size-large\"><a href=\"https:\/\/www.ifbaiano.edu.br\/unidades\/santaines\/files\/2024\/08\/Image-2024-08-04-at-20.11.37.png\"><img decoding=\"async\" loading=\"lazy\" width=\"1200\" height=\"1600\" data-id=\"21793\"  src=\"https:\/\/www.ifbaiano.edu.br\/unidades\/santaines\/files\/2024\/08\/Image-2024-08-04-at-20.11.37.png\" alt=\"\" class=\"wp-image-21793\" \/><\/a><\/figure>\n<\/figure>\n\n\n\n<p>De acordo com a coordenadora do projeto, professora Marilete Previero, essa atividade \u00e9 a culmin\u00e2ncia de um projeto desenvolvido ao longo de meses de estudo e prepara\u00e7\u00e3o e conv\u00eanio com os profissionais de escolas p\u00fablicas da regi\u00e3o. \u201cOs alunos se prepararam para os temas com pesquisas e levantamento de argumentos a favor e contra, dessa forma desenvolveram a capacidade de argumentar e convencer fazendo uso da orat\u00f3ria e da ret\u00f3rica&#8221;, explica a docente.<\/p>\n\n\n\n<p>A professora Marilete afirma que o exerc\u00edcio da argumenta\u00e7\u00e3o \u00e9 uma habilidade necess\u00e1ria para a aprendizagem do texto dissertativo, cobrado em provas do Enem e de vestibulares. &nbsp;Ela conta que um dos objetivos do projeto &#8220;Torneio de debates sobre temas da atualidade&#8221; \u00e9 trabalhar essa quest\u00e3o, pr\u00f3pria para os alunos do ensino m\u00e9dio, tanto do Campus Santa In\u00eas, quanto das escolas do parceiras do projeto. &#8220;Trata-se de uma atividade cujos protagonistas do evento s\u00e3o os (as) pr\u00f3prios (as) discentes&#8221; relata a professora.<\/p>\n\n\n\n<p>Al\u00e9m de assistir aos debates, os espectadores tiveram a oportunidade de participar fazendo perguntas, criando momentos interativos entre os estudantes do IF Baiano e das escolas p\u00fablicas estaduais e municipais da regi\u00e3o. Para a coordenadora do projeto, esse interc\u00e2mbio n\u00e3o s\u00f3 enriquece as habilidades comunicativas dos alunos envolvidos, mas tamb\u00e9m fortalece o entendimento m\u00fatuo e a valoriza\u00e7\u00e3o das diferentes perspectivas, promovendo uma an\u00e1lise minuciosa de temas importantes para a sociedade e cultivando valores essenciais para a forma\u00e7\u00e3o integral dos\/as estudantes atrav\u00e9s de di\u00e1logo construtivo e engajamento cidad\u00e3o.<\/p>\n\n\n\n<figure class=\"wp-block-gallery has-nested-images columns-default is-cropped wp-block-gallery-5 is-layout-flex\">\n<figure class=\"wp-block-image size-large\"><a href=\"https:\/\/www.ifbaiano.edu.br\/unidades\/santaines\/files\/2024\/08\/Image-2024-08-04.png\"><img decoding=\"async\" loading=\"lazy\" width=\"1200\" height=\"1600\" data-id=\"21802\"  src=\"https:\/\/www.ifbaiano.edu.br\/unidades\/santaines\/files\/2024\/08\/Image-2024-08-04.png\" alt=\"\" class=\"wp-image-21802\" \/><\/a><\/figure>\n\n\n\n<figure class=\"wp-block-image size-large\"><a href=\"https:\/\/www.ifbaiano.edu.br\/unidades\/santaines\/files\/2024\/08\/Image-2024-08-04-at-20.11.38.png\"><img decoding=\"async\" loading=\"lazy\" width=\"1096\" height=\"1365\" data-id=\"21800\"  src=\"https:\/\/www.ifbaiano.edu.br\/unidades\/santaines\/files\/2024\/08\/Image-2024-08-04-at-20.11.38.png\" alt=\"\" class=\"wp-image-21800\" \/><\/a><\/figure>\n<\/figure>\n\n\n\n<hr class=\"wp-block-separator has-alpha-channel-opacity\" \/>\n","protected":false},"excerpt":{"rendered":"<p>O Instituto Federal Baiano &#8211; Campus Santa In\u00eas promoveu, na \u00faltima semana, o &#8220;Torneio de Debates sobre Temas da Atualidade&#8221;, projeto de extens\u00e3o coordenado pela professora Marilete C\u00e2ndido de Matos Previero. O projeto, aprovado em edital de extens\u00e3o do Programa Institucional de Bolsas de Inicia\u00e7\u00e3o em Extens\u00e3o em 2023, tem o objetivo de promover discuss\u00f5es [&hellip;]<\/p>\n","protected":false},"author":86,"featured_media":21796,"comment_status":"closed","ping_status":"closed","sticky":false,"template":"","format":"standard","meta":[],"categories":[4,5,57],"tags":[],"_links":{"self":[{"href":"https:\/\/www.ifbaiano.edu.br\/unidades\/santaines\/wp-json\/wp\/v2\/posts\/21776"}],"collection":[{"href":"https:\/\/www.ifbaiano.edu.br\/unidades\/santaines\/wp-json\/wp\/v2\/posts"}],"about":[{"href":"https:\/\/www.ifbaiano.edu.br\/unidades\/santaines\/wp-json\/wp\/v2\/types\/post"}],"author":[{"embeddable":true,"href":"https:\/\/www.ifbaiano.edu.br\/unidades\/santaines\/wp-json\/wp\/v2\/users\/86"}],"replies":[{"embeddable":true,"href":"https:\/\/www.ifbaiano.edu.br\/unidades\/santaines\/wp-json\/wp\/v2\/comments?post=21776"}],"version-history":[{"count":2,"href":"https:\/\/www.ifbaiano.edu.br\/unidades\/santaines\/wp-json\/wp\/v2\/posts\/21776\/revisions"}],"predecessor-version":[{"id":21809,"href":"https:\/\/www.ifbaiano.edu.br\/unidades\/santaines\/wp-json\/wp\/v2\/posts\/21776\/revisions\/21809"}],"wp:featuredmedia":[{"embeddable":true,"href":"https:\/\/www.ifbaiano.edu.br\/unidades\/santaines\/wp-json\/wp\/v2\/media\/21796"}],"wp:attachment":[{"href":"https:\/\/www.ifbaiano.edu.br\/unidades\/santaines\/wp-json\/wp\/v2\/media?parent=21776"}],"wp:term":[{"taxonomy":"category","embeddable":true,"href":"https:\/\/www.ifbaiano.edu.br\/unidades\/santaines\/wp-json\/wp\/v2\/categories?post=21776"},{"taxonomy":"post_tag","embeddable":true,"href":"https:\/\/www.ifbaiano.edu.br\/unidades\/santaines\/wp-json\/wp\/v2\/tags?post=21776"}],"curies":[{"name":"wp","href":"https:\/\/api.w.org\/{rel}","templated":true}]}}