{"id":21782,"date":"2024-08-05T09:34:56","date_gmt":"2024-08-05T12:34:56","guid":{"rendered":"https:\/\/www.ifbaiano.edu.br\/unidades\/santaines\/?p=21782"},"modified":"2024-08-05T09:34:57","modified_gmt":"2024-08-05T12:34:57","slug":"famif-2024-prorroga-as-inscricoes-ate-16-de-agosto","status":"publish","type":"post","link":"https:\/\/www.ifbaiano.edu.br\/unidades\/santaines\/famif-2024-prorroga-as-inscricoes-ate-16-de-agosto\/","title":{"rendered":"FAMIF 2024 prorroga as inscri\u00e7\u00f5es at\u00e9 16 de agosto\u00a0"},"content":{"rendered":"\n<p>A 5\u00aa edi\u00e7\u00e3o do Festival de Arte e M\u00fasica \u2013 FAMIF Baiano, do Instituto Federal Baiano (IF Baiano) teve as inscri\u00e7\u00f5es prorrogadas at\u00e9 o dia 16 de&nbsp; agosto de 2024. Para se inscrever, \u00e9 necess\u00e1rio decidir o que vai apresentar e preencher o&nbsp;<a href=\"https:\/\/docs.google.com\/forms\/d\/e\/1FAIpQLScAxw4-tiGW6LbWn_svt_eGPEVdp1TkoVTJVCT1b4hN2J00jw\/viewform\">formul\u00e1rio digital<\/a>, disponibilizado pela comiss\u00e3o organizadora do evento. Este ano, o festival celebra o tema \u201cMulheres na ci\u00eancia, nas artes e mais onde elas quiserem\u201d, destacando a contribui\u00e7\u00e3o e protagonismo feminino na arte, cultura e ci\u00eancia no Brasil.&nbsp;<\/p>\n\n\n\n<p>As seletivas locais acontecem entre os meses de agosto e setembro, nos 14 campi do IF Baiano e na Reitoria. J\u00e1 o Festival Intercampi, com as apresenta\u00e7\u00f5es finalistas, ocorrer\u00e1 de 15 a 17 de outubro no campus Senhor do Bonfim.<\/p>\n\n\n\n<p>Ser\u00e3o selecionadas apresenta\u00e7\u00f5es art\u00edsticas em sete formatos distintos:<\/p>\n\n\n\n<ol>\n<li>Interpreta\u00e7\u00e3o musical autoral<\/li>\n\n\n\n<li>Interpreta\u00e7\u00e3o musical n\u00e3o-autoral<\/li>\n\n\n\n<li>M\u00fasica instrumental autoral e n\u00e3o autoral<\/li>\n\n\n\n<li>Declama\u00e7\u00e3o de poema autoral<\/li>\n\n\n\n<li>Performance c\u00eanica (Teatro, Stand-up Comedy, Arte Circense, etc.)<\/li>\n\n\n\n<li>Dan\u00e7a<\/li>\n\n\n\n<li>Artes visuais (pintura, desenho, grafite, colagem, fotografia, escultura, gravura, arte t\u00eaxtil, vitral e maquiagem art\u00edstica)<\/li>\n<\/ol>\n\n\n\n<p>Todas as apresenta\u00e7\u00f5es devem estar em conformidade com o Estatuto da Crian\u00e7a e do Adolescente (ECA, Lei n\u00ba 8.069\/1990). Apresenta\u00e7\u00f5es em grupo podem ter no m\u00e1ximo quatro participantes, e cada apresenta\u00e7\u00e3o ter\u00e1 um limite m\u00e1ximo de quatro minutos. Ser\u00e3o eliminadas apresenta\u00e7\u00f5es que desrespeitarem os Direitos Humanos, infringirem o ECA, utilizarem linguagem ofensiva, promoverem viol\u00eancia ou tiverem conte\u00fado preconceituoso e discriminat\u00f3rio.<\/p>\n\n\n\n<p>O objetivo do FAMIF \u00e9 fortalecer as bases socioculturais e art\u00edsticas, contemplando a diversidade dos territ\u00f3rios onde est\u00e3o localizados os 14 campi e a reitoria do IF Baiano. O festival incentiva a criatividade e o interesse pelas artes entre discentes, servidores e colaboradores.<\/p>\n\n\n\n<p>Confira o\u00a0<a href=\"https:\/\/concurso.ifbaiano.edu.br\/portal\/famif-2024\/wp-content\/uploads\/sites\/1000\/2024\/06\/Edital-144-de-28-de-junho-de-2024.pdf\">edital\u00a0<\/a>e n\u00e3o deixe de participar!<\/p>\n\n\n\n<hr class=\"wp-block-separator has-alpha-channel-opacity\" \/>\n","protected":false},"excerpt":{"rendered":"<p>Esta edi\u00e7\u00e3o celebra o protagonismo feminino na arte, na ci\u00eancia e onde mais elas quiserem<\/p>\n","protected":false},"author":86,"featured_media":21510,"comment_status":"closed","ping_status":"closed","sticky":false,"template":"","format":"standard","meta":[],"categories":[4,5,10],"tags":[],"_links":{"self":[{"href":"https:\/\/www.ifbaiano.edu.br\/unidades\/santaines\/wp-json\/wp\/v2\/posts\/21782"}],"collection":[{"href":"https:\/\/www.ifbaiano.edu.br\/unidades\/santaines\/wp-json\/wp\/v2\/posts"}],"about":[{"href":"https:\/\/www.ifbaiano.edu.br\/unidades\/santaines\/wp-json\/wp\/v2\/types\/post"}],"author":[{"embeddable":true,"href":"https:\/\/www.ifbaiano.edu.br\/unidades\/santaines\/wp-json\/wp\/v2\/users\/86"}],"replies":[{"embeddable":true,"href":"https:\/\/www.ifbaiano.edu.br\/unidades\/santaines\/wp-json\/wp\/v2\/comments?post=21782"}],"version-history":[{"count":1,"href":"https:\/\/www.ifbaiano.edu.br\/unidades\/santaines\/wp-json\/wp\/v2\/posts\/21782\/revisions"}],"predecessor-version":[{"id":21783,"href":"https:\/\/www.ifbaiano.edu.br\/unidades\/santaines\/wp-json\/wp\/v2\/posts\/21782\/revisions\/21783"}],"wp:featuredmedia":[{"embeddable":true,"href":"https:\/\/www.ifbaiano.edu.br\/unidades\/santaines\/wp-json\/wp\/v2\/media\/21510"}],"wp:attachment":[{"href":"https:\/\/www.ifbaiano.edu.br\/unidades\/santaines\/wp-json\/wp\/v2\/media?parent=21782"}],"wp:term":[{"taxonomy":"category","embeddable":true,"href":"https:\/\/www.ifbaiano.edu.br\/unidades\/santaines\/wp-json\/wp\/v2\/categories?post=21782"},{"taxonomy":"post_tag","embeddable":true,"href":"https:\/\/www.ifbaiano.edu.br\/unidades\/santaines\/wp-json\/wp\/v2\/tags?post=21782"}],"curies":[{"name":"wp","href":"https:\/\/api.w.org\/{rel}","templated":true}]}}