{"id":21817,"date":"2024-08-08T08:55:52","date_gmt":"2024-08-08T11:55:52","guid":{"rendered":"https:\/\/www.ifbaiano.edu.br\/unidades\/santaines\/?p=21817"},"modified":"2024-08-08T08:55:53","modified_gmt":"2024-08-08T11:55:53","slug":"if-baiano-em-parceria-com-if-sergipe-realiza-ii-forum-de-internacionalizacao-dos-ifs-do-nordeste","status":"publish","type":"post","link":"https:\/\/www.ifbaiano.edu.br\/unidades\/santaines\/if-baiano-em-parceria-com-if-sergipe-realiza-ii-forum-de-internacionalizacao-dos-ifs-do-nordeste\/","title":{"rendered":"IF Baiano em parceria com IF Sergipe realiza II F\u00f3rum de Internacionaliza\u00e7\u00e3o dos IFs do Nordeste"},"content":{"rendered":"\n<p>De 21 a 23 de agosto, o Instituto Federal Baiano em paceria com o Instituto Federal de Sergipe (IFS) realiza a segunda edi\u00e7\u00e3o do II F\u00f3rum de Internacionaliza\u00e7\u00e3o dos Institutos Federais do Nordeste, na cidade de Aracaju. A iniciativa que, come\u00e7ou na pandemia em formato online, agora, ocorrer\u00e1 de forma presencial com o tema \u201cInternacionaliza\u00e7\u00e3o, Perman\u00eancia e \u00caxito\u201d. As&nbsp;<a rel=\"noreferrer noopener\" href=\"https:\/\/www.even3.com.br\/2-forum-de-internacionalizacao-dos-ifs-do-nordeste-476111\/\" target=\"_blank\">inscri\u00e7\u00f5es para o F\u00f3rum s\u00e3o gratuitas e devem ser realizadas at\u00e9 o dia 20 de agosto atrav\u00e9s da plataforma Even3<\/a>.<\/p>\n\n\n\n<p>A programa\u00e7\u00e3o ter\u00e1 in\u00edcio no dia 21, na Reitoria do IFS, e seguir\u00e1 nos dias 22 e 23 no Del Mar Hotel, ambos em Aracaju. A primeira noite contar\u00e1 com uma apresenta\u00e7\u00e3o cultural, seguida pela mesa de abertura e uma palestra sobre \u201cL\u00ednguas estrangeiras em tempos de IA\u201d. No segundo dia, haver\u00e1 discuss\u00f5es sobre os processos culturais de coloniza\u00e7\u00e3o e decoloniza\u00e7\u00e3o, atividades culturais, al\u00e9m de mesas-redondas sobre o papel do Programa de Estudantes-Conv\u00eanio e relatos de experi\u00eancia de v\u00e1rios programas de internacionaliza\u00e7\u00e3o. No \u00faltimo dia, a programa\u00e7\u00e3o incluir\u00e1 uma mesa-redonda sobre gest\u00e3o e internacionaliza\u00e7\u00e3o institucional.<\/p>\n\n\n\n<p>O evento discutir\u00e1 a internacionaliza\u00e7\u00e3o, entendida como um componente estrat\u00e9gico para enriquecer a forma\u00e7\u00e3o dos estudantes, servidores e comunidade externa e fortalecer o ensino, a extens\u00e3o, a pesquisa, inova\u00e7\u00e3o e desenvolvimento institucional, que estar\u00e3o no centro das aten\u00e7\u00f5es, promovendo di\u00e1logos enriquecedores sobre as oportunidades e desafios associados \u00e0 integra\u00e7\u00e3o global nos Institutos Federais. Al\u00e9m disso, traz como foco dos debates o papel da internacionaliza\u00e7\u00e3o para a perman\u00eancia e \u00eaxito dos estudantes, destacando a preocupa\u00e7\u00e3o com o desenvolvimento integral de novos discentes.<\/p>\n\n\n\n<p>A Assessora de Rela\u00e7\u00f5es Internacionais do IF Baiano, Cinira Fernandes, destaca que o evento foi criado pelos Institutos Federais Baiano, Sergipe e Maranh\u00e3o com o intuito de retomar o Cooperemos, que \u00e9 o grupo de internacionaliza\u00e7\u00e3o dos Institutos Federais do Nordeste. \u201c\u00c9 um evento exclusivamente dos Institutos Federais do Nordeste para a gente discutir a internacionaliza\u00e7\u00e3o e o avan\u00e7o em conjunto\u201d, explica a assessora.<\/p>\n\n\n\n<p>Frederico Chaves Sampaio J\u00fanior, Assessor de Rela\u00e7\u00f5es Internacionais do IFS, ressalta que o II F\u00f3rum de Internacionaliza\u00e7\u00e3o buscar\u00e1 fomentar o di\u00e1logo entre estudantes, professores, t\u00e9cnicos, gestores e demais profissionais da educa\u00e7\u00e3o. \u201cA partir disso, ser\u00e3o promovidas trocas de experi\u00eancias e conhecimentos que contribuam para o aprimoramento das pol\u00edticas institucionais, a internacionaliza\u00e7\u00e3o do ensino, a implementa\u00e7\u00e3o de pr\u00e1ticas de perman\u00eancia estudantil eficazes e a promo\u00e7\u00e3o do sucesso acad\u00eamico\u201d, explica o assessor.<\/p>\n\n\n\n<hr class=\"wp-block-separator has-alpha-channel-opacity\" \/>\n\n\n\n<p><\/p>\n","protected":false},"excerpt":{"rendered":"<p>De 21 a 23 de agosto, o Instituto Federal Baiano em paceria com o Instituto Federal de Sergipe (IFS) realiza a segunda edi\u00e7\u00e3o do II F\u00f3rum de Internacionaliza\u00e7\u00e3o dos Institutos Federais do Nordeste, na cidade de Aracaju. A iniciativa que, come\u00e7ou na pandemia em formato online, agora, ocorrer\u00e1 de forma presencial com o tema \u201cInternacionaliza\u00e7\u00e3o, [&hellip;]<\/p>\n","protected":false},"author":86,"featured_media":21818,"comment_status":"closed","ping_status":"closed","sticky":false,"template":"","format":"standard","meta":[],"categories":[4,5,57],"tags":[],"_links":{"self":[{"href":"https:\/\/www.ifbaiano.edu.br\/unidades\/santaines\/wp-json\/wp\/v2\/posts\/21817"}],"collection":[{"href":"https:\/\/www.ifbaiano.edu.br\/unidades\/santaines\/wp-json\/wp\/v2\/posts"}],"about":[{"href":"https:\/\/www.ifbaiano.edu.br\/unidades\/santaines\/wp-json\/wp\/v2\/types\/post"}],"author":[{"embeddable":true,"href":"https:\/\/www.ifbaiano.edu.br\/unidades\/santaines\/wp-json\/wp\/v2\/users\/86"}],"replies":[{"embeddable":true,"href":"https:\/\/www.ifbaiano.edu.br\/unidades\/santaines\/wp-json\/wp\/v2\/comments?post=21817"}],"version-history":[{"count":1,"href":"https:\/\/www.ifbaiano.edu.br\/unidades\/santaines\/wp-json\/wp\/v2\/posts\/21817\/revisions"}],"predecessor-version":[{"id":21819,"href":"https:\/\/www.ifbaiano.edu.br\/unidades\/santaines\/wp-json\/wp\/v2\/posts\/21817\/revisions\/21819"}],"wp:featuredmedia":[{"embeddable":true,"href":"https:\/\/www.ifbaiano.edu.br\/unidades\/santaines\/wp-json\/wp\/v2\/media\/21818"}],"wp:attachment":[{"href":"https:\/\/www.ifbaiano.edu.br\/unidades\/santaines\/wp-json\/wp\/v2\/media?parent=21817"}],"wp:term":[{"taxonomy":"category","embeddable":true,"href":"https:\/\/www.ifbaiano.edu.br\/unidades\/santaines\/wp-json\/wp\/v2\/categories?post=21817"},{"taxonomy":"post_tag","embeddable":true,"href":"https:\/\/www.ifbaiano.edu.br\/unidades\/santaines\/wp-json\/wp\/v2\/tags?post=21817"}],"curies":[{"name":"wp","href":"https:\/\/api.w.org\/{rel}","templated":true}]}}