{"id":21820,"date":"2024-08-09T15:21:55","date_gmt":"2024-08-09T18:21:55","guid":{"rendered":"https:\/\/www.ifbaiano.edu.br\/unidades\/santaines\/?p=21820"},"modified":"2024-09-25T10:08:00","modified_gmt":"2024-09-25T13:08:00","slug":"acao-de-extensao-do-campus-santa-ines-circula-mais-uma-vez-por-municipios-do-vale-do-jiquirica","status":"publish","type":"post","link":"https:\/\/www.ifbaiano.edu.br\/unidades\/santaines\/acao-de-extensao-do-campus-santa-ines-circula-mais-uma-vez-por-municipios-do-vale-do-jiquirica\/","title":{"rendered":"A\u00e7\u00e3o de extens\u00e3o do Campus Santa In\u00eas circula, mais uma vez, por munic\u00edpios do Vale do Jiquiri\u00e7\u00e1"},"content":{"rendered":"\n<p>Na tarde da pr\u00f3xima ter\u00e7a-feira, 13, ter\u00e1 in\u00edcio mais uma exposi\u00e7\u00e3o da &#8220;Mostra Parasitol\u00f3gica: Promovendo Educa\u00e7\u00e3o e Sa\u00fade&#8221;. Este primeiro momento da a\u00e7\u00e3o ser\u00e1 realizado no pavilh\u00e3o dos cursos superiores do Campus Santa In\u00eas, das 14h \u00e0s 17h30.<\/p>\n\n\n\n<p>Esta vers\u00e3o, que tem in\u00edcio no pr\u00f3ximo dia 13 de agosto, j\u00e1 conta com programa\u00e7\u00e3o em institui\u00e7\u00f5es de ensino na cidade de Santa In\u00eas e de mais cinco munic\u00edpios do Vale do Jiquiri\u00e7\u00e1, estendendo as atividades at\u00e9 24 de setembro de 2024.<\/p>\n\n\n\n<p>Na sequ\u00eancia s\u00e3o apresentadas as unidades educativas programadas para realiza\u00e7\u00e3o das atividades:<\/p>\n\n\n\n<figure class=\"wp-block-table\"><table><tbody><tr><td><strong>&nbsp;<\/strong><\/td><td><strong>Unidades educativas<\/strong><\/td><td><strong>Munic\u00edpios<\/strong><\/td><td><strong>Data<\/strong><\/td><td><strong>Turno<\/strong><\/td><\/tr><tr><td>1<\/td><td>IF Baiano &#8211; Campus Santa In\u00eas<\/td><td>Santa In\u00eas<\/td><td>13\/08<\/td><td>Tarde<\/td><\/tr><tr><td>2<\/td><td>Centro Educacional de Itaquara<\/td><td>Itaquara<\/td><td>20\/08<\/td><td>Tarde<\/td><\/tr><tr><td>3<\/td><td>Col\u00e9gio Aurino Fausto (Extens\u00e3o)<\/td><td>Uba\u00edra<\/td><td>20\/08<\/td><td>Noite<\/td><\/tr><tr><td>4<\/td><td>Col\u00e9gio Estadual Ant\u00f4nio Felipe Evangelista Neto (CEAFEN)<\/td><td>Mutu\u00edpe<\/td><td>27\/08<\/td><td>Tarde<\/td><\/tr><tr><td>5<\/td><td>Col\u00e9gio Municipal de Cravol\u00e2ndia<\/td><td>Cravol\u00e2ndia<\/td><td>27\/08<\/td><td>Noite<\/td><\/tr><tr><td>6<\/td><td>Escola Aurea Cravo<\/td><td>Cravol\u00e2ndia<\/td><td>03\/09<\/td><td>Tarde<\/td><\/tr><tr><td>7<\/td><td>Col\u00e9gio Estadual de Santa In\u00eas (CESI)<\/td><td>Santa In\u00eas<\/td><td>03\/09<\/td><td>Noite<\/td><\/tr><tr><td>8<\/td><td>Col\u00e9gio Balbino Muniz Barreto<\/td><td>Uba\u00edra<\/td><td>10\/09<\/td><td>Noite<\/td><\/tr><tr><td>9<\/td><td>Col\u00e9gio Estadual Jos\u00e9 Malta Maia<\/td><td>Jiquiri\u00e7\u00e1<\/td><td>17\/09<\/td><td>Tarde<\/td><\/tr><tr><td>10<\/td><td>Instituto de Educa\u00e7\u00e3o Maria das Gra\u00e7as Pereira Almeida<\/td><td>Santa In\u00eas<\/td><td>17\/09<\/td><td>Noite<\/td><\/tr><\/tbody><\/table><\/figure>\n\n\n\n<p><strong>Sobre a Mostra<\/strong><\/p>\n\n\n\n<p>A &#8220;Mostra Parasitol\u00f3gica: Promovendo Educa\u00e7\u00e3o e Sa\u00fade&#8221; \u00e9 uma a\u00e7\u00e3o de extens\u00e3o proposta na disciplina Parasitologia, ministrada pelo professor Fred Juli\u00e3o, no curso de Licenciatura em Ci\u00eancias Biol\u00f3gicas. Al\u00e9m de estimular a pr\u00e1tica da doc\u00eancia entre estudantes do curso de Licenciatura em Ci\u00eancias Biol\u00f3gicas, a Mostra leva orienta\u00e7\u00f5es \u00e0 comunidade da regi\u00e3o do Vale do Jiquiri\u00e7\u00e1 sobre doen\u00e7as causadas por parasitos, promove intera\u00e7\u00e3o com o p\u00fablico e, tamb\u00e9m, divulga a\u00e7\u00f5es desenvolvidas pelo IF Baiano.<\/p>\n\n\n\n<p>A mostra completa este ano sua d\u00e9cima edi\u00e7\u00e3o. Iniciada em 2013, essa a\u00e7\u00e3o de extens\u00e3o teve duas edi\u00e7\u00f5es no ano de 2015 e duas em 2017. Contou com uma vers\u00e3o em cada ano de <a href=\"https:\/\/www.ifbaiano.edu.br\/unidades\/santaines\/11735-2\/\">2018<\/a> e <a href=\"https:\/\/www.ifbaiano.edu.br\/unidades\/santaines\/estudantes-de-ciencias-biologicas-orientam-populacao-sobre-doencas-parasitarias\/\">2019<\/a>. No ano de <a href=\"https:\/\/www.ifbaiano.edu.br\/unidades\/santaines\/projeto-do-curso-de-licenciatura-em-ciencias-biologicas-promove-interacao-entre-escolas-do-municipio\/\">2021<\/a>, devido a pandemia de Covid-19, sua oitava edi\u00e7\u00e3o aconteceu de forma remota e, ano passado, <a href=\"https:\/\/www.ifbaiano.edu.br\/unidades\/santaines\/campus-santa-ines-circula-por-municipios-do-vale-do-jiquirica-com-mostra-parasitologica-promovendo-educacao-e-saude\/\">2023<\/a> voltou a circular pela cidade de Santa In\u00eas e pelos munic\u00edpios do Vale do Jiquiri\u00e7\u00e1.<\/p>\n\n\n\n<hr class=\"wp-block-separator has-alpha-channel-opacity\" \/>\n","protected":false},"excerpt":{"rendered":"<p>Na tarde da pr\u00f3xima ter\u00e7a-feira, 13, ter\u00e1 in\u00edcio mais uma exposi\u00e7\u00e3o da &#8220;Mostra Parasitol\u00f3gica: Promovendo Educa\u00e7\u00e3o e Sa\u00fade&#8221;. Este primeiro momento da a\u00e7\u00e3o ser\u00e1 realizado no pavilh\u00e3o dos cursos superiores do Campus Santa In\u00eas, das 14h \u00e0s 17h30. Esta vers\u00e3o, que tem in\u00edcio no pr\u00f3ximo dia 13 de agosto, j\u00e1 conta com programa\u00e7\u00e3o em institui\u00e7\u00f5es [&hellip;]<\/p>\n","protected":false},"author":86,"featured_media":21839,"comment_status":"closed","ping_status":"closed","sticky":false,"template":"","format":"standard","meta":[],"categories":[4,5,57],"tags":[],"_links":{"self":[{"href":"https:\/\/www.ifbaiano.edu.br\/unidades\/santaines\/wp-json\/wp\/v2\/posts\/21820"}],"collection":[{"href":"https:\/\/www.ifbaiano.edu.br\/unidades\/santaines\/wp-json\/wp\/v2\/posts"}],"about":[{"href":"https:\/\/www.ifbaiano.edu.br\/unidades\/santaines\/wp-json\/wp\/v2\/types\/post"}],"author":[{"embeddable":true,"href":"https:\/\/www.ifbaiano.edu.br\/unidades\/santaines\/wp-json\/wp\/v2\/users\/86"}],"replies":[{"embeddable":true,"href":"https:\/\/www.ifbaiano.edu.br\/unidades\/santaines\/wp-json\/wp\/v2\/comments?post=21820"}],"version-history":[{"count":5,"href":"https:\/\/www.ifbaiano.edu.br\/unidades\/santaines\/wp-json\/wp\/v2\/posts\/21820\/revisions"}],"predecessor-version":[{"id":22421,"href":"https:\/\/www.ifbaiano.edu.br\/unidades\/santaines\/wp-json\/wp\/v2\/posts\/21820\/revisions\/22421"}],"wp:featuredmedia":[{"embeddable":true,"href":"https:\/\/www.ifbaiano.edu.br\/unidades\/santaines\/wp-json\/wp\/v2\/media\/21839"}],"wp:attachment":[{"href":"https:\/\/www.ifbaiano.edu.br\/unidades\/santaines\/wp-json\/wp\/v2\/media?parent=21820"}],"wp:term":[{"taxonomy":"category","embeddable":true,"href":"https:\/\/www.ifbaiano.edu.br\/unidades\/santaines\/wp-json\/wp\/v2\/categories?post=21820"},{"taxonomy":"post_tag","embeddable":true,"href":"https:\/\/www.ifbaiano.edu.br\/unidades\/santaines\/wp-json\/wp\/v2\/tags?post=21820"}],"curies":[{"name":"wp","href":"https:\/\/api.w.org\/{rel}","templated":true}]}}