{"id":21831,"date":"2024-08-09T14:56:55","date_gmt":"2024-08-09T17:56:55","guid":{"rendered":"https:\/\/www.ifbaiano.edu.br\/unidades\/santaines\/?p=21831"},"modified":"2024-08-09T15:44:44","modified_gmt":"2024-08-09T18:44:44","slug":"campus-santa-ines-publica-novo-edital-do-programa-de-auxilios-eventuais-pae","status":"publish","type":"post","link":"https:\/\/www.ifbaiano.edu.br\/unidades\/santaines\/campus-santa-ines-publica-novo-edital-do-programa-de-auxilios-eventuais-pae\/","title":{"rendered":"Campus Santa In\u00eas publica novo edital do Programa de Aux\u00edlios Eventuais &#8211; PAE"},"content":{"rendered":"\n<p>O Campus Santa In\u00eas publica novo <a rel=\"noreferrer noopener\" href=\"https:\/\/concurso.ifbaiano.edu.br\/portal\/pae-santa-ines-agosto-2024\/wp-content\/uploads\/sites\/1028\/2024\/08\/Edital-no-29_2024-PROGRAMA-DE-AUXILIOS-EVENTUAIS-PAE-1.pdf\" target=\"_blank\">Edital<\/a> de fluxo cont\u00ednuo que estabelece as normas e crit\u00e9rios para sele\u00e7\u00e3o de estudantes em vulnerabilidade socioecon\u00f4mica, de cursos presenciais e a dist\u00e2ncia, com a finalidade de participa\u00e7\u00e3o na Pol\u00edtica de Assist\u00eancia Estudantil deste Instituto, por meio do Programa de Aux\u00edlios Eventuais &#8211; PAE.<\/p>\n\n\n\n<p>Podem participar neste Programa estudantes devidamente matriculados e com frequ\u00eancia regular m\u00ednima de 75%, tendo como refer\u00eancia o m\u00eas anterior ao pedido do aux\u00edlio, em curso ofertado pelo&nbsp;<em>Campus<\/em>, de n\u00edvel m\u00e9dio ou gradua\u00e7\u00e3o, nas modalidades presencial ou EaD, ressalvados os casos justificados e\/ou sob acompanhamento psicossocial e\/ou pedag\u00f3gico. \u00c9 necess\u00e1rio, tamb\u00e9m que o Estudante possua renda&nbsp;<em>per capita&nbsp;<\/em>familiar de at\u00e9 um sal\u00e1rio m\u00ednimo e meio vigente e n\u00e3o tenha pend\u00eancias na presta\u00e7\u00e3o de contas de quaisquer aux\u00edlios estudantis que porventura tenha sido contemplado ao longo de seu itiner\u00e1rio formativo no Instituto. <\/p>\n\n\n\n<p>Os pedidos dos aux\u00edlios poder\u00e3o ser solicitados atrav\u00e9s do e-mail: clae@si.ifbaiano.edu.br seguindo as orienta\u00e7\u00f5es descritas no <a rel=\"noreferrer noopener\" href=\"https:\/\/concurso.ifbaiano.edu.br\/portal\/pae-santa-ines-agosto-2024\/wp-content\/uploads\/sites\/1028\/2024\/08\/Edital-no-29_2024-PROGRAMA-DE-AUXILIOS-EVENTUAIS-PAE-1.pdf\" target=\"_blank\">Edital n\u00ba 29<\/a>. Vale lembrar que \u00e9 necess\u00e1rio apresentar os documentos ATUALIZADOS, pois, \u00e9 com base nessa documenta\u00e7\u00e3o que a Comiss\u00e3o Local de Assist\u00eancia Estudantil (CLAE) far\u00e1 o julgamento do pedido de aux\u00edlio.<\/p>\n\n\n\n<p>O aux\u00edlio poder\u00e1 ser pago em Conta Corrente ou Conta Poupan\u00e7a (em nome do pr\u00f3prio estudante) de qualquer banco ou por ordem de pagamento. N\u00e3o sendo, pois, aceitas contas com mais de um titular (conjunta) ou contas abertas com CPF diferente ao do estudante benefici\u00e1rio.<\/p>\n\n\n\n<p>O estudante que for contemplado com os aux\u00edlios previstos no <a rel=\"noreferrer noopener\" href=\"https:\/\/concurso.ifbaiano.edu.br\/portal\/pae-santa-ines-agosto-2024\/wp-content\/uploads\/sites\/1028\/2024\/08\/Edital-no-29_2024-PROGRAMA-DE-AUXILIOS-EVENTUAIS-PAE-1.pdf\" target=\"_blank\">Edital n\u00ba 29<\/a> ter\u00e1 o prazo de 30 dias corridos para apresentar nota fiscal ou recibo. Caso n\u00e3o apresente a comprova\u00e7\u00e3o da execu\u00e7\u00e3o do recurso recebido dentro do prazo estipulado o(a) estudante \u00e9 obrigado(a) a devolv\u00ea-lo, salvo nos casos justificados, ficando a crit\u00e9rio da CLAE estabelecer um novo prazo. <\/p>\n\n\n\n<p>Todo comprovante de despesa dever\u00e1 ser emitido em nome do benefici\u00e1rio do aux\u00edlio ou de seus representantes legais, quando o estudante for menor de 18 anos, e conter, obrigatoriamente, data de emiss\u00e3o, descri\u00e7\u00e3o detalhada dos materiais, bens ou servi\u00e7os adquiridos\/contratados.<\/p>\n\n\n\n<p><strong>Sobre o Programa e suas modalidades<\/strong><\/p>\n\n\n\n<p>O Programa de Aux\u00edlios Eventuais &#8211; PAE, integrante da Pol\u00edtica de Assist\u00eancia Estudantil do IF Baiano, visa contribuir para o atendimento de diferentes demandas apresentadas pelos estudantes e\/ou identificadas pela equipe de profissionais da assist\u00eancia estudantil ou demais servidores, sendo estas situa\u00e7\u00f5es eventuais. Estas referem-se a circunst\u00e2ncias inesperadas e que tenham car\u00e1ter tempor\u00e1rio que tendem a interferir diretamente nos processos de ensino e aprendizagem do estudante.<\/p>\n\n\n\n<p>A concess\u00e3o de aux\u00edlios eventuais se dar\u00e1 atrav\u00e9s de repasse financeiro a estudantes em situa\u00e7\u00e3o de vulnerabilidade socioecon\u00f4mica, caracterizado como ajuda de custo para necessidades espec\u00edficas, relativas a demandas emergenciais, para apoiar as despesas referentes a:<\/p>\n\n\n\n<p><strong>a)<\/strong>&nbsp;Exames m\u00e9dicos e odontol\u00f3gicos;<\/p>\n\n\n\n<p><strong>b)<\/strong>&nbsp;Acompanhamento psicoterap\u00eautico;<\/p>\n\n\n\n<p><strong>c)<\/strong>&nbsp;Compra de medica\u00e7\u00f5es prescritas por m\u00e9dico ou dentista;<\/p>\n\n\n\n<p><strong>d)<\/strong>&nbsp;Aquisi\u00e7\u00e3o de \u00f3culos de grau;<\/p>\n\n\n\n<p><strong>e)<\/strong>&nbsp;Tratamento dent\u00e1rio;<\/p>\n\n\n\n<p><strong>f)<\/strong>&nbsp;Compra de cama e colch\u00e3o;<\/p>\n\n\n\n<p><strong>g)<\/strong>&nbsp;Outras demandas, a serem avaliadas pela Comiss\u00e3o Local de Assist\u00eancia Estudantil (CLAE).<\/p>\n\n\n\n<p>Mais informa\u00e7\u00f5es est\u00e3o dispon\u00edveis no <a rel=\"noreferrer noopener\" href=\"https:\/\/concurso.ifbaiano.edu.br\/portal\/pae-santa-ines-agosto-2024\/wp-content\/uploads\/sites\/1028\/2024\/08\/Edital-no-29_2024-PROGRAMA-DE-AUXILIOS-EVENTUAIS-PAE-1.pdf\" target=\"_blank\">Edital<\/a> que deve ser de conhecimento de todos. As d\u00favidas e demais instru\u00e7\u00f5es referentes ao programa (PAE) devem ser enviadas para o e-mail: clae@si.ifbaiano.edu.br.<\/p>\n\n\n\n<p><strong>DOCUMENTOS \/ FORMUL\u00c1RIOS REFERENTES AO EDITAL<\/strong>:<\/p>\n\n\n\n<ul>\n<li><a href=\"https:\/\/www.ifbaiano.edu.br\/unidades\/santaines\/files\/2024\/08\/ANEXO-I-REQUERIMENTO-DE-AUXILIO.pdf\">Anexo I &#8211; Requerimento de Aux\u00edlio<\/a><\/li>\n\n\n\n<li><a href=\"https:\/\/www.ifbaiano.edu.br\/unidades\/santaines\/files\/2024\/08\/ANEXO-II-FORMULARIO-DE-INTERPOSICAO-DE-RECURSO.pdf\">Anexo II &#8211; Formul\u00e1rio de Interposi\u00e7\u00e3o de Recursos<\/a><\/li>\n\n\n\n<li><a href=\"https:\/\/www.ifbaiano.edu.br\/unidades\/santaines\/files\/2024\/08\/ANEXO-III-LIMITES-MAXIMOS-DOS-AUXILIOS.pdf\">Anexo III &#8211; Limites M\u00e1ximos dos Aux\u00edlios<\/a><\/li>\n\n\n\n<li><a href=\"https:\/\/www.ifbaiano.edu.br\/unidades\/santaines\/files\/2024\/08\/ANEXO-IV-FORMULARIO-DE-COTACAO-DE-PRECOS.pdf\">Anexo IV &#8211; Formul\u00e1rio de Cota\u00e7\u00e3o de Pre\u00e7os<\/a><\/li>\n\n\n\n<li><a href=\"https:\/\/www.ifbaiano.edu.br\/unidades\/santaines\/files\/2024\/08\/ANEXO-V-BAREMA.pdf\">Anexo V &#8211; Barema<\/a><\/li>\n\n\n\n<li><a href=\"https:\/\/www.ifbaiano.edu.br\/unidades\/santaines\/files\/2024\/08\/ANEXO-VI-TERMO-DE-COMPROMISSO.pdf\">Anexo VI- Termo de Compromisso<\/a><\/li>\n\n\n\n<li><a href=\"https:\/\/www.ifbaiano.edu.br\/unidades\/santaines\/files\/2024\/08\/PARECER-DO-SERVICO-SOCIAL.pdf\">Parecer do Servi\u00e7o Social<\/a><\/li>\n<\/ul>\n\n\n\n<hr class=\"wp-block-separator has-alpha-channel-opacity\" \/>\n","protected":false},"excerpt":{"rendered":"<p>O Campus Santa In\u00eas publica novo Edital de fluxo cont\u00ednuo que estabelece as normas e crit\u00e9rios para sele\u00e7\u00e3o de estudantes em vulnerabilidade socioecon\u00f4mica, de cursos presenciais e a dist\u00e2ncia, com a finalidade de participa\u00e7\u00e3o na Pol\u00edtica de Assist\u00eancia Estudantil deste Instituto, por meio do Programa de Aux\u00edlios Eventuais &#8211; PAE. Podem participar neste Programa estudantes [&hellip;]<\/p>\n","protected":false},"author":86,"featured_media":2311,"comment_status":"closed","ping_status":"closed","sticky":false,"template":"","format":"standard","meta":[],"categories":[4,5,57],"tags":[],"_links":{"self":[{"href":"https:\/\/www.ifbaiano.edu.br\/unidades\/santaines\/wp-json\/wp\/v2\/posts\/21831"}],"collection":[{"href":"https:\/\/www.ifbaiano.edu.br\/unidades\/santaines\/wp-json\/wp\/v2\/posts"}],"about":[{"href":"https:\/\/www.ifbaiano.edu.br\/unidades\/santaines\/wp-json\/wp\/v2\/types\/post"}],"author":[{"embeddable":true,"href":"https:\/\/www.ifbaiano.edu.br\/unidades\/santaines\/wp-json\/wp\/v2\/users\/86"}],"replies":[{"embeddable":true,"href":"https:\/\/www.ifbaiano.edu.br\/unidades\/santaines\/wp-json\/wp\/v2\/comments?post=21831"}],"version-history":[{"count":5,"href":"https:\/\/www.ifbaiano.edu.br\/unidades\/santaines\/wp-json\/wp\/v2\/posts\/21831\/revisions"}],"predecessor-version":[{"id":21851,"href":"https:\/\/www.ifbaiano.edu.br\/unidades\/santaines\/wp-json\/wp\/v2\/posts\/21831\/revisions\/21851"}],"wp:featuredmedia":[{"embeddable":true,"href":"https:\/\/www.ifbaiano.edu.br\/unidades\/santaines\/wp-json\/wp\/v2\/media\/2311"}],"wp:attachment":[{"href":"https:\/\/www.ifbaiano.edu.br\/unidades\/santaines\/wp-json\/wp\/v2\/media?parent=21831"}],"wp:term":[{"taxonomy":"category","embeddable":true,"href":"https:\/\/www.ifbaiano.edu.br\/unidades\/santaines\/wp-json\/wp\/v2\/categories?post=21831"},{"taxonomy":"post_tag","embeddable":true,"href":"https:\/\/www.ifbaiano.edu.br\/unidades\/santaines\/wp-json\/wp\/v2\/tags?post=21831"}],"curies":[{"name":"wp","href":"https:\/\/api.w.org\/{rel}","templated":true}]}}