{"id":21866,"date":"2024-08-14T12:51:24","date_gmt":"2024-08-14T15:51:24","guid":{"rendered":"https:\/\/www.ifbaiano.edu.br\/unidades\/santaines\/?p=21866"},"modified":"2024-08-14T12:57:32","modified_gmt":"2024-08-14T15:57:32","slug":"campus-santa-ines-inicia-3a-turma-da-pos-graduacao-em-eja-articulada-a-educacao-profissional","status":"publish","type":"post","link":"https:\/\/www.ifbaiano.edu.br\/unidades\/santaines\/campus-santa-ines-inicia-3a-turma-da-pos-graduacao-em-eja-articulada-a-educacao-profissional\/","title":{"rendered":"Campus Santa In\u00eas inicia 3\u00aa turma da P\u00f3s-Gradua\u00e7\u00e3o em EJA articulada \u00e0 Educa\u00e7\u00e3o Profissional"},"content":{"rendered":"\n<p>Na \u00faltima\u00a0sexta-feira, dia\u00a009 de agosto\u00a0de 2024, no Pavilh\u00e3o dos Cursos Superiores do IF Baiano &#8211; Campus Santa In\u00eas, aconteceu a aula inaugural da 3\u00b0 turma da P\u00f3s-Gradua\u00e7\u00e3o em Educa\u00e7\u00e3o de Jovens e Adultos (EJA) articulada \u00e0 Educa\u00e7\u00e3o Profissional. Nesse momento inicial os estudantes foram recepcionados com um caf\u00e9 e tiveram a oportunidade de interagir com os colegas e docentes do curso.<\/p>\n\n\n\n<p>Posteriormente aconteceu a abertura institucional onde a coordenadora do curso, professora Patr\u00edcia Pena, deu as boas vindas e comp\u00f4s a mesa de abertura, juntamente com a Diretora Geral, professora Genilda Lima e as professoras da especializa\u00e7\u00e3o, Cleomar Cabral e Aline Lima. <\/p>\n\n\n\n<p>Esta atividade solene tamb\u00e9m contou com a participa\u00e7\u00e3o das Professoras Luciene Pereira e Itana da Silva, coordenadoras do F\u00f3rum EJA regional do Vale do Jiquiri\u00e7\u00e1 e professoras dos munic\u00edpios de Mutu\u00edpe e Jaguaquara, respectivamente, na mesa intitulada &#8220;A EJA como direito: viv\u00eancias e trajet\u00f3rias de quem vive e milita em defesa da Educa\u00e7\u00e3o de Jovens e Adultos no Vale do Jiquiri\u00e7\u00e1&#8221;.<\/p>\n\n\n\n<p>A professora Genilda, em sua fala de abertura, recepcionou a turma colocando-se \u00e0 disposi\u00e7\u00e3o do coletivo que aceitou o desafio de continuar sua forma\u00e7\u00e3o no IF Baiano &#8211; Campus Santa In\u00eas e relatou a import\u00e2ncia daquele momento para a institui\u00e7\u00e3o. &#8220;A oferta do curso de especializa\u00e7\u00e3o em EJA, al\u00e9m de toda sua import\u00e2ncia educacional, tamb\u00e9m tem um papel pol\u00edtico e social&#8221; Disse Genilda.<\/p>\n\n\n\n<figure class=\"wp-block-image size-full\"><a href=\"https:\/\/www.ifbaiano.edu.br\/unidades\/santaines\/files\/2024\/08\/20240809_084203.jpg\"><img decoding=\"async\" loading=\"lazy\" width=\"4000\" height=\"2252\" src=\"https:\/\/www.ifbaiano.edu.br\/unidades\/santaines\/files\/2024\/08\/20240809_084203.jpg\" alt=\"\" class=\"wp-image-21870\" \/><\/a><\/figure>\n\n\n\n<p>A aula inaugural aconteceu conforme <a href=\"https:\/\/www.ifbaiano.edu.br\/unidades\/santaines\/files\/2024\/08\/PROGRAMACAO-Aula-Inaugural-2024-Pos-EJA.pdf\">programa\u00e7\u00e3o<\/a> e tamb\u00e9m contou com a participa\u00e7\u00e3o da Bibliotec\u00e1ria do Campus Santa In\u00eas, M\u00f4nica Souza Brito, que, al\u00e9m do acolhimento aos novos discentes, apresentou orienta\u00e7\u00f5es gerais para o acesso e utiliza\u00e7\u00e3o do acervo bibliogr\u00e1fico e do servidor T\u00e9cnico em Audiovisual, Andrey Santos que fez toda a cobertura do evento registrando imagens e narrativas das expectativas dos discentes que se fizeram presentes.<\/p>\n\n\n\n<p>De acordo com a professora Patr\u00edcia Pena, Coordenadora do curso, o prop\u00f3sito da aula inaugural \u00e9 fazer o acolhimento dos novos discentes da P\u00f3s-Gradua\u00e7\u00e3o em EJA articulada \u00e0 Educa\u00e7\u00e3o Profissional do IF Baiano &#8211; Campus Santa In\u00eas. &#8220;\u00c9 a oportunidade para apresenta\u00e7\u00e3o dos objetivos do curso, da matriz curricular e das linhas de pesquisa da especializa\u00e7\u00e3o. Tamb\u00e9m \u00e9 o momento para conhecer os discentes da terceira turma e para apresenta\u00e7\u00e3o de nossa institui\u00e7\u00e3o&#8221;. Conclui.<\/p>\n\n\n\n<figure class=\"wp-block-gallery has-nested-images columns-default is-cropped wp-block-gallery-1 is-layout-flex\">\n<figure class=\"wp-block-image size-large\"><a href=\"https:\/\/www.ifbaiano.edu.br\/unidades\/santaines\/files\/2024\/08\/20240809_085248.jpg\"><img decoding=\"async\" loading=\"lazy\" width=\"2928\" height=\"1353\" data-id=\"21875\"  src=\"https:\/\/www.ifbaiano.edu.br\/unidades\/santaines\/files\/2024\/08\/20240809_085248.jpg\" alt=\"\" class=\"wp-image-21875\" \/><\/a><\/figure>\n\n\n\n<figure class=\"wp-block-image size-large\"><a href=\"https:\/\/www.ifbaiano.edu.br\/unidades\/santaines\/files\/2024\/08\/20240809_0855250.jpg\"><img decoding=\"async\" loading=\"lazy\" width=\"2928\" height=\"1353\" data-id=\"21876\"  src=\"https:\/\/www.ifbaiano.edu.br\/unidades\/santaines\/files\/2024\/08\/20240809_0855250.jpg\" alt=\"\" class=\"wp-image-21876\" \/><\/a><\/figure>\n\n\n\n<figure class=\"wp-block-image size-large\"><a href=\"https:\/\/www.ifbaiano.edu.br\/unidades\/santaines\/files\/2024\/08\/20240809_090009.jpg\"><img decoding=\"async\" loading=\"lazy\" width=\"2928\" height=\"1353\" data-id=\"21877\"  src=\"https:\/\/www.ifbaiano.edu.br\/unidades\/santaines\/files\/2024\/08\/20240809_090009.jpg\" alt=\"\" class=\"wp-image-21877\" \/><\/a><\/figure>\n\n\n\n<figure class=\"wp-block-image size-large\"><a href=\"https:\/\/www.ifbaiano.edu.br\/unidades\/santaines\/files\/2024\/08\/20240809_085242.jpg\"><img decoding=\"async\" loading=\"lazy\" width=\"2928\" height=\"1353\" data-id=\"21874\"  src=\"https:\/\/www.ifbaiano.edu.br\/unidades\/santaines\/files\/2024\/08\/20240809_085242.jpg\" alt=\"\" class=\"wp-image-21874\" \/><\/a><\/figure>\n\n\n\n<figure class=\"wp-block-image size-large\"><a href=\"https:\/\/www.ifbaiano.edu.br\/unidades\/santaines\/files\/2024\/08\/20240809_105925.jpg\"><img decoding=\"async\" loading=\"lazy\" width=\"2928\" height=\"1353\" data-id=\"21880\"  src=\"https:\/\/www.ifbaiano.edu.br\/unidades\/santaines\/files\/2024\/08\/20240809_105925.jpg\" alt=\"\" class=\"wp-image-21880\" \/><\/a><\/figure>\n\n\n\n<figure class=\"wp-block-image size-large\"><a href=\"https:\/\/www.ifbaiano.edu.br\/unidades\/santaines\/files\/2024\/08\/20240809_081008-1.jpg\"><img decoding=\"async\" loading=\"lazy\" width=\"2928\" height=\"1353\" data-id=\"21868\"  src=\"https:\/\/www.ifbaiano.edu.br\/unidades\/santaines\/files\/2024\/08\/20240809_081008-1.jpg\" alt=\"\" class=\"wp-image-21868\" \/><\/a><\/figure>\n\n\n\n<figure class=\"wp-block-image size-full\"><a href=\"https:\/\/www.ifbaiano.edu.br\/unidades\/santaines\/files\/2024\/08\/20240809_1221510.jpg\"><img decoding=\"async\" loading=\"lazy\" width=\"2928\" height=\"1353\" data-id=\"21882\"  src=\"https:\/\/www.ifbaiano.edu.br\/unidades\/santaines\/files\/2024\/08\/20240809_1221510.jpg\" alt=\"\" class=\"wp-image-21882\" \/><\/a><\/figure>\n<\/figure>\n","protected":false},"excerpt":{"rendered":"<p>Na \u00faltima\u00a0sexta-feira, dia\u00a009 de agosto\u00a0de 2024, no Pavilh\u00e3o dos Cursos Superiores do IF Baiano &#8211; Campus Santa In\u00eas, aconteceu a aula inaugural da 3\u00b0 turma da P\u00f3s-Gradua\u00e7\u00e3o em Educa\u00e7\u00e3o de Jovens e Adultos (EJA) articulada \u00e0 Educa\u00e7\u00e3o Profissional. Nesse momento inicial os estudantes foram recepcionados com um caf\u00e9 e tiveram a oportunidade de interagir com [&hellip;]<\/p>\n","protected":false},"author":86,"featured_media":21879,"comment_status":"closed","ping_status":"closed","sticky":false,"template":"","format":"standard","meta":[],"categories":[4,5,10,57],"tags":[],"_links":{"self":[{"href":"https:\/\/www.ifbaiano.edu.br\/unidades\/santaines\/wp-json\/wp\/v2\/posts\/21866"}],"collection":[{"href":"https:\/\/www.ifbaiano.edu.br\/unidades\/santaines\/wp-json\/wp\/v2\/posts"}],"about":[{"href":"https:\/\/www.ifbaiano.edu.br\/unidades\/santaines\/wp-json\/wp\/v2\/types\/post"}],"author":[{"embeddable":true,"href":"https:\/\/www.ifbaiano.edu.br\/unidades\/santaines\/wp-json\/wp\/v2\/users\/86"}],"replies":[{"embeddable":true,"href":"https:\/\/www.ifbaiano.edu.br\/unidades\/santaines\/wp-json\/wp\/v2\/comments?post=21866"}],"version-history":[{"count":4,"href":"https:\/\/www.ifbaiano.edu.br\/unidades\/santaines\/wp-json\/wp\/v2\/posts\/21866\/revisions"}],"predecessor-version":[{"id":21914,"href":"https:\/\/www.ifbaiano.edu.br\/unidades\/santaines\/wp-json\/wp\/v2\/posts\/21866\/revisions\/21914"}],"wp:featuredmedia":[{"embeddable":true,"href":"https:\/\/www.ifbaiano.edu.br\/unidades\/santaines\/wp-json\/wp\/v2\/media\/21879"}],"wp:attachment":[{"href":"https:\/\/www.ifbaiano.edu.br\/unidades\/santaines\/wp-json\/wp\/v2\/media?parent=21866"}],"wp:term":[{"taxonomy":"category","embeddable":true,"href":"https:\/\/www.ifbaiano.edu.br\/unidades\/santaines\/wp-json\/wp\/v2\/categories?post=21866"},{"taxonomy":"post_tag","embeddable":true,"href":"https:\/\/www.ifbaiano.edu.br\/unidades\/santaines\/wp-json\/wp\/v2\/tags?post=21866"}],"curies":[{"name":"wp","href":"https:\/\/api.w.org\/{rel}","templated":true}]}}