{"id":21906,"date":"2024-08-14T13:05:15","date_gmt":"2024-08-14T16:05:15","guid":{"rendered":"https:\/\/www.ifbaiano.edu.br\/unidades\/santaines\/?p=21906"},"modified":"2024-08-14T13:06:42","modified_gmt":"2024-08-14T16:06:42","slug":"estudantes-dos-cursos-ead-do-campus-santa-ines-tem-data-definida-para-renovacao-de-matricula","status":"publish","type":"post","link":"https:\/\/www.ifbaiano.edu.br\/unidades\/santaines\/estudantes-dos-cursos-ead-do-campus-santa-ines-tem-data-definida-para-renovacao-de-matricula\/","title":{"rendered":"Campus Santa In\u00eas define data para renova\u00e7\u00e3o de matr\u00edcula dos cursos EaD"},"content":{"rendered":"\n<p>O IF Baiano &#8211; Campus Santa In\u00eas publica <a rel=\"noreferrer noopener\" href=\"https:\/\/concurso.ifbaiano.edu.br\/portal\/renovacao-matricula-vendas-multimeios-secretaria-escolar-ead-agosto-2024\/wp-content\/uploads\/sites\/1034\/2024\/08\/Edital-Renovacao-de-Matricula-EaD-1.pdf\" target=\"_blank\">Edital<\/a> de Renova\u00e7\u00e3o de Matr\u00edcula\u00a0dos Cursos T\u00e9cnicos Subsequente ao Ensino M\u00e9dio: Secretaria Escolar, Multimeios Did\u00e1ticos e Vendas, na modalidade de Educa\u00e7\u00e3o a dist\u00e2ncia (EaD), para o\u00a0per\u00edodo\u00a0letivo\u00a0de 2024.1.<\/p>\n\n\n\n<p>Todos os estudantes com v\u00ednculo nesses cursos, inclusive aqueles que est\u00e3o com matr\u00edcula trancada e\/ou em depend\u00eancia (componente curricular), devem realizar a renova\u00e7\u00e3o de matr\u00edcula&nbsp;a partir das&nbsp;00h&nbsp;do dia 19 de agosto de 2024, at\u00e9 \u00e0s&nbsp;23h59 do dia 23 de agosto de 2024,&nbsp;atrav\u00e9s do&nbsp;<a href=\"https:\/\/suap.ifbaiano.edu.br\/\">Portal do Aluno no SUAP<\/a>.&nbsp;<\/p>\n\n\n\n<p>O discente que n\u00e3o conseguir renovar sua matr\u00edcula atrav\u00e9s do Portal do Aluno no SUAP, dever\u00e1 requerer&nbsp;a sua matr\u00edcula encaminhando&nbsp;um e-mail para a Secretaria de Registros Acad\u00eamicos (SRA) secretaria@si.ifbaiano.edu.br no mesmo per\u00edodo j\u00e1 disponibilizado. <\/p>\n\n\n\n<p>Fora do per\u00edodo disponibilizado, o estudante perde o direito \u00e0 renova\u00e7\u00e3o de matr\u00edcula e, neste caso, dever\u00e1 solicitar &#8220;Matr\u00edcula Fora de Prazo&#8221; atrav\u00e9s do mesmo e-mail da SRA secretaria@si.ifbaiano.edu.br, em at\u00e9 10 (dez) dias \u00fateis ap\u00f3s a data limite (19 de agosto).<\/p>\n\n\n\n<p>O estudante poder\u00e1 acessar o&nbsp;<strong><a href=\"https:\/\/wiki.ifbaiano.edu.br\/bin\/view\/Wikis\/DGTI\/CODES\/Sistemas\/SUAP\/Alunos\/Rematricula\/\">tutorial&nbsp;de renova\u00e7\u00e3o de matr\u00edcula<\/a><\/strong>&nbsp;e, caso seja necess\u00e1ria a redefini\u00e7\u00e3o de senha, \u00e9 necess\u00e1rio acessar o endere\u00e7o da <a href=\"http:\/\/cau.ifbaiano.edu.br\">Central de Autentica\u00e7\u00e3o de Usu\u00e1rio<\/a>, ir em &#8220;esqueceu a senha&#8221;, informar o CPF e o n\u00famero de matr\u00edcula. Ap\u00f3s esses passos  ser\u00e1 enviado e-mail com link para troca a senha&nbsp;(e-mail cadastrado na matr\u00edcula).<\/p>\n\n\n\n<p>Em caso de d\u00favidas, o estudante deve consultar o <a rel=\"noreferrer noopener\" href=\"https:\/\/concurso.ifbaiano.edu.br\/portal\/renovacao-matricula-vendas-multimeios-secretaria-escolar-ead-agosto-2024\/wp-content\/uploads\/sites\/1034\/2024\/08\/Edital-Renovacao-de-Matricula-EaD-1.pdf\" target=\"_blank\">Edital<\/a> e persistindo a d\u00favida, entrar em contato com a Secretaria de Registros Acad\u00eamicos atrav\u00e9s do e-mail secretaria@si.ifbaiano.edu.br<\/p>\n\n\n\n<hr class=\"wp-block-separator has-alpha-channel-opacity\" \/>\n\n\n\n<p><\/p>\n\n\n\n<p><\/p>\n","protected":false},"excerpt":{"rendered":"<p>O IF Baiano &#8211; Campus Santa In\u00eas publica Edital de Renova\u00e7\u00e3o de Matr\u00edcula\u00a0dos Cursos T\u00e9cnicos Subsequente ao Ensino M\u00e9dio: Secretaria Escolar, Multimeios Did\u00e1ticos e Vendas, na modalidade de Educa\u00e7\u00e3o a dist\u00e2ncia (EaD), para o\u00a0per\u00edodo\u00a0letivo\u00a0de 2024.1. Todos os estudantes com v\u00ednculo nesses cursos, inclusive aqueles que est\u00e3o com matr\u00edcula trancada e\/ou em depend\u00eancia (componente curricular), devem [&hellip;]<\/p>\n","protected":false},"author":86,"featured_media":20314,"comment_status":"closed","ping_status":"closed","sticky":false,"template":"","format":"standard","meta":[],"categories":[4,38,5,57],"tags":[],"_links":{"self":[{"href":"https:\/\/www.ifbaiano.edu.br\/unidades\/santaines\/wp-json\/wp\/v2\/posts\/21906"}],"collection":[{"href":"https:\/\/www.ifbaiano.edu.br\/unidades\/santaines\/wp-json\/wp\/v2\/posts"}],"about":[{"href":"https:\/\/www.ifbaiano.edu.br\/unidades\/santaines\/wp-json\/wp\/v2\/types\/post"}],"author":[{"embeddable":true,"href":"https:\/\/www.ifbaiano.edu.br\/unidades\/santaines\/wp-json\/wp\/v2\/users\/86"}],"replies":[{"embeddable":true,"href":"https:\/\/www.ifbaiano.edu.br\/unidades\/santaines\/wp-json\/wp\/v2\/comments?post=21906"}],"version-history":[{"count":3,"href":"https:\/\/www.ifbaiano.edu.br\/unidades\/santaines\/wp-json\/wp\/v2\/posts\/21906\/revisions"}],"predecessor-version":[{"id":21917,"href":"https:\/\/www.ifbaiano.edu.br\/unidades\/santaines\/wp-json\/wp\/v2\/posts\/21906\/revisions\/21917"}],"wp:featuredmedia":[{"embeddable":true,"href":"https:\/\/www.ifbaiano.edu.br\/unidades\/santaines\/wp-json\/wp\/v2\/media\/20314"}],"wp:attachment":[{"href":"https:\/\/www.ifbaiano.edu.br\/unidades\/santaines\/wp-json\/wp\/v2\/media?parent=21906"}],"wp:term":[{"taxonomy":"category","embeddable":true,"href":"https:\/\/www.ifbaiano.edu.br\/unidades\/santaines\/wp-json\/wp\/v2\/categories?post=21906"},{"taxonomy":"post_tag","embeddable":true,"href":"https:\/\/www.ifbaiano.edu.br\/unidades\/santaines\/wp-json\/wp\/v2\/tags?post=21906"}],"curies":[{"name":"wp","href":"https:\/\/api.w.org\/{rel}","templated":true}]}}