{"id":21933,"date":"2024-08-16T14:50:28","date_gmt":"2024-08-16T17:50:28","guid":{"rendered":"https:\/\/www.ifbaiano.edu.br\/unidades\/santaines\/?p=21933"},"modified":"2024-08-16T14:50:28","modified_gmt":"2024-08-16T17:50:28","slug":"campus-santa-ines-comemora-o-dia-do-estudante-e-lanca-campanha-de-sustentabilidade","status":"publish","type":"post","link":"https:\/\/www.ifbaiano.edu.br\/unidades\/santaines\/campus-santa-ines-comemora-o-dia-do-estudante-e-lanca-campanha-de-sustentabilidade\/","title":{"rendered":"Campus Santa In\u00eas comemora o Dia do Estudante e lan\u00e7a Campanha de sustentabilidade"},"content":{"rendered":"\n<p>Em comemora\u00e7\u00e3o ao \u201cDia do Estudante\u201d, 11 de agosto, o Campus Santa In\u00eas realizou algumas a\u00e7\u00f5es para homenagear seus discentes. As atividades ocorreram nos dias 13 e 14 de agosto nos diferentes espa\u00e7os da institui\u00e7\u00e3o, visando contemplar o maior n\u00famero de estudantes poss\u00edvel.<\/p>\n\n\n\n<figure class=\"wp-block-gallery has-nested-images columns-default is-cropped wp-block-gallery-1 is-layout-flex\">\n<figure class=\"wp-block-image size-large\"><a href=\"https:\/\/www.ifbaiano.edu.br\/unidades\/santaines\/files\/2024\/08\/d002d3a6-9620-46a7-8da0-4ae5015287da.png\"><img decoding=\"async\" loading=\"lazy\" width=\"1512\" height=\"1512\" data-id=\"21944\"  src=\"https:\/\/www.ifbaiano.edu.br\/unidades\/santaines\/files\/2024\/08\/d002d3a6-9620-46a7-8da0-4ae5015287da.png\" alt=\"\" class=\"wp-image-21944\" \/><\/a><\/figure>\n\n\n\n<figure class=\"wp-block-image size-large\"><a href=\"https:\/\/www.ifbaiano.edu.br\/unidades\/santaines\/files\/2024\/08\/116bb395-c18f-4911-8704-5556352ab1e2.png\"><img decoding=\"async\" loading=\"lazy\" width=\"1512\" height=\"1512\" data-id=\"21937\"  src=\"https:\/\/www.ifbaiano.edu.br\/unidades\/santaines\/files\/2024\/08\/116bb395-c18f-4911-8704-5556352ab1e2.png\" alt=\"\" class=\"wp-image-21937\" \/><\/a><\/figure>\n\n\n\n<figure class=\"wp-block-image size-large\"><a href=\"https:\/\/www.ifbaiano.edu.br\/unidades\/santaines\/files\/2024\/08\/10520e2a-5b0e-4835-8f97-f8c7dcfbd2d7.png\"><img decoding=\"async\" loading=\"lazy\" width=\"1512\" height=\"1512\" data-id=\"21940\"  src=\"https:\/\/www.ifbaiano.edu.br\/unidades\/santaines\/files\/2024\/08\/10520e2a-5b0e-4835-8f97-f8c7dcfbd2d7.png\" alt=\"\" class=\"wp-image-21940\" \/><\/a><\/figure>\n<\/figure>\n\n\n\n<p>As comemora\u00e7\u00f5es iniciaram-se na ter\u00e7a-feira, 13, \u00e0s 19h, com uma sess\u00e3o de cinema organizada pela equipe pedag\u00f3gica e a psic\u00f3loga, no audit\u00f3rio da biblioteca do Campus para os estudantes residentes.<\/p>\n\n\n\n<p>Na quarta-feira, 14, pela manh\u00e3, foi lan\u00e7ada a Campanha \u201cAdote uma Caneca\u201d onde estudantes de todos os cursos receberam uma caneca personalizada do IF Baiano, com al\u00e7a e tirante. De acordo com a professora Genilda Lima, Diretora-Geral do campus, essa a\u00e7\u00e3o, al\u00e9m de parabenizar os estudantes pelo seu dia, como gesto de carinho disponibilizando uma linda caneca, tamb\u00e9m \u00e9 uma a\u00e7\u00e3o que visa conscientizar os estudantes sobre a\u00e7\u00f5es sustent\u00e1veis. &nbsp;\u201cNesse momento de comemora\u00e7\u00e3o, essa a\u00e7\u00e3o s\u00f3 vem refor\u00e7ar nosso compromisso com a sustentabilidade e com o futuro do nosso planeta\u201d, afirma Genilda.<\/p>\n\n\n\n<p>\u00c0s 11h30, no refeit\u00f3rio do campus, foi servido um almo\u00e7o especial para todos os estudantes e, \u00e0 tarde, a comemora\u00e7\u00e3o ficou sob a organiza\u00e7\u00e3o do Gr\u00eamio Estudantil Carlos Lamarca com apoio da Gest\u00e3o do Campus e da Coordena\u00e7\u00e3o de Assuntos Estudantis \u2013 CAE. Esse momento aconteceu na quadra poliesportiva da institui\u00e7\u00e3o com bingo de tr\u00eas pr\u00eamios, brincadeiras e sorteio de brindes entre os estudantes.<\/p>\n\n\n\n<figure class=\"wp-block-gallery has-nested-images columns-default is-cropped wp-block-gallery-3 is-layout-flex\">\n<figure class=\"wp-block-image size-large\"><a href=\"https:\/\/www.ifbaiano.edu.br\/unidades\/santaines\/files\/2024\/08\/mmm.png\"><img decoding=\"async\" loading=\"lazy\" width=\"832\" height=\"567\" data-id=\"21955\"  src=\"https:\/\/www.ifbaiano.edu.br\/unidades\/santaines\/files\/2024\/08\/mmm.png\" alt=\"\" class=\"wp-image-21955\" \/><\/a><\/figure>\n\n\n\n<figure class=\"wp-block-image size-large\"><a href=\"https:\/\/www.ifbaiano.edu.br\/unidades\/santaines\/files\/2024\/08\/b25515fe-bd7e-437a-a57b-aac43a9bf.jpg\"><img decoding=\"async\" loading=\"lazy\" width=\"597\" height=\"641\" data-id=\"21943\"  src=\"https:\/\/www.ifbaiano.edu.br\/unidades\/santaines\/files\/2024\/08\/b25515fe-bd7e-437a-a57b-aac43a9bf.jpg\" alt=\"\" class=\"wp-image-21943\" \/><\/a><\/figure>\n<\/figure>\n\n\n\n<p>Para \u00c2ngelo Francisco, coordenador da CAE, esses momentos de integra\u00e7\u00e3o s\u00e3o muito importantes, assim como, trabalhar em parceria com o Gr\u00eamio Estudantil. \u201cPercebemos o quanto os estudantes ficam satisfeitos e felizes com esses momentos organizados para eles. Os pr\u00f3prios estudantes nos trazem relatos sobre essa import\u00e2ncia e satisfa\u00e7\u00e3o\u201d, explica \u00c2ngelo.<\/p>\n\n\n\n<p>Para Stefany Mavi, estudante do 2\u00ba ano do Curso T\u00e9cnico Integrado em Agropecu\u00e1ria, vice-presidente do Gr\u00eamio Estudantil e uma das organizadoras do evento, essa foi uma comemora\u00e7\u00e3o para criar mem\u00f3rias afetivas e tirar um pouco da responsabilidade da \u201ccarga hor\u00e1ria\u201d das atividades dos discentes. Ela afirma que o dia do estudante \u00e9 um momento para comemorar o alicerce de tudo que \u00e9 conquistado no momento dos estudos e que s\u00e3o levados para a vida futura. \u201cQuando a gente faz um evento que garanta que os alunos, que passam o dia inteiro juntos, compartilhem momentos e criem mem\u00f3rias afetivas, l\u00e1 na frente eles v\u00e3o ter essa mem\u00f3ria calorosa que \u00e9 a fam\u00edlia que a gente constr\u00f3i no IF\u201d. Afirma Mavi.<\/p>\n\n\n\n<p>As comemora\u00e7\u00f5es encerraram-se no pavilh\u00e3o dos cursos superiores onde, \u00e0s 19h30, foi servido um caf\u00e9 para os estudantes dos Cursos de Gradua\u00e7\u00e3o em Ci\u00eancias Biol\u00f3gicas e Geografia e do Curso T\u00e9cnico Subsequente em inform\u00e1tica que t\u00eam aulas \u00e0 noite. Nesse \u00faltimo momento, tamb\u00e9m foram sorteadas mais brindes entre os estudantes dos cursos noturnos.<\/p>\n\n\n\n<p>De acordo com a professora Genilda, a a\u00e7\u00e3o ainda continua com a entrega das canecas para os estudantes dos demais cursos e uma programa\u00e7\u00e3o para refor\u00e7ar tamb\u00e9m a campanha com os servidores estimulando, assim, a mudan\u00e7a do copo descart\u00e1vel para a caneca em prol de um ambiente mais sustent\u00e1vel.<\/p>\n\n\n\n<figure class=\"wp-block-gallery has-nested-images columns-default is-cropped wp-block-gallery-5 is-layout-flex\">\n<figure class=\"wp-block-image size-large\"><a href=\"https:\/\/www.ifbaiano.edu.br\/unidades\/santaines\/files\/2024\/08\/nnnn.png\"><img decoding=\"async\" loading=\"lazy\" width=\"1130\" height=\"553\" data-id=\"21956\"  src=\"https:\/\/www.ifbaiano.edu.br\/unidades\/santaines\/files\/2024\/08\/nnnn.png\" alt=\"\" class=\"wp-image-21956\" \/><\/a><\/figure>\n\n\n\n<figure class=\"wp-block-image size-large\"><a href=\"https:\/\/www.ifbaiano.edu.br\/unidades\/santaines\/files\/2024\/08\/ll.png\"><img decoding=\"async\" loading=\"lazy\" width=\"1280\" height=\"591\" data-id=\"21954\"  src=\"https:\/\/www.ifbaiano.edu.br\/unidades\/santaines\/files\/2024\/08\/ll.png\" alt=\"\" class=\"wp-image-21954\" \/><\/a><\/figure>\n\n\n\n<figure class=\"wp-block-image size-large\"><a href=\"https:\/\/www.ifbaiano.edu.br\/unidades\/santaines\/files\/2024\/08\/jjjj.png\"><img decoding=\"async\" loading=\"lazy\" width=\"1280\" height=\"591\" data-id=\"21953\"  src=\"https:\/\/www.ifbaiano.edu.br\/unidades\/santaines\/files\/2024\/08\/jjjj.png\" alt=\"\" class=\"wp-image-21953\" \/><\/a><\/figure>\n\n\n\n<figure class=\"wp-block-image size-large\"><a href=\"https:\/\/www.ifbaiano.edu.br\/unidades\/santaines\/files\/2024\/08\/hhh.png\"><img decoding=\"async\" loading=\"lazy\" width=\"1600\" height=\"1200\" data-id=\"21951\"  src=\"https:\/\/www.ifbaiano.edu.br\/unidades\/santaines\/files\/2024\/08\/hhh.png\" alt=\"\" class=\"wp-image-21951\" \/><\/a><\/figure>\n\n\n\n<figure class=\"wp-block-image size-large\"><a href=\"https:\/\/www.ifbaiano.edu.br\/unidades\/santaines\/files\/2024\/08\/ggg.png\"><img decoding=\"async\" loading=\"lazy\" width=\"1600\" height=\"1200\" data-id=\"21949\"  src=\"https:\/\/www.ifbaiano.edu.br\/unidades\/santaines\/files\/2024\/08\/ggg.png\" alt=\"\" class=\"wp-image-21949\" \/><\/a><\/figure>\n\n\n\n<figure class=\"wp-block-image size-large\"><a href=\"https:\/\/www.ifbaiano.edu.br\/unidades\/santaines\/files\/2024\/08\/eee-Copia.png\"><img decoding=\"async\" loading=\"lazy\" width=\"1600\" height=\"1200\" data-id=\"21946\"  src=\"https:\/\/www.ifbaiano.edu.br\/unidades\/santaines\/files\/2024\/08\/eee-Copia.png\" alt=\"\" class=\"wp-image-21946\" \/><\/a><\/figure>\n\n\n\n<figure class=\"wp-block-image size-large\"><a href=\"https:\/\/www.ifbaiano.edu.br\/unidades\/santaines\/files\/2024\/08\/e645c6c2-b5d2-4e33-8f31-640cd68e3f16.png\"><img decoding=\"async\" loading=\"lazy\" width=\"1512\" height=\"1512\" data-id=\"21945\"  src=\"https:\/\/www.ifbaiano.edu.br\/unidades\/santaines\/files\/2024\/08\/e645c6c2-b5d2-4e33-8f31-640cd68e3f16.png\" alt=\"\" class=\"wp-image-21945\" \/><\/a><\/figure>\n\n\n\n<figure class=\"wp-block-image size-large\"><a href=\"https:\/\/www.ifbaiano.edu.br\/unidades\/santaines\/files\/2024\/08\/10520e2a-5b0e-4835-8f97-f8c7dcfbd2d7.png\"><img decoding=\"async\" loading=\"lazy\" width=\"1512\" height=\"1512\" data-id=\"21940\"  src=\"https:\/\/www.ifbaiano.edu.br\/unidades\/santaines\/files\/2024\/08\/10520e2a-5b0e-4835-8f97-f8c7dcfbd2d7.png\" alt=\"\" class=\"wp-image-21940\" \/><\/a><\/figure>\n\n\n\n<figure class=\"wp-block-image size-large\"><a href=\"https:\/\/www.ifbaiano.edu.br\/unidades\/santaines\/files\/2024\/08\/116bb395-c18f-4911-8704-5556352ab1e2.png\"><img decoding=\"async\" loading=\"lazy\" width=\"1512\" height=\"1512\" data-id=\"21937\"  src=\"https:\/\/www.ifbaiano.edu.br\/unidades\/santaines\/files\/2024\/08\/116bb395-c18f-4911-8704-5556352ab1e2.png\" alt=\"\" class=\"wp-image-21937\" \/><\/a><\/figure>\n\n\n\n<figure class=\"wp-block-image size-large\"><a href=\"https:\/\/www.ifbaiano.edu.br\/unidades\/santaines\/files\/2024\/08\/52b242c9-6a87-498f-a336-4c883e6a820d.png\"><img decoding=\"async\" loading=\"lazy\" width=\"1512\" height=\"1512\" data-id=\"21936\"  src=\"https:\/\/www.ifbaiano.edu.br\/unidades\/santaines\/files\/2024\/08\/52b242c9-6a87-498f-a336-4c883e6a820d.png\" alt=\"\" class=\"wp-image-21936\" \/><\/a><\/figure>\n\n\n\n<figure class=\"wp-block-image size-large\"><a href=\"https:\/\/www.ifbaiano.edu.br\/unidades\/santaines\/files\/2024\/08\/2e2b2228-dfcf-4ec6-bf6e-5dd7c1b0567e.png\"><img decoding=\"async\" loading=\"lazy\" width=\"1512\" height=\"1512\" data-id=\"21934\"  src=\"https:\/\/www.ifbaiano.edu.br\/unidades\/santaines\/files\/2024\/08\/2e2b2228-dfcf-4ec6-bf6e-5dd7c1b0567e.png\" alt=\"\" class=\"wp-image-21934\" \/><\/a><\/figure>\n<\/figure>\n\n\n\n<hr class=\"wp-block-separator has-alpha-channel-opacity\" \/>\n\n\n\n<p><\/p>\n","protected":false},"excerpt":{"rendered":"<p>Em comemora\u00e7\u00e3o ao \u201cDia do Estudante\u201d, 11 de agosto, o Campus Santa In\u00eas realizou algumas a\u00e7\u00f5es para homenagear seus discentes. As atividades ocorreram nos dias 13 e 14 de agosto nos diferentes espa\u00e7os da institui\u00e7\u00e3o, visando contemplar o maior n\u00famero de estudantes poss\u00edvel. As comemora\u00e7\u00f5es iniciaram-se na ter\u00e7a-feira, 13, \u00e0s 19h, com uma sess\u00e3o de [&hellip;]<\/p>\n","protected":false},"author":86,"featured_media":21956,"comment_status":"closed","ping_status":"closed","sticky":false,"template":"","format":"standard","meta":[],"categories":[4,5,23,57],"tags":[],"_links":{"self":[{"href":"https:\/\/www.ifbaiano.edu.br\/unidades\/santaines\/wp-json\/wp\/v2\/posts\/21933"}],"collection":[{"href":"https:\/\/www.ifbaiano.edu.br\/unidades\/santaines\/wp-json\/wp\/v2\/posts"}],"about":[{"href":"https:\/\/www.ifbaiano.edu.br\/unidades\/santaines\/wp-json\/wp\/v2\/types\/post"}],"author":[{"embeddable":true,"href":"https:\/\/www.ifbaiano.edu.br\/unidades\/santaines\/wp-json\/wp\/v2\/users\/86"}],"replies":[{"embeddable":true,"href":"https:\/\/www.ifbaiano.edu.br\/unidades\/santaines\/wp-json\/wp\/v2\/comments?post=21933"}],"version-history":[{"count":1,"href":"https:\/\/www.ifbaiano.edu.br\/unidades\/santaines\/wp-json\/wp\/v2\/posts\/21933\/revisions"}],"predecessor-version":[{"id":21957,"href":"https:\/\/www.ifbaiano.edu.br\/unidades\/santaines\/wp-json\/wp\/v2\/posts\/21933\/revisions\/21957"}],"wp:featuredmedia":[{"embeddable":true,"href":"https:\/\/www.ifbaiano.edu.br\/unidades\/santaines\/wp-json\/wp\/v2\/media\/21956"}],"wp:attachment":[{"href":"https:\/\/www.ifbaiano.edu.br\/unidades\/santaines\/wp-json\/wp\/v2\/media?parent=21933"}],"wp:term":[{"taxonomy":"category","embeddable":true,"href":"https:\/\/www.ifbaiano.edu.br\/unidades\/santaines\/wp-json\/wp\/v2\/categories?post=21933"},{"taxonomy":"post_tag","embeddable":true,"href":"https:\/\/www.ifbaiano.edu.br\/unidades\/santaines\/wp-json\/wp\/v2\/tags?post=21933"}],"curies":[{"name":"wp","href":"https:\/\/api.w.org\/{rel}","templated":true}]}}