{"id":21958,"date":"2024-08-19T09:35:23","date_gmt":"2024-08-19T12:35:23","guid":{"rendered":"https:\/\/www.ifbaiano.edu.br\/unidades\/santaines\/?p=21958"},"modified":"2024-08-19T09:35:23","modified_gmt":"2024-08-19T12:35:23","slug":"missao-na-guatemala-fortalece-cooperacao-internacional-do-if-baiano-para-transferencia-de-tecnologias","status":"publish","type":"post","link":"https:\/\/www.ifbaiano.edu.br\/unidades\/santaines\/missao-na-guatemala-fortalece-cooperacao-internacional-do-if-baiano-para-transferencia-de-tecnologias\/","title":{"rendered":"Miss\u00e3o na Guatemala fortalece coopera\u00e7\u00e3o internacional do IF Baiano para transfer\u00eancia de tecnologias\u00a0"},"content":{"rendered":"\n<p>Entre os dias 12 e 14 de agosto, foi realizada uma miss\u00e3o na Guatemala pela Ag\u00eancia Brasileira de Coopera\u00e7\u00e3o (ABC) \u2013 Minist\u00e9rio das Rela\u00e7\u00f5es Exteriores do Brasil, em parceria com a Secretaria de Planejamento e Programa\u00e7\u00e3o da Presid\u00eancia da Rep\u00fablica da Guatemala (SEGEPLAN). O encontro teve como objetivo principal a atualiza\u00e7\u00e3o do Projeto de Apoio \u00e0 \u201cTransfer\u00eancia de Tecnologia para a transforma\u00e7\u00e3o de produtos derivados de cacau, leite e carne\u201d, iniciativa que ser\u00e1 desenvolvida em colabora\u00e7\u00e3o entre&nbsp;&nbsp;ABC, Instituto Federal Baiano (IF Baiano) e o Instituto T\u00e9cnico de Capacita\u00e7\u00e3o e Produtividade (INTECAP) da Guatemala.<\/p>\n\n\n\n<p>Representando o IF Baiano, a Assessora de Rela\u00e7\u00f5es Internacionais, Cinira de Ara\u00fajo Farias Fernandes, desempenhou um papel fundamental durante a miss\u00e3o, trabalhando em conjunto com t\u00e9cnicos do INTECAP para a atualiza\u00e7\u00e3o e aprimoramento do projeto. A colabora\u00e7\u00e3o busca promover o interc\u00e2mbio de conhecimentos e pr\u00e1ticas inovadoras entre os dois pa\u00edses, com foco na melhoria das cadeias produtivas e na valoriza\u00e7\u00e3o dos produtos locais.<\/p>\n\n\n\n<figure class=\"wp-block-gallery has-nested-images columns-default is-cropped wp-block-gallery-1 is-layout-flex\">\n<figure class=\"wp-block-image\"><img decoding=\"async\" data-id=\"31463\"  src=\"https:\/\/ifbaiano.edu.br\/portal\/wp-content\/uploads\/2024\/08\/145e930a-3373-421e-94c5-70c62c25c8ca.jpg\" alt=\"\" class=\"wp-image-31463\" \/><\/figure>\n\n\n\n<figure class=\"wp-block-image size-large\"><a href=\"https:\/\/www.ifbaiano.edu.br\/unidades\/santaines\/files\/2024\/08\/IMG_9880-1.jpeg\"><img decoding=\"async\" loading=\"lazy\" width=\"800\" height=\"600\" data-id=\"21960\"  src=\"https:\/\/www.ifbaiano.edu.br\/unidades\/santaines\/files\/2024\/08\/IMG_9880-1.jpeg\" alt=\"\" class=\"wp-image-21960\" \/><\/a><\/figure>\n\n\n\n<figure class=\"wp-block-image size-large\"><a href=\"https:\/\/www.ifbaiano.edu.br\/unidades\/santaines\/files\/2024\/08\/WhatsApp-Image-2024-08-14-at-13.53.31.jpeg\"><img decoding=\"async\" loading=\"lazy\" width=\"800\" height=\"1066\" data-id=\"21961\"  src=\"https:\/\/www.ifbaiano.edu.br\/unidades\/santaines\/files\/2024\/08\/WhatsApp-Image-2024-08-14-at-13.53.31.jpeg\" alt=\"\" class=\"wp-image-21961\" \/><\/a><\/figure>\n<\/figure>\n\n\n\n<p>Este projeto destaca a import\u00e2ncia da coopera\u00e7\u00e3o internacional para o IF Baiano, abrindo portas para novas oportunidades de interc\u00e2mbios e transfer\u00eancia de tecnologia no setor produtivo e agroindustrial. Al\u00e9m de fortalecer os la\u00e7os entre Brasil e Guatemala, a iniciativa permite que as institui\u00e7\u00f5es compartilhem experi\u00eancias e solu\u00e7\u00f5es que podem beneficiar diretamente os produtores locais, promovendo o crescimento econ\u00f4mico e a sustentabilidade nas regi\u00f5es envolvidas.<\/p>\n\n\n\n<p>A transfer\u00eancia de tecnologia abordada pelo projeto n\u00e3o apenas impulsiona a produ\u00e7\u00e3o e a qualidade dos produtos derivados de cacau, leite e carne, mas tamb\u00e9m refor\u00e7a o compromisso do IF Baiano em expandir suas a\u00e7\u00f5es globais e contribuir para o avan\u00e7o de setores estrat\u00e9gicos atrav\u00e9s de parcerias internacionais.<\/p>\n\n\n\n<p>O IF Baiano possui uma unidade, o Campus Uru\u00e7uca, na regi\u00e3o do Litoral Sul Baiano, localizada na&nbsp;<a href=\"https:\/\/ifbaiano.edu.br\/portal\/wp-content\/uploads\/2023\/04\/Catalogo-Estrada-do-Chocolate-2_230404_101137_compressed-1.pdf\">Estrada do Cacau<\/a>, importante rota da ind\u00fastria cacaueira do Brasil. O Campus vem produzindo pesquisas de ponta na \u00e1rea de Agroind\u00fastria, com foco em cacau e chocolate, e possui, inclusive, patentes de inova\u00e7\u00e3o nessa \u00e1rea. Mas n\u00e3o ser\u00e1 apenas o Campus Uru\u00e7uca a transferir tecnologia para o IMECAP na Guatemala, de acordo com a assessora de Rela\u00e7\u00f5es Internacionais do IF Baiano, Cinira Fernandes, outros campi que trabalham com leite e carne participar\u00e3o da colabora\u00e7\u00e3o internacional. A parceria ir\u00e1 capacitar t\u00e9cnicos do IMECAP que assistem diretamente o pequeno e o m\u00e9dio agricultor e a agricultura familiar.<\/p>\n\n\n\n<figure class=\"wp-block-image\"><img decoding=\"async\" src=\"https:\/\/ifbaiano.edu.br\/portal\/wp-content\/uploads\/2024\/08\/b1e99902-631a-49b3-8a5c-91259a91239e.jpg\" alt=\"\" class=\"wp-image-31467\" \/><\/figure>\n\n\n\n<hr class=\"wp-block-separator has-alpha-channel-opacity\" \/>\n\n\n\n<p><\/p>\n","protected":false},"excerpt":{"rendered":"<p>IF Baiano firma mais uma parceria internacional, desta vez com a Guatemala, pa\u00eds da Am\u00e9rica Central<\/p>\n","protected":false},"author":86,"featured_media":21959,"comment_status":"closed","ping_status":"closed","sticky":false,"template":"","format":"standard","meta":[],"categories":[4,10,57],"tags":[],"_links":{"self":[{"href":"https:\/\/www.ifbaiano.edu.br\/unidades\/santaines\/wp-json\/wp\/v2\/posts\/21958"}],"collection":[{"href":"https:\/\/www.ifbaiano.edu.br\/unidades\/santaines\/wp-json\/wp\/v2\/posts"}],"about":[{"href":"https:\/\/www.ifbaiano.edu.br\/unidades\/santaines\/wp-json\/wp\/v2\/types\/post"}],"author":[{"embeddable":true,"href":"https:\/\/www.ifbaiano.edu.br\/unidades\/santaines\/wp-json\/wp\/v2\/users\/86"}],"replies":[{"embeddable":true,"href":"https:\/\/www.ifbaiano.edu.br\/unidades\/santaines\/wp-json\/wp\/v2\/comments?post=21958"}],"version-history":[{"count":1,"href":"https:\/\/www.ifbaiano.edu.br\/unidades\/santaines\/wp-json\/wp\/v2\/posts\/21958\/revisions"}],"predecessor-version":[{"id":21962,"href":"https:\/\/www.ifbaiano.edu.br\/unidades\/santaines\/wp-json\/wp\/v2\/posts\/21958\/revisions\/21962"}],"wp:featuredmedia":[{"embeddable":true,"href":"https:\/\/www.ifbaiano.edu.br\/unidades\/santaines\/wp-json\/wp\/v2\/media\/21959"}],"wp:attachment":[{"href":"https:\/\/www.ifbaiano.edu.br\/unidades\/santaines\/wp-json\/wp\/v2\/media?parent=21958"}],"wp:term":[{"taxonomy":"category","embeddable":true,"href":"https:\/\/www.ifbaiano.edu.br\/unidades\/santaines\/wp-json\/wp\/v2\/categories?post=21958"},{"taxonomy":"post_tag","embeddable":true,"href":"https:\/\/www.ifbaiano.edu.br\/unidades\/santaines\/wp-json\/wp\/v2\/tags?post=21958"}],"curies":[{"name":"wp","href":"https:\/\/api.w.org\/{rel}","templated":true}]}}