{"id":21972,"date":"2024-08-20T09:04:06","date_gmt":"2024-08-20T12:04:06","guid":{"rendered":"https:\/\/www.ifbaiano.edu.br\/unidades\/santaines\/?p=21972"},"modified":"2024-08-23T18:31:42","modified_gmt":"2024-08-23T21:31:42","slug":"nova-chamada-publica-para-o-programa-de-gestao-do-teletrabalho-e-lancada-no-campus-santa-ines","status":"publish","type":"post","link":"https:\/\/www.ifbaiano.edu.br\/unidades\/santaines\/nova-chamada-publica-para-o-programa-de-gestao-do-teletrabalho-e-lancada-no-campus-santa-ines\/","title":{"rendered":"Nova Chamada P\u00fablica para o Programa de Gest\u00e3o do Teletrabalho \u00e9 lan\u00e7ada no Campus Santa In\u00eas"},"content":{"rendered":"\n<p>Nova Chamada P\u00fablica de sele\u00e7\u00e3o de servidores para teletrabalho \u00e9 lan\u00e7ada pelo IF Baiano &#8211; &nbsp;<em>Campus&nbsp;<\/em>Santa In\u00eas. As inscri\u00e7\u00f5es ser\u00e3o realizadas nos dias 20 e 21 de agosto de 2024, exclusivamente por meio do Sistema Unificado de Administra\u00e7\u00e3o P\u00fablica (SUAP).<\/p>\n\n\n\n<p>As  orienta\u00e7\u00f5es, crit\u00e9rios e procedimentos gerais para sele\u00e7\u00e3o de servidores em exerc\u00edcio na institui\u00e7\u00e3o  est\u00e3o dispostas no <a href=\"https:\/\/www.ifbaiano.edu.br\/unidades\/santaines\/files\/2023\/07\/EDITAL-No-24-2023-TELETRABALHO.pdf\">Edital n\u00ba 24\/2023<\/a> de sele\u00e7\u00e3o em fluxo continuo e as vagas dispon\u00edveis na Chamada P\u00fablica 02\/2024 para ades\u00f5es ao Programa de Gest\u00e3o do Teletrabalho est\u00e3o dispostas na tabela abaixo:<\/p>\n\n\n\n<figure class=\"wp-block-table\"><table><tbody><tr><td><strong>Setor<\/strong><\/td><td><strong>Perfil<\/strong><\/td><td><strong>Vagas<\/strong><\/td><td><strong>Percentual&nbsp;de&nbsp;carga&nbsp;hor\u00e1ria semanal&nbsp;presencial (M\u00ednimo: 20%)<\/strong><\/td><\/tr><tr><td>CGE\/NRI<\/td><td>Servidor ocupante de FG ou FCC<\/td><td>1<\/td><td>40%<\/td><\/tr><tr><td>CGE\/SRA<\/td><td>Servidor n\u00e3o ocupante de FG ou FCC<\/td><td>1<\/td><td>60%<\/td><\/tr><tr><td>DA\/NAPNE<\/td><td>Servidor ocupante de FG ou FCC<\/td><td>1<\/td><td>60%<\/td><\/tr><tr><td>DG\/DAP<\/td><td>Servidor n\u00e3o ocupante de FG ou FCC<\/td><td>1<\/td><td>40%<\/td><\/tr><tr><td rowspan=\"2\">DG\/NAGP<\/td><td>Servidor ocupante de FG ou FCC<\/td><td>1<\/td><td>80%<\/td><\/tr><tr><td>Servidor n\u00e3o ocupante de FG ou FCC<\/td><td>1<\/td><td>80%<\/td><\/tr><\/tbody><\/table><\/figure>\n\n\n\n<p>A homologa\u00e7\u00e3o do resultado final dessa Chamada p\u00fablica est\u00e1 previsto para o dia 23 de abril e ser\u00e1 divulgado nesta p\u00e1gina e em&nbsp;<a href=\"https:\/\/concurso.ifbaiano.edu.br\/portal\/teletrabalho-tae-santa-ines-julho-2023\">P\u00e1gina Espec\u00edfica do Programa de Gest\u00e3o do Teletrabalho<\/a>, no site eletr\u00f4nico oficial do IF Baiano. A homologa\u00e7\u00e3o do resultado da sele\u00e7\u00e3o ocorrer\u00e1 por meio de Portaria e o in\u00edcio do Programa de Gest\u00e3o do Teletrabalho dos servidores classificados nessa Chamada P\u00fablica ser\u00e1 26 de agosto de 2024.<\/p>\n\n\n\n<hr class=\"wp-block-separator has-alpha-channel-opacity\" \/>\n\n\n\n<p><strong>Documentos referentes ao Programa de Gest\u00e3o do Teletrabalho \u2013 IF Baiano \u2013 Campus Santa In\u00eas:<\/strong><\/p>\n\n\n\n<ul>\n<li><a href=\"http:\/\/Chamada P\u00fablica n\u00ba 02 de 2024\"><\/a><a rel=\"noreferrer noopener\" href=\"https:\/\/concurso.ifbaiano.edu.br\/portal\/teletrabalho-tae-santa-ines-julho-2023\/wp-content\/uploads\/sites\/835\/2024\/08\/CHAMADA-PUBLICA-No-02_2024-TELETRABALHO.pdf\" target=\"_blank\">Chamada P\u00fablica n\u00ba 02 de 2024<\/a> &#8211; Publica\u00e7\u00e3o em 20\/08\/2024<\/li>\n\n\n\n<li><a rel=\"noreferrer noopener\" href=\"https:\/\/concurso.ifbaiano.edu.br\/portal\/teletrabalho-tae-santa-ines-julho-2023\/wp-content\/uploads\/sites\/835\/2023\/07\/EDITAL-No-24-2023-INSCRICAO-ADESAO-TELETRABALHO.pdf\" target=\"_blank\">Edital de fluxo cont\u00ednuo n\u00ba 24\/2023<\/a><\/li>\n\n\n\n<li><a rel=\"noreferrer noopener\" href=\"https:\/\/concurso.ifbaiano.edu.br\/portal\/teletrabalho-tae-santa-ines-julho-2023\/wp-content\/uploads\/sites\/835\/2023\/07\/Portaria-58_2023-Homologacao-Edital-Teletrabalho.pdf\" target=\"_blank\">Portaria 58 de 2023 \u2013 Homologa\u00e7\u00e3o do Edital de Teletrabalho<\/a><\/li>\n\n\n\n<li><a rel=\"noreferrer noopener\" href=\"https:\/\/concurso.ifbaiano.edu.br\/portal\/teletrabalho-tae-santa-ines-julho-2023\/wp-content\/uploads\/sites\/835\/2024\/08\/Documento-5.pdf\" target=\"_blank\">Resultado Preliminar das Inscri\u00e7\u00f5es<\/a><\/li>\n\n\n\n<li><a rel=\"noreferrer noopener\" href=\"https:\/\/concurso.ifbaiano.edu.br\/portal\/teletrabalho-tae-santa-ines-julho-2023\/wp-content\/uploads\/sites\/835\/2024\/08\/Documento-6.pdf\" target=\"_blank\">Resultado Final das Inscri\u00e7\u00f5es<\/a><\/li>\n\n\n\n<li><a rel=\"noreferrer noopener\" href=\"https:\/\/concurso.ifbaiano.edu.br\/portal\/teletrabalho-tae-santa-ines-julho-2023\/wp-content\/uploads\/sites\/835\/2024\/08\/Portaria-de-Homologacao.pdf\" target=\"_blank\">Portaria de Homologa\u00e7\u00e3o<\/a><\/li>\n<\/ul>\n\n\n\n<p>Mais documentos referentes ao Programa de Gest\u00e3o do Teletrabalho no \u00e2mbito do Campus Santa In\u00eas poder\u00e3o ser consultados na <a href=\"https:\/\/concurso.ifbaiano.edu.br\/portal\/teletrabalho-tae-santa-ines-julho-2023\">P\u00e1gina Espec\u00edfica do Programa de Gest\u00e3o do Teletrabalho<\/a>.<\/p>\n\n\n\n<hr class=\"wp-block-separator has-alpha-channel-opacity\" \/>\n\n\n\n<p><\/p>\n","protected":false},"excerpt":{"rendered":"<p>Nova Chamada P\u00fablica de sele\u00e7\u00e3o de servidores para teletrabalho \u00e9 lan\u00e7ada pelo IF Baiano &#8211; &nbsp;Campus&nbsp;Santa In\u00eas. As inscri\u00e7\u00f5es ser\u00e3o realizadas nos dias 20 e 21 de agosto de 2024, exclusivamente por meio do Sistema Unificado de Administra\u00e7\u00e3o P\u00fablica (SUAP). As orienta\u00e7\u00f5es, crit\u00e9rios e procedimentos gerais para sele\u00e7\u00e3o de servidores em exerc\u00edcio na institui\u00e7\u00e3o est\u00e3o [&hellip;]<\/p>\n","protected":false},"author":86,"featured_media":16205,"comment_status":"closed","ping_status":"closed","sticky":false,"template":"","format":"standard","meta":[],"categories":[4,38,5,57],"tags":[],"_links":{"self":[{"href":"https:\/\/www.ifbaiano.edu.br\/unidades\/santaines\/wp-json\/wp\/v2\/posts\/21972"}],"collection":[{"href":"https:\/\/www.ifbaiano.edu.br\/unidades\/santaines\/wp-json\/wp\/v2\/posts"}],"about":[{"href":"https:\/\/www.ifbaiano.edu.br\/unidades\/santaines\/wp-json\/wp\/v2\/types\/post"}],"author":[{"embeddable":true,"href":"https:\/\/www.ifbaiano.edu.br\/unidades\/santaines\/wp-json\/wp\/v2\/users\/86"}],"replies":[{"embeddable":true,"href":"https:\/\/www.ifbaiano.edu.br\/unidades\/santaines\/wp-json\/wp\/v2\/comments?post=21972"}],"version-history":[{"count":8,"href":"https:\/\/www.ifbaiano.edu.br\/unidades\/santaines\/wp-json\/wp\/v2\/posts\/21972\/revisions"}],"predecessor-version":[{"id":22008,"href":"https:\/\/www.ifbaiano.edu.br\/unidades\/santaines\/wp-json\/wp\/v2\/posts\/21972\/revisions\/22008"}],"wp:featuredmedia":[{"embeddable":true,"href":"https:\/\/www.ifbaiano.edu.br\/unidades\/santaines\/wp-json\/wp\/v2\/media\/16205"}],"wp:attachment":[{"href":"https:\/\/www.ifbaiano.edu.br\/unidades\/santaines\/wp-json\/wp\/v2\/media?parent=21972"}],"wp:term":[{"taxonomy":"category","embeddable":true,"href":"https:\/\/www.ifbaiano.edu.br\/unidades\/santaines\/wp-json\/wp\/v2\/categories?post=21972"},{"taxonomy":"post_tag","embeddable":true,"href":"https:\/\/www.ifbaiano.edu.br\/unidades\/santaines\/wp-json\/wp\/v2\/tags?post=21972"}],"curies":[{"name":"wp","href":"https:\/\/api.w.org\/{rel}","templated":true}]}}