{"id":22001,"date":"2024-08-22T18:11:41","date_gmt":"2024-08-22T21:11:41","guid":{"rendered":"https:\/\/www.ifbaiano.edu.br\/unidades\/santaines\/?p=22001"},"modified":"2024-08-26T12:22:36","modified_gmt":"2024-08-26T15:22:36","slug":"if-baiano-oferta-bolsas-de-extensao-para-nivel-medio-e-superior","status":"publish","type":"post","link":"https:\/\/www.ifbaiano.edu.br\/unidades\/santaines\/if-baiano-oferta-bolsas-de-extensao-para-nivel-medio-e-superior\/","title":{"rendered":"IF Baiano oferta bolsas de Extens\u00e3o para n\u00edvel m\u00e9dio e superior"},"content":{"rendered":"\n<p>O Instituto Federal Baiano (IF Baiano), por meio da Pr\u00f3-Reitoria de Extens\u00e3o (PROEX), publicou um edital para sele\u00e7\u00e3o e apoio financeiro a projetos de extens\u00e3o tecnol\u00f3gica, com o objetivo de contribuir para o desenvolvimento social, cient\u00edfico, tecnol\u00f3gico e de inova\u00e7\u00e3o do pa\u00eds e promover projetos tecnol\u00f3gicos de significativo impacto socioambiental visando proporcionar o desenvolvimento de arranjos produtivos locais.<\/p>\n\n\n\n<p>As submiss\u00f5es de proposta ocorrem no per\u00edodo de 26 de agosto a 30 de setembro (at\u00e9 \u00e0s 18h) e dever\u00e3o ser realizadas, exclusivamente, no Sistema Unificado de Administra\u00e7\u00e3o P\u00fablica (SUAP) por um servidor efetivo em pleno exerc\u00edcio do quadro do IF Baiano.<\/p>\n\n\n\n<p>Ser\u00e3o ofertadas dois tipos de bolsas, s\u00e3o elas: uma Bolsa de Extens\u00e3o Tecnol\u00f3gica T\u00e9cnico (PET \u2013 TEC), no valor de R$300,00 por m\u00eas, com carga hor\u00e1ria de 10 horas semanais, para alunos de N\u00edvel M\u00e9dio. O outro tipo \u00e9 a Bolsa de Extens\u00e3o Tecnol\u00f3gica Superior (PET-SUP-1), no valor de R$700,00 por m\u00eas, com carga hor\u00e1ria semanal de 20 horas, para alunos de Gradua\u00e7\u00e3o ou P\u00f3s-gradua\u00e7\u00e3o.<\/p>\n\n\n\n<p>Para participar da sele\u00e7\u00e3o de propostas como estudante bolsista, o candidato dever\u00e1 atender aos seguintes requisitos:&nbsp;<\/p>\n\n\n\n<p><strong>a)<\/strong>&nbsp;estar regularmente matriculado(a) e frequentando um dos cursos t\u00e9cnico de n\u00edvel m\u00e9dio, gradua\u00e7\u00e3o ou p\u00f3s-gradua\u00e7\u00e3o, ofertados pelo IF Baiano;&nbsp;<\/p>\n\n\n\n<p><strong>b)<\/strong>&nbsp;estar em dia com as suas obriga\u00e7\u00f5es estudantis junto ao IF Baiano;&nbsp;<\/p>\n\n\n\n<p><strong>c)<\/strong>&nbsp;ter desempenho acad\u00eamico com coeficiente de rendimento igual ou superior a 6,0(seis), comprovado;&nbsp;<\/p>\n\n\n\n<p><strong>d)<\/strong>&nbsp;n\u00e3o estar realizando est\u00e1gio remunerado e n\u00e3o possuir v\u00ednculo empregat\u00edcio e\/ou ser benefici\u00e1rio(a) de outro tipo de bolsa do IF Baiano ou de qualquer outra institui\u00e7\u00e3o podendo acumular apenas com o Aux\u00edlio do Programa de Assist\u00eancia e Inclus\u00e3o Social do Estudante (PAISE );&nbsp;<\/p>\n\n\n\n<p><strong>e)<\/strong>&nbsp;apresentar tempo dispon\u00edvel para dedicar-se \u00e0s atividades do projeto constantes no Plano de Trabalho, desde que n\u00e3o acarrete preju\u00edzo \u00e0s suas atividades acad\u00eamicas, sendo: I. 10 (dez) horas semanais, para os discentes dos Cursos T\u00e9cnicos de N\u00edvel M\u00e9dio; II. 20 (vinte) horas semanais, para os discentes dos Cursos de N\u00edvel Superior e P\u00f3s-Gradua\u00e7\u00e3o .&nbsp;<\/p>\n\n\n\n<p><strong>f)&nbsp;<\/strong>estar apto(a) a completar os 12(doze) meses de bolsa referente ao seu plano de trabalho, ainda como discente do IF Baiano, n\u00e3o podendo ultrapassar a data da finaliza\u00e7\u00e3o do curso, quando se tratar de bolsistas em conclus\u00e3o de curso&nbsp;<\/p>\n\n\n\n<p><strong>g)<\/strong>&nbsp;assinar o \u201cTermo de Compromisso de Discentes Extensionista Bolsista\u201d pelo SUAP, se maiores de 16 (dezesseis) anos. Para os discentes menores de 16 (dezesseis) anos, dever\u00e1 constar a autoriza\u00e7\u00e3o, dos pais ou respons\u00e1veis, mediante assinatura no local indicado, no referido termo, autorizando a sua participa\u00e7\u00e3o no programa.&nbsp;<\/p>\n\n\n\n<p>As propostas submetidas poder\u00e3o ser enviadas em duas modalidades de apoio financeiro, A e B.&nbsp;<\/p>\n\n\n\n<p>Na modalidade A, o aux\u00edlio financeiro disponibilizado para a execu\u00e7\u00e3o do projeto, poder\u00e1 ser utilizado para aquisi\u00e7\u00f5es de material permanente (despesa de capital), para aquisi\u00e7\u00f5es de materiais e servi\u00e7os e pagamento de bolsas (despesas de custeio), por\u00e9m o valor destinado para despesas de capital n\u00e3o poder\u00e1 ser utilizado para despesas de custeio. J\u00e1 na modalidade B, o aux\u00edlio financeiro disponibilizado para a execu\u00e7\u00e3o do projeto, somente<strong>&nbsp;<\/strong>poder\u00e1 ser utilizado para aquisi\u00e7\u00f5es de materiais e servi\u00e7os e para pagamento de bolsas (despesas de custeio).<\/p>\n\n\n\n<p>A previs\u00e3o para in\u00edcio da execu\u00e7\u00e3o das atividades dos projetos \u00e9 dia 06 de janeiro de 2025. O pagamento da bolsa ser\u00e1 efetuado diretamente ao bolsista, mediante dep\u00f3sito mensal em conta banc\u00e1ria individual, com observa\u00e7\u00e3o da frequ\u00eancia do discente.<\/p>\n\n\n\n<p>As propostas ser\u00e3o classificadas segundo a ordem decrescente da nota final.&nbsp; As propostas que obtiverem nota menor que 60 (sessenta) pontos ser\u00e3o desclassificadas e em caso de empate na pontua\u00e7\u00e3o final ser\u00e1 considerada a maior pontua\u00e7\u00e3o obtida nos quesitos contidos na p\u00e1gina 10 do&nbsp;<a href=\"https:\/\/concurso.ifbaiano.edu.br\/portal\/programa-extensao-tecnologica-agosto-2024\/wp-content\/uploads\/sites\/1043\/2024\/08\/Edital-de-extensao-no-180-2024-PROEX-CPPEX-IFBAIANO.pdf\">edital<\/a>.&nbsp;<\/p>\n\n\n\n<p>Em casos de d\u00favidas, entre em contato atrav\u00e9s do e-mail:&nbsp;<a href=\"mailto:cppex@reitoria.ifbaiano.edu.br\">cppex@reitoria.ifbaiano.edu.br<\/a>.<\/p>\n\n\n\n<hr class=\"wp-block-separator has-alpha-channel-opacity\" \/>\n\n\n\n<p><\/p>\n","protected":false},"excerpt":{"rendered":"<p>As submiss\u00f5es de propostas ocorrem de 26 de agosto a 30 de setembro<\/p>\n","protected":false},"author":86,"featured_media":22016,"comment_status":"closed","ping_status":"closed","sticky":false,"template":"","format":"standard","meta":[],"categories":[4,5,57],"tags":[],"_links":{"self":[{"href":"https:\/\/www.ifbaiano.edu.br\/unidades\/santaines\/wp-json\/wp\/v2\/posts\/22001"}],"collection":[{"href":"https:\/\/www.ifbaiano.edu.br\/unidades\/santaines\/wp-json\/wp\/v2\/posts"}],"about":[{"href":"https:\/\/www.ifbaiano.edu.br\/unidades\/santaines\/wp-json\/wp\/v2\/types\/post"}],"author":[{"embeddable":true,"href":"https:\/\/www.ifbaiano.edu.br\/unidades\/santaines\/wp-json\/wp\/v2\/users\/86"}],"replies":[{"embeddable":true,"href":"https:\/\/www.ifbaiano.edu.br\/unidades\/santaines\/wp-json\/wp\/v2\/comments?post=22001"}],"version-history":[{"count":2,"href":"https:\/\/www.ifbaiano.edu.br\/unidades\/santaines\/wp-json\/wp\/v2\/posts\/22001\/revisions"}],"predecessor-version":[{"id":22017,"href":"https:\/\/www.ifbaiano.edu.br\/unidades\/santaines\/wp-json\/wp\/v2\/posts\/22001\/revisions\/22017"}],"wp:featuredmedia":[{"embeddable":true,"href":"https:\/\/www.ifbaiano.edu.br\/unidades\/santaines\/wp-json\/wp\/v2\/media\/22016"}],"wp:attachment":[{"href":"https:\/\/www.ifbaiano.edu.br\/unidades\/santaines\/wp-json\/wp\/v2\/media?parent=22001"}],"wp:term":[{"taxonomy":"category","embeddable":true,"href":"https:\/\/www.ifbaiano.edu.br\/unidades\/santaines\/wp-json\/wp\/v2\/categories?post=22001"},{"taxonomy":"post_tag","embeddable":true,"href":"https:\/\/www.ifbaiano.edu.br\/unidades\/santaines\/wp-json\/wp\/v2\/tags?post=22001"}],"curies":[{"name":"wp","href":"https:\/\/api.w.org\/{rel}","templated":true}]}}