{"id":22025,"date":"2024-08-27T08:05:16","date_gmt":"2024-08-27T11:05:16","guid":{"rendered":"https:\/\/www.ifbaiano.edu.br\/unidades\/santaines\/?p=22025"},"modified":"2024-08-27T09:06:52","modified_gmt":"2024-08-27T12:06:52","slug":"campus-santa-ines-realiza-sua-primeira-etapa-do-famif-2024","status":"publish","type":"post","link":"https:\/\/www.ifbaiano.edu.br\/unidades\/santaines\/campus-santa-ines-realiza-sua-primeira-etapa-do-famif-2024\/","title":{"rendered":"Campus Santa In\u00eas realiza sua primeira etapa do FAMIF 2024"},"content":{"rendered":"\n<p>O Festival Interno do Campus Santa In\u00eas, primeira etapa do Festival de Arte e M\u00fasica do IF Baiano &#8211; FAMIF, acontece amanh\u00e3, 28, na quadra poliesportiva da institui\u00e7\u00e3o, com a sele\u00e7\u00e3o de apresenta\u00e7\u00f5es art\u00edsticas com tema dessa edi\u00e7\u00e3o \u201cMulheres na ci\u00eancia, nas artes e mais onde elas quiserem\u201d que fala sobre a contribui\u00e7\u00e3o e protagonismo feminino na arte, cultura e ci\u00eancia no Brasil.<\/p>\n\n\n\n<p>A programa\u00e7\u00e3o do Campus est\u00e1 dividida em quatro blocos com previs\u00e3o se acontecer nos dois turnos (manh\u00e3 e tarde):<\/p>\n\n\n\n<ul>\n<li>Bloco 1: Poesia \/Poesia autoral<\/li>\n\n\n\n<li>Bloco 02: Artes Visuais<\/li>\n\n\n\n<li>Bloco 03: Interpreta\u00e7\u00e3o musical autoral e n\u00e3o autoral<\/li>\n\n\n\n<li>Bloco 04: Dan\u00e7a<\/li>\n<\/ul>\n\n\n\n<p>Nesta etapa do festival, no campus Santa In\u00eas, acontecem tamb\u00e9m apresenta\u00e7\u00f5es culturais, premia\u00e7\u00e3o para os classificados e apresenta\u00e7\u00e3o destes para o Festival <em>Intercampi <\/em>que acontecer\u00e1 no Campus Senhor do Bonfim no m\u00eas de outubro.<\/p>\n\n\n\n<p>O FAMIF \u00e9 uma a\u00e7\u00e3o Institucional, desenvolvida a partir de uma iniciativa da Pr\u00f3-reitoria de Extens\u00e3o do IF Baiano, regido pelo\u00a0<a href=\"https:\/\/concurso.ifbaiano.edu.br\/portal\/famif-2024\/wp-content\/uploads\/sites\/1000\/2024\/06\/Edital-144-de-28-de-junho-de-2024.pdf\">Edital n\u00ba 114\/2024<\/a>, com o objetivo de fortalecer as bases socioculturais e art\u00edsticas ao contemplar as diversidades existentes nos territ\u00f3rios nos quais est\u00e3o instalados os 14 campi e a Reitoria, estimulando o interesse de discentes e servidoras(es)\/ colaboradoras(es) do IF Baiano pelas artes e culturas baiana e brasileira.<\/p>\n\n\n\n<p>Confira a <a href=\"https:\/\/www.ifbaiano.edu.br\/unidades\/santaines\/files\/2024\/08\/Programacao_Famif24.pdf\">programa\u00e7\u00e3o<\/a> do Campus Santa In\u00eas na \u00edntegra.<\/p>\n\n\n\n<hr class=\"wp-block-separator has-alpha-channel-opacity\" \/>\n","protected":false},"excerpt":{"rendered":"<p>Esta etapa &#8211; Festival interno &#8211; acontece dia 28 de agosto<\/p>\n","protected":false},"author":86,"featured_media":21510,"comment_status":"closed","ping_status":"closed","sticky":false,"template":"","format":"standard","meta":[],"categories":[4,38,19,5,37,57],"tags":[],"_links":{"self":[{"href":"https:\/\/www.ifbaiano.edu.br\/unidades\/santaines\/wp-json\/wp\/v2\/posts\/22025"}],"collection":[{"href":"https:\/\/www.ifbaiano.edu.br\/unidades\/santaines\/wp-json\/wp\/v2\/posts"}],"about":[{"href":"https:\/\/www.ifbaiano.edu.br\/unidades\/santaines\/wp-json\/wp\/v2\/types\/post"}],"author":[{"embeddable":true,"href":"https:\/\/www.ifbaiano.edu.br\/unidades\/santaines\/wp-json\/wp\/v2\/users\/86"}],"replies":[{"embeddable":true,"href":"https:\/\/www.ifbaiano.edu.br\/unidades\/santaines\/wp-json\/wp\/v2\/comments?post=22025"}],"version-history":[{"count":2,"href":"https:\/\/www.ifbaiano.edu.br\/unidades\/santaines\/wp-json\/wp\/v2\/posts\/22025\/revisions"}],"predecessor-version":[{"id":22029,"href":"https:\/\/www.ifbaiano.edu.br\/unidades\/santaines\/wp-json\/wp\/v2\/posts\/22025\/revisions\/22029"}],"wp:featuredmedia":[{"embeddable":true,"href":"https:\/\/www.ifbaiano.edu.br\/unidades\/santaines\/wp-json\/wp\/v2\/media\/21510"}],"wp:attachment":[{"href":"https:\/\/www.ifbaiano.edu.br\/unidades\/santaines\/wp-json\/wp\/v2\/media?parent=22025"}],"wp:term":[{"taxonomy":"category","embeddable":true,"href":"https:\/\/www.ifbaiano.edu.br\/unidades\/santaines\/wp-json\/wp\/v2\/categories?post=22025"},{"taxonomy":"post_tag","embeddable":true,"href":"https:\/\/www.ifbaiano.edu.br\/unidades\/santaines\/wp-json\/wp\/v2\/tags?post=22025"}],"curies":[{"name":"wp","href":"https:\/\/api.w.org\/{rel}","templated":true}]}}