{"id":22041,"date":"2024-08-29T22:04:52","date_gmt":"2024-08-30T01:04:52","guid":{"rendered":"https:\/\/www.ifbaiano.edu.br\/unidades\/santaines\/?p=22041"},"modified":"2024-09-03T07:58:24","modified_gmt":"2024-09-03T10:58:24","slug":"etapa-local-do-famif-2024-e-realizado-no-campus-santa-ines","status":"publish","type":"post","link":"https:\/\/www.ifbaiano.edu.br\/unidades\/santaines\/etapa-local-do-famif-2024-e-realizado-no-campus-santa-ines\/","title":{"rendered":"Confira como foi a etapa interna do FAMIF no Campus Santa In\u00eas"},"content":{"rendered":"\n<p>A primeira etapa do Festival de Arte e M\u00fasica do IF Baiano \u2013 FAMIF 2024, sele\u00e7\u00e3o interna do Campus Santa In\u00eas, aconteceu ontem, 28, na quadra poliesportiva da institui\u00e7\u00e3o onde, al\u00e9m da comunidade interna, egressos realizaram 06 formatos de apresenta\u00e7\u00e3o: Interpreta\u00e7\u00e3o musical autoral; Interpreta\u00e7\u00e3o musical n\u00e3o-autoral; M\u00fasica Instrumental autoral e n\u00e3o autoral; Declama\u00e7\u00e3o de poema autoral; Dan\u00e7a e Artes Visuais<\/p>\n\n\n\n<p>O Festival tamb\u00e9m contou com performances culturais de capoeira, atrav\u00e9s do Projeto de Ensino \u201cCapoeira Ginga Baiana\u201d, no IF Baiano, de samba de roda, com o grupo de idosos \u201cReunindo Primaveras\u201d, de grupo de teatro e apresenta\u00e7\u00f5es da escola municipal Manuel Reis, de Santa In\u00eas.&nbsp; A banda musical \u201cBeto Mendes e Vers\u00e3o Beta\u201d, da cidade de Marac\u00e1s, encerrou as apresenta\u00e7\u00f5es.<\/p>\n\n\n\n<figure class=\"wp-block-gallery has-nested-images columns-default is-cropped wp-block-gallery-1 is-layout-flex\">\n<figure class=\"wp-block-image size-large\"><a href=\"https:\/\/www.ifbaiano.edu.br\/unidades\/santaines\/files\/2024\/08\/bef8c50a-086b-4196-9d62-2b6f358a8585.png\"><img decoding=\"async\" loading=\"lazy\" width=\"1280\" height=\"591\" data-id=\"22052\"  src=\"https:\/\/www.ifbaiano.edu.br\/unidades\/santaines\/files\/2024\/08\/bef8c50a-086b-4196-9d62-2b6f358a8585.png\" alt=\"\" class=\"wp-image-22052\" \/><\/a><\/figure>\n\n\n\n<figure class=\"wp-block-image size-large\"><a href=\"https:\/\/www.ifbaiano.edu.br\/unidades\/santaines\/files\/2024\/08\/edb09c69-8389-4567-93f5-7b768627a471.png\"><img decoding=\"async\" loading=\"lazy\" width=\"1280\" height=\"591\" data-id=\"22056\"  src=\"https:\/\/www.ifbaiano.edu.br\/unidades\/santaines\/files\/2024\/08\/edb09c69-8389-4567-93f5-7b768627a471.png\" alt=\"\" class=\"wp-image-22056\" \/><\/a><\/figure>\n\n\n\n<figure class=\"wp-block-image size-large\"><a href=\"https:\/\/www.ifbaiano.edu.br\/unidades\/santaines\/files\/2024\/08\/c703d848-c2a3-4734-aca6-b2b1f4b4b540.png\"><img decoding=\"async\" loading=\"lazy\" width=\"1280\" height=\"720\" data-id=\"22054\"  src=\"https:\/\/www.ifbaiano.edu.br\/unidades\/santaines\/files\/2024\/08\/c703d848-c2a3-4734-aca6-b2b1f4b4b540.png\" alt=\"\" class=\"wp-image-22054\" \/><\/a><\/figure>\n<\/figure>\n\n\n\n<p>O tema dessa edi\u00e7\u00e3o do FAMIF, \u201cMulheres na ci\u00eancia, nas artes e mais onde elas quiserem\u201d, inspirou os participantes a pontuarem sobre a contribui\u00e7\u00e3o e protagonismo feminino na arte, cultura e ci\u00eancia no pa\u00eds em suas apresenta\u00e7\u00f5es . O evento teve in\u00edcio \u00e0s 8h e foi conduzido pelos professores do campus, s\u00e3o eles: Ilana Brito, de Educa\u00e7\u00e3o F\u00edsica e Am\u00f3s Oliveira, de Artes.<\/p>\n\n\n\n<p>Genilda Lima, Diretora-Geral do Campus, fez a abertura oficial do evento, deu as boas-vindas aos presentes e falou sobre a import\u00e2ncia do FAMIF. \u201cA realiza\u00e7\u00e3o do FAMIF \u00e9 extremamente importante para a comunidade, pois \u00e9 uma excelente oportunidade de contemplarmos as diversidades art\u00edsticas e culturais em nosso campus, resultante do territ\u00f3rio do vale do Jiquiri\u00e7\u00e1, ao qual estamos inseridos. E neste ano, diante da tem\u00e1tica onde a mulher \u00e9 homenageada, as apresenta\u00e7\u00f5es do Festival foram cheias de for\u00e7a e representatividade\u201d, concluiu a diretora.<\/p>\n\n\n\n<p>A seletiva do FAMIF 2024, no Campus Santa In\u00eas, aconteceu durante todo o dia, tendo uma breve pausa para o almo\u00e7o. No total, o Festival contou com mais de 45 apresenta\u00e7\u00f5es de servidores e estudantes, nas mais diversas performances art\u00edsticas como poesia, m\u00fasica, dan\u00e7a, teatro e artes visuais.<\/p>\n\n\n\n<figure class=\"wp-block-gallery has-nested-images columns-default is-cropped wp-block-gallery-3 is-layout-flex\">\n<figure class=\"wp-block-image size-large\"><a href=\"https:\/\/www.ifbaiano.edu.br\/unidades\/santaines\/files\/2024\/08\/8d0087cf-3ca8-4e80-b988-551454f49167.png\"><img decoding=\"async\" loading=\"lazy\" width=\"1600\" height=\"739\" data-id=\"22043\"  src=\"https:\/\/www.ifbaiano.edu.br\/unidades\/santaines\/files\/2024\/08\/8d0087cf-3ca8-4e80-b988-551454f49167.png\" alt=\"\" class=\"wp-image-22043\" \/><\/a><\/figure>\n\n\n\n<figure class=\"wp-block-image size-large\"><a href=\"https:\/\/www.ifbaiano.edu.br\/unidades\/santaines\/files\/2024\/08\/7d576b76-9d17-4d8c-aac2-9817265bbc58.png\"><img decoding=\"async\" loading=\"lazy\" width=\"1280\" height=\"591\" data-id=\"22042\"  src=\"https:\/\/www.ifbaiano.edu.br\/unidades\/santaines\/files\/2024\/08\/7d576b76-9d17-4d8c-aac2-9817265bbc58.png\" alt=\"\" class=\"wp-image-22042\" \/><\/a><\/figure>\n\n\n\n<figure class=\"wp-block-image size-large\"><a href=\"https:\/\/www.ifbaiano.edu.br\/unidades\/santaines\/files\/2024\/08\/9c72d85c-c099-4e49-9348-756b96118714.png\"><img decoding=\"async\" loading=\"lazy\" width=\"1280\" height=\"591\" data-id=\"22046\"  src=\"https:\/\/www.ifbaiano.edu.br\/unidades\/santaines\/files\/2024\/08\/9c72d85c-c099-4e49-9348-756b96118714.png\" alt=\"\" class=\"wp-image-22046\" \/><\/a><\/figure>\n<\/figure>\n\n\n\n<p>A professora Patr\u00edcia Neves, presidente da comiss\u00e3o, diz que o FAMIF, no Campus Santa In\u00eas, \u00e9 um evento aberto \u00e0 comunidade externa e tem o objetivo de estreitar la\u00e7os e fortalecer parcerias institucionais. \u201c\u00c9 um momento de grande alegria poder receber e partilhar dessa cultura t\u00e3o rica e diversa do Territ\u00f3rio do Jiquiri\u00e7\u00e1\u201d, explica Patr\u00edcia.<\/p>\n\n\n\n<p>A Coordenadora de Extens\u00e3o do Campus Santa In\u00eas, professora Alexandra Pereira dos Santos, compartilha a sua alegria em participar da organiza\u00e7\u00e3o de um evento que celebra a arte e a cultura no nosso Territ\u00f3rio, abordando um tema t\u00e3o necess\u00e1rio como o protagonismo feminino nas artes, culturas, ci\u00eancia e onde elas quiserem. Para a professora, a arte contribui para o desenvolvimento humano, estimula a intelig\u00eancia e o pensamento cr\u00edtico e desenvolvimento de atividades.<\/p>\n\n\n\n<p>O egresso do curso de T\u00e9cnico Integrado em Zootecnia do Campus, Thyago Bracho tamb\u00e9m participou do Festival, por meio de uma apresenta\u00e7\u00e3o de dan\u00e7a. Ele cursa Licenciatura em Dan\u00e7a na Universidade Estadual do Sudoeste Baiano \u2013 UESB e diz que o FAMIF foi uma das motiva\u00e7\u00f5es para sua escolha. \u201cMuito da minha escolha em fazer a licenciatura foi devido ao FAMIF, que proporciona uma experi\u00eancia incr\u00edvel no mundo da arte\u201d, afirma Thyago.<\/p>\n\n\n\n<figure class=\"wp-block-gallery has-nested-images columns-default is-cropped wp-block-gallery-5 is-layout-flex\">\n<figure class=\"wp-block-image size-large\"><a href=\"https:\/\/www.ifbaiano.edu.br\/unidades\/santaines\/files\/2024\/08\/b5e9d8d0-0d2a-4983-985d-f10b7d9a5f95.png\"><img decoding=\"async\" loading=\"lazy\" width=\"1280\" height=\"591\" data-id=\"22051\"  src=\"https:\/\/www.ifbaiano.edu.br\/unidades\/santaines\/files\/2024\/08\/b5e9d8d0-0d2a-4983-985d-f10b7d9a5f95.png\" alt=\"\" class=\"wp-image-22051\" \/><\/a><\/figure>\n\n\n\n<figure class=\"wp-block-image size-large\"><a href=\"https:\/\/www.ifbaiano.edu.br\/unidades\/santaines\/files\/2024\/08\/86193679-56a9-4b03-9f58-c25b34dfe9df.png\"><img decoding=\"async\" loading=\"lazy\" width=\"1280\" height=\"591\" data-id=\"22050\"  src=\"https:\/\/www.ifbaiano.edu.br\/unidades\/santaines\/files\/2024\/08\/86193679-56a9-4b03-9f58-c25b34dfe9df.png\" alt=\"\" class=\"wp-image-22050\" \/><\/a><\/figure>\n\n\n\n<figure class=\"wp-block-image size-large\"><a href=\"https:\/\/www.ifbaiano.edu.br\/unidades\/santaines\/files\/2024\/08\/8e956095-b22d-4da3-b6fa-a11e03529858.png\"><img decoding=\"async\" loading=\"lazy\" width=\"1280\" height=\"591\" data-id=\"22044\"  src=\"https:\/\/www.ifbaiano.edu.br\/unidades\/santaines\/files\/2024\/08\/8e956095-b22d-4da3-b6fa-a11e03529858.png\" alt=\"\" class=\"wp-image-22044\" \/><\/a><\/figure>\n\n\n\n<figure class=\"wp-block-image size-large\"><a href=\"https:\/\/www.ifbaiano.edu.br\/unidades\/santaines\/files\/2024\/08\/8fca05b2-9428-4fd8-969a-e82252b5cecc.png\"><img decoding=\"async\" loading=\"lazy\" width=\"1280\" height=\"720\" data-id=\"22045\"  src=\"https:\/\/www.ifbaiano.edu.br\/unidades\/santaines\/files\/2024\/08\/8fca05b2-9428-4fd8-969a-e82252b5cecc.png\" alt=\"\" class=\"wp-image-22045\" \/><\/a><\/figure>\n\n\n\n<figure class=\"wp-block-image size-large\"><a href=\"https:\/\/www.ifbaiano.edu.br\/unidades\/santaines\/files\/2024\/08\/71891d3f-4ec0-4767-9887-1ed61713e26b.png\"><img decoding=\"async\" loading=\"lazy\" width=\"1280\" height=\"720\" data-id=\"22047\"  src=\"https:\/\/www.ifbaiano.edu.br\/unidades\/santaines\/files\/2024\/08\/71891d3f-4ec0-4767-9887-1ed61713e26b.png\" alt=\"\" class=\"wp-image-22047\" \/><\/a><\/figure>\n\n\n\n<figure class=\"wp-block-image size-large\"><a href=\"https:\/\/www.ifbaiano.edu.br\/unidades\/santaines\/files\/2024\/08\/86193679-56a9-4b03-9f58-c25b34dfe9d.png\"><img decoding=\"async\" loading=\"lazy\" width=\"1280\" height=\"591\" data-id=\"22049\"  src=\"https:\/\/www.ifbaiano.edu.br\/unidades\/santaines\/files\/2024\/08\/86193679-56a9-4b03-9f58-c25b34dfe9d.png\" alt=\"\" class=\"wp-image-22049\" \/><\/a><\/figure>\n<\/figure>\n\n\n\n<p>O Festival encerrou no fim da tarde, com o an\u00fancio dos vencedores que ir\u00e3o para a Etapa <em>Intercampi,<\/em> em Senhor do Bonfim, entrega de brindes e agradecimentos a todos os organizadores e participantes. Nesta 5\u00aa edi\u00e7\u00e3o da etapa local, foram classificados para o <em>Intercampi, <\/em>garantindo vaga na final do Festival, os nomes abaixo:<\/p>\n\n\n\n<p><strong>Vencedores<\/strong><\/p>\n\n\n\n<p><strong>Categoria Estudante:<\/strong><\/p>\n\n\n\n<p>\u2013 Caroline Nascimento Cruz do curso T\u00e9cnico Integrado em Agropecu\u00e1ria \u2013 Modalidade \u2013 Artes Visuais;<\/p>\n\n\n\n<p>\u2013 Erik De Jesus Santos, Alisson Vieira Chaves, Raissa Dos Santos Rezende (Curso T\u00e9cnico Em Alimentos) e Thiago Pinheiro Alves (egresso, Curso T\u00e9cnico em Zootecnia), \u2013 Modalidade \u2013 Dan\u00e7a;<\/p>\n\n\n\n<p>\u2013 Lorena Dos Santos, Do Curso T\u00e9cnico Em Inform\u00e1tica \u2013 Modalidade \u2013 Interpreta\u00e7\u00e3o Musical, Instrumental;<\/p>\n\n\n\n<p>&#8211; Welliton Dos Santos Sacramento (egresso do Curso T\u00e9cnico em Agropecu\u00e1ria), Modalidade Dan\u00e7a.<\/p>\n\n\n\n<p><strong>Categoria Servidor:<\/strong><\/p>\n\n\n\n<p>&#8211; Hildon Oliveira Santiago Carade, professor do Campus \u2013 Modalidade &#8211; Artes Visuais;<\/p>\n\n\n\n<p>&#8211; Marline Ara\u00fajo Santos, professora do Campus &#8211; Modalidade Declama\u00e7\u00e3o de Poema.<\/p>\n\n\n\n<figure class=\"wp-block-gallery has-nested-images columns-default is-cropped wp-block-gallery-7 is-layout-flex\">\n<figure class=\"wp-block-image size-large\"><a href=\"https:\/\/www.ifbaiano.edu.br\/unidades\/santaines\/files\/2024\/08\/c3e081ff-fdc1-4b48-bd9f-a8ea0984a8d2.png\"><img decoding=\"async\" loading=\"lazy\" width=\"1280\" height=\"591\" data-id=\"22053\"  src=\"https:\/\/www.ifbaiano.edu.br\/unidades\/santaines\/files\/2024\/08\/c3e081ff-fdc1-4b48-bd9f-a8ea0984a8d2.png\" alt=\"\" class=\"wp-image-22053\" \/><\/a><\/figure>\n\n\n\n<figure class=\"wp-block-image size-large\"><a href=\"https:\/\/www.ifbaiano.edu.br\/unidades\/santaines\/files\/2024\/08\/7d576b76-9d17-4d8c-aac2-9817265bbc58.png\"><img decoding=\"async\" loading=\"lazy\" width=\"1280\" height=\"591\" data-id=\"22042\"  src=\"https:\/\/www.ifbaiano.edu.br\/unidades\/santaines\/files\/2024\/08\/7d576b76-9d17-4d8c-aac2-9817265bbc58.png\" alt=\"\" class=\"wp-image-22042\" \/><\/a><\/figure>\n\n\n\n<figure class=\"wp-block-image size-large\"><a href=\"https:\/\/www.ifbaiano.edu.br\/unidades\/santaines\/files\/2024\/08\/e8d68383-c302-4e9a-a29f-b29cc5a338f4.png\"><img decoding=\"async\" loading=\"lazy\" width=\"1280\" height=\"591\" data-id=\"22055\"  src=\"https:\/\/www.ifbaiano.edu.br\/unidades\/santaines\/files\/2024\/08\/e8d68383-c302-4e9a-a29f-b29cc5a338f4.png\" alt=\"\" class=\"wp-image-22055\" \/><\/a><\/figure>\n\n\n\n<figure class=\"wp-block-image size-large\"><a href=\"https:\/\/www.ifbaiano.edu.br\/unidades\/santaines\/files\/2024\/08\/09169540-dbe4-457e-8251-92190fcc41ae.png\"><img decoding=\"async\" loading=\"lazy\" width=\"1280\" height=\"591\" data-id=\"22048\"  src=\"https:\/\/www.ifbaiano.edu.br\/unidades\/santaines\/files\/2024\/08\/09169540-dbe4-457e-8251-92190fcc41ae.png\" alt=\"\" class=\"wp-image-22048\" \/><\/a><\/figure>\n\n\n\n<figure class=\"wp-block-image size-large\"><a href=\"https:\/\/www.ifbaiano.edu.br\/unidades\/santaines\/files\/2024\/08\/FAMIF-2024.png\"><img decoding=\"async\" loading=\"lazy\" width=\"1280\" height=\"591\" data-id=\"22057\"  src=\"https:\/\/www.ifbaiano.edu.br\/unidades\/santaines\/files\/2024\/08\/FAMIF-2024.png\" alt=\"\" class=\"wp-image-22057\" \/><\/a><\/figure>\n<\/figure>\n\n\n\n<hr class=\"wp-block-separator has-alpha-channel-opacity\" \/>\n","protected":false},"excerpt":{"rendered":"<p>A primeira etapa do Festival de Arte e M\u00fasica do IF Baiano \u2013 FAMIF 2024, sele\u00e7\u00e3o interna do Campus Santa In\u00eas, aconteceu ontem, 28, na quadra poliesportiva da institui\u00e7\u00e3o onde, al\u00e9m da comunidade interna, egressos realizaram 06 formatos de apresenta\u00e7\u00e3o: Interpreta\u00e7\u00e3o musical autoral; Interpreta\u00e7\u00e3o musical n\u00e3o-autoral; M\u00fasica Instrumental autoral e n\u00e3o autoral; Declama\u00e7\u00e3o de poema [&hellip;]<\/p>\n","protected":false},"author":86,"featured_media":22057,"comment_status":"closed","ping_status":"closed","sticky":false,"template":"","format":"standard","meta":[],"categories":[4,5,23,57],"tags":[],"_links":{"self":[{"href":"https:\/\/www.ifbaiano.edu.br\/unidades\/santaines\/wp-json\/wp\/v2\/posts\/22041"}],"collection":[{"href":"https:\/\/www.ifbaiano.edu.br\/unidades\/santaines\/wp-json\/wp\/v2\/posts"}],"about":[{"href":"https:\/\/www.ifbaiano.edu.br\/unidades\/santaines\/wp-json\/wp\/v2\/types\/post"}],"author":[{"embeddable":true,"href":"https:\/\/www.ifbaiano.edu.br\/unidades\/santaines\/wp-json\/wp\/v2\/users\/86"}],"replies":[{"embeddable":true,"href":"https:\/\/www.ifbaiano.edu.br\/unidades\/santaines\/wp-json\/wp\/v2\/comments?post=22041"}],"version-history":[{"count":3,"href":"https:\/\/www.ifbaiano.edu.br\/unidades\/santaines\/wp-json\/wp\/v2\/posts\/22041\/revisions"}],"predecessor-version":[{"id":22088,"href":"https:\/\/www.ifbaiano.edu.br\/unidades\/santaines\/wp-json\/wp\/v2\/posts\/22041\/revisions\/22088"}],"wp:featuredmedia":[{"embeddable":true,"href":"https:\/\/www.ifbaiano.edu.br\/unidades\/santaines\/wp-json\/wp\/v2\/media\/22057"}],"wp:attachment":[{"href":"https:\/\/www.ifbaiano.edu.br\/unidades\/santaines\/wp-json\/wp\/v2\/media?parent=22041"}],"wp:term":[{"taxonomy":"category","embeddable":true,"href":"https:\/\/www.ifbaiano.edu.br\/unidades\/santaines\/wp-json\/wp\/v2\/categories?post=22041"},{"taxonomy":"post_tag","embeddable":true,"href":"https:\/\/www.ifbaiano.edu.br\/unidades\/santaines\/wp-json\/wp\/v2\/tags?post=22041"}],"curies":[{"name":"wp","href":"https:\/\/api.w.org\/{rel}","templated":true}]}}