{"id":22060,"date":"2024-09-18T10:21:00","date_gmt":"2024-09-18T13:21:00","guid":{"rendered":"https:\/\/www.ifbaiano.edu.br\/unidades\/santaines\/?p=22060"},"modified":"2024-09-18T13:51:01","modified_gmt":"2024-09-18T16:51:01","slug":"campus-santa-ines-abre-processo-seletivo-para-preenchimento-de-vagas-ociosas-em-cursos-de-graduacao","status":"publish","type":"post","link":"https:\/\/www.ifbaiano.edu.br\/unidades\/santaines\/campus-santa-ines-abre-processo-seletivo-para-preenchimento-de-vagas-ociosas-em-cursos-de-graduacao\/","title":{"rendered":"Campus Santa In\u00eas abre Processo Seletivo para preenchimento de vagas ociosas em Cursos de Gradua\u00e7\u00e3o"},"content":{"rendered":"\n<p>Campus Santa In\u00eas publica <a href=\"https:\/\/concurso.ifbaiano.edu.br\/portal\/reopcao-cursos-transferencia-interna-externa-portador-de-diploma-santa-ines-agosto-2024\/wp-content\/uploads\/sites\/1046\/2024\/08\/EDITAL-No-32_2024.pdf\">Edital<\/a> de abertura de Processo Seletivo de Transfer\u00eancia Interna e Externa, e para Ingresso como Portador de Diploma, para o preenchimento de treze vagas ociosas nos Cursos de gradua\u00e7\u00e3o, sendo, cinco para o curso de Licenciatura em Ci\u00eancias Biol\u00f3gicas, tr\u00eas para Licenciatura em Geografia e cinco para Bacharelado em Zootecnia, com ingresso no semestre 2024.2<\/p>\n\n\n\n<p>As inscri\u00e7\u00f5es iniciaram dia 30 de agosto, foram at\u00e9 o dia 05 de setembro de 2024 e ocorreram exclusivamente mediante preenchimento de <a href=\"https:\/\/www.ifbaiano.edu.br\/unidades\/santaines\/files\/2024\/08\/ANEXO-III-FICHA-DE-INSCRICAO.pdf\">formul\u00e1rio digital<\/a> que deveria ser assinado e enviado, via e-mail, com todos os documentos exigidos, anexos, para o e-mail da Secretaria de Registros Acad\u00eamicos &#8211; SRA &#8211; secretaria@si.ifbaiano.edu.br . <\/p>\n\n\n\n<p>As c\u00f3pias dos documentos digitalizados deveriam ser encaminhados em formato PDF (todos os documentos em um mesmo arquivo PDF), leg\u00edveis e enviadas em sua totalidade (frente e verso, quando houver). No edital consta a rela\u00e7\u00e3o da documenta\u00e7\u00e3o exigida, de acordo com a forma de ingresso escolhida.<\/p>\n\n\n\n<p><strong>Condi\u00e7\u00f5es para formas de ingresso<\/strong><\/p>\n\n\n\n<ul>\n<li>REOP\u00c7\u00c3O DE CURSO: Estudantes regularmente matriculados(as), nos<br>cursos de gradua\u00e7\u00e3o do campus Santa In\u00eas do IF Baiano, que tenham conclu\u00eddo, com \u00eaxito, todas as disciplinas do primeiro per\u00edodo letivo do curso de origem e que desejam mudar de seu curso de origem para outro curso no mesmo campus (Santa In\u00eas)<\/li>\n\n\n\n<li>TRANSFER\u00caNCIA INTERNA: Estudantes regularmente matriculados(as) em qualquer outro campus do IF Baiano, interessados(as) em transferir-se para o campus Santa<br>In\u00eas do IF Baiano, para o mesmo curso de origem;<\/li>\n\n\n\n<li>TRANSFER\u00caNCIA EXTERNA: Estudantes regularmente matriculados(as) no mesmo curso ou em curso de \u00e1rea afim ao curso do campus Santa In\u00eas do IF Baiano, autorizado e reconhecido pelo MEC, provenientes de outras institui\u00e7\u00f5es p\u00fablicas ou privadas nacionais,<br>credenciadas pelo MEC, interessados(as) em transferir-se para este campus, e que tenham cursado, pelo menos, um per\u00edodo letivo com aprova\u00e7\u00e3o de, no m\u00ednimo, 60% da carga hor\u00e1ria;<\/li>\n\n\n\n<li>PORTADOR(A) DE DIPLOMA DE GRADUA\u00c7\u00c3O: Candidatos(as) que possuam diploma de ensino superior proveniente de cursos afins aos cursos superiores do campus Santa In\u00eas do IF Baiano, com reconhecimento homologado pelo MEC, publicado no Di\u00e1rio<br>Oficial da Uni\u00e3o (DOU).<\/li>\n<\/ul>\n\n\n\n<p>Sendo selecionado(a), o(a) candidato(a) dever\u00e1 contatar a Secretaria de Registros Acad\u00eamicos do IF Baiano\/Campus Santa In\u00eas para realiza\u00e7\u00e3o de matr\u00edcula, no per\u00edodo de 18 a 20 de outubro de 2024.<\/p>\n\n\n\n<p>D\u00favidas relativas a este processo seletivo poder\u00e3o ser dirimidas pelos Colegiados dos Cursos Superiores ou Diretoria Acad\u00eamica do Campus.<\/p>\n\n\n\n<hr class=\"wp-block-separator has-alpha-channel-opacity\" \/>\n\n\n\n<p><strong>Documentos\/Etapas do Processo Seletivo:<\/strong><\/p>\n\n\n\n<ul>\n<li><a href=\"https:\/\/concurso.ifbaiano.edu.br\/portal\/reopcao-cursos-transferencia-interna-externa-portador-de-diploma-santa-ines-agosto-2024\/wp-content\/uploads\/sites\/1046\/2024\/08\/EDITAL-No-32_2024.pdf\">Edital<\/a><\/li>\n\n\n\n<li><a href=\"https:\/\/www.ifbaiano.edu.br\/unidades\/santaines\/files\/2024\/08\/ANEXO-III-FICHA-DE-INSCRICAO.pdf\">Ficha de Inscri\u00e7\u00e3o<\/a><\/li>\n\n\n\n<li><a rel=\"noreferrer noopener\" href=\"https:\/\/concurso.ifbaiano.edu.br\/portal\/reopcao-cursos-transferencia-interna-externa-portador-de-diploma-santa-ines-agosto-2024\/wp-content\/uploads\/sites\/1046\/2024\/09\/Edital-de-Retificacao-do-Edital-32.pdf\" target=\"_blank\">Edital de Retifica\u00e7\u00e3o<\/a><\/li>\n\n\n\n<li><a rel=\"noreferrer noopener\" href=\"https:\/\/concurso.ifbaiano.edu.br\/portal\/reopcao-cursos-transferencia-interna-externa-portador-de-diploma-santa-ines-agosto-2024\/wp-content\/uploads\/sites\/1046\/2024\/09\/HOMOLOGACAO-DAS-INSCRICOES-Edital-32.pdf\" target=\"_blank\">Homologa\u00e7\u00e3o das Inscri\u00e7\u00f5es<\/a><\/li>\n<\/ul>\n\n\n\n<hr class=\"wp-block-separator has-alpha-channel-opacity\" \/>\n\n\n\n<p><\/p>\n","protected":false},"excerpt":{"rendered":"<p>As inscri\u00e7\u00f5es  v\u00e3o at\u00e9 o dia 05 de setembro de 2024.<\/p>\n","protected":false},"author":86,"featured_media":18120,"comment_status":"closed","ping_status":"closed","sticky":false,"template":"","format":"standard","meta":[],"categories":[4,12,8,57],"tags":[],"_links":{"self":[{"href":"https:\/\/www.ifbaiano.edu.br\/unidades\/santaines\/wp-json\/wp\/v2\/posts\/22060"}],"collection":[{"href":"https:\/\/www.ifbaiano.edu.br\/unidades\/santaines\/wp-json\/wp\/v2\/posts"}],"about":[{"href":"https:\/\/www.ifbaiano.edu.br\/unidades\/santaines\/wp-json\/wp\/v2\/types\/post"}],"author":[{"embeddable":true,"href":"https:\/\/www.ifbaiano.edu.br\/unidades\/santaines\/wp-json\/wp\/v2\/users\/86"}],"replies":[{"embeddable":true,"href":"https:\/\/www.ifbaiano.edu.br\/unidades\/santaines\/wp-json\/wp\/v2\/comments?post=22060"}],"version-history":[{"count":6,"href":"https:\/\/www.ifbaiano.edu.br\/unidades\/santaines\/wp-json\/wp\/v2\/posts\/22060\/revisions"}],"predecessor-version":[{"id":22345,"href":"https:\/\/www.ifbaiano.edu.br\/unidades\/santaines\/wp-json\/wp\/v2\/posts\/22060\/revisions\/22345"}],"wp:featuredmedia":[{"embeddable":true,"href":"https:\/\/www.ifbaiano.edu.br\/unidades\/santaines\/wp-json\/wp\/v2\/media\/18120"}],"wp:attachment":[{"href":"https:\/\/www.ifbaiano.edu.br\/unidades\/santaines\/wp-json\/wp\/v2\/media?parent=22060"}],"wp:term":[{"taxonomy":"category","embeddable":true,"href":"https:\/\/www.ifbaiano.edu.br\/unidades\/santaines\/wp-json\/wp\/v2\/categories?post=22060"},{"taxonomy":"post_tag","embeddable":true,"href":"https:\/\/www.ifbaiano.edu.br\/unidades\/santaines\/wp-json\/wp\/v2\/tags?post=22060"}],"curies":[{"name":"wp","href":"https:\/\/api.w.org\/{rel}","templated":true}]}}