{"id":22067,"date":"2024-08-30T16:45:41","date_gmt":"2024-08-30T19:45:41","guid":{"rendered":"https:\/\/www.ifbaiano.edu.br\/unidades\/santaines\/?p=22067"},"modified":"2024-08-30T19:16:42","modified_gmt":"2024-08-30T22:16:42","slug":"estudantes-de-biologia-fazem-imersao-na-caatinga-baiana","status":"publish","type":"post","link":"https:\/\/www.ifbaiano.edu.br\/unidades\/santaines\/estudantes-de-biologia-fazem-imersao-na-caatinga-baiana\/","title":{"rendered":"Estudantes de Biologia fazem imers\u00e3o na Caatinga baiana"},"content":{"rendered":"\n<p>Estudantes do 9\u00ba semestre do curso de Licenciatura em Ci\u00eancias Biol\u00f3gicas do IF Baiano Campus Santa In\u00eas estiveram, entre os dias 23 e 25 de agosto de 2024, na Floresta Nacional Contendas do Sincor\u00e1, acompanhados pelo Prof. Dr. Francisco Sampaio, realizando atividades de campo da disciplina Ecologia de Comunidades e Ecossistemas.<\/p>\n\n\n\n<figure class=\"wp-block-gallery has-nested-images columns-default is-cropped wp-block-gallery-1 is-layout-flex\">\n<figure class=\"wp-block-image size-large\"><a href=\"https:\/\/www.ifbaiano.edu.br\/unidades\/santaines\/files\/2024\/08\/44109ee3-8c34-4c93-82b2-86166255d3f7.png\"><img decoding=\"async\" loading=\"lazy\" width=\"960\" height=\"1280\" data-id=\"22074\"  src=\"https:\/\/www.ifbaiano.edu.br\/unidades\/santaines\/files\/2024\/08\/44109ee3-8c34-4c93-82b2-86166255d3f7.png\" alt=\"\" class=\"wp-image-22074\" \/><\/a><\/figure>\n\n\n\n<figure class=\"wp-block-image size-large\"><a href=\"https:\/\/www.ifbaiano.edu.br\/unidades\/santaines\/files\/2024\/08\/fc4854e2-fdb0-4777-9f1d-25fc15bb782e.png\"><img decoding=\"async\" loading=\"lazy\" width=\"1280\" height=\"960\" data-id=\"22075\"  src=\"https:\/\/www.ifbaiano.edu.br\/unidades\/santaines\/files\/2024\/08\/fc4854e2-fdb0-4777-9f1d-25fc15bb782e.png\" alt=\"\" class=\"wp-image-22075\" \/><\/a><\/figure>\n\n\n\n<figure class=\"wp-block-image size-large\"><a href=\"https:\/\/www.ifbaiano.edu.br\/unidades\/santaines\/files\/2024\/08\/e3fe2095-f0f2-4231-8166-71182eb375c0.png\"><img decoding=\"async\" loading=\"lazy\" width=\"1280\" height=\"961\" data-id=\"22071\"  src=\"https:\/\/www.ifbaiano.edu.br\/unidades\/santaines\/files\/2024\/08\/e3fe2095-f0f2-4231-8166-71182eb375c0.png\" alt=\"\" class=\"wp-image-22071\" \/><\/a><\/figure>\n<\/figure>\n\n\n\n<p>Segundo o professor Francisco, essa viagem foi pensada para proporcionar aos estudantes uma imers\u00e3o na Caatinga baiana, fazendo com que haja uma maior intera\u00e7\u00e3o deles com o ambiente, agu\u00e7ando a observa\u00e7\u00e3o e a curiosidade, potencializando o aprendizado. &nbsp;\u201cRiachos tempor\u00e1rios, lagoas perenes, a riqueza da fauna e flora e suas adapta\u00e7\u00f5es a este incr\u00edvel bioma genuinamente brasileiro foram objetos de estudos e reflex\u00f5es, ressignificando a concep\u00e7\u00e3o dos estudantes sobre a Caatinga\u201d.&nbsp;&nbsp; Disse Francisco.<\/p>\n\n\n\n<p>O professor informou que um experimento realizado com a planta da ressurrei\u00e7\u00e3o (<em>Selaginella<\/em> sp) foi tamb\u00e9m uma forma de perceber como a din\u00e2mica de seca e chuva demarcam os ciclos de vida de muitos organismos desse bioma. Outras atividades foram realizadas nessa visita, a exemplo do estudo da comunidade de mam\u00edferos por meio de pegadas, usando moldes de gesso, c\u00e2meras fotogr\u00e1ficas e outros vest\u00edgios. Francisco acrescentou que \u201cpor meio dessas e outras viv\u00eancias, os estudantes puderam perceber que este lugar impregnado no imagin\u00e1rio coletivo de pobreza de biodiversidade est\u00e1 longe do que de fato \u00e9!\u201d<\/p>\n\n\n\n<figure class=\"wp-block-gallery has-nested-images columns-default is-cropped wp-block-gallery-3 is-layout-flex\">\n<figure class=\"wp-block-image size-large\"><a href=\"https:\/\/www.ifbaiano.edu.br\/unidades\/santaines\/files\/2024\/08\/1b05d897-2375-457c-952a-25ac43e0e1ba.png\"><img decoding=\"async\" loading=\"lazy\" width=\"1280\" height=\"1280\" data-id=\"22077\"  src=\"https:\/\/www.ifbaiano.edu.br\/unidades\/santaines\/files\/2024\/08\/1b05d897-2375-457c-952a-25ac43e0e1ba.png\" alt=\"\" class=\"wp-image-22077\" \/><\/a><\/figure>\n\n\n\n<figure class=\"wp-block-image size-large\"><a href=\"https:\/\/www.ifbaiano.edu.br\/unidades\/santaines\/files\/2024\/08\/84213b6b-501f-4d23-ad91-a8e7ea3627a6.png\"><img decoding=\"async\" loading=\"lazy\" width=\"960\" height=\"1280\" data-id=\"22078\"  src=\"https:\/\/www.ifbaiano.edu.br\/unidades\/santaines\/files\/2024\/08\/84213b6b-501f-4d23-ad91-a8e7ea3627a6.png\" alt=\"\" class=\"wp-image-22078\" \/><\/a><\/figure>\n\n\n\n<figure class=\"wp-block-image size-large\"><a href=\"https:\/\/www.ifbaiano.edu.br\/unidades\/santaines\/files\/2024\/08\/b59c38f5-f6e3-4aea-ac02-b1c5fddc33d3.png\"><img decoding=\"async\" loading=\"lazy\" width=\"960\" height=\"1280\" data-id=\"22073\"  src=\"https:\/\/www.ifbaiano.edu.br\/unidades\/santaines\/files\/2024\/08\/b59c38f5-f6e3-4aea-ac02-b1c5fddc33d3.png\" alt=\"\" class=\"wp-image-22073\" \/><\/a><\/figure>\n\n\n\n<figure class=\"wp-block-image size-large\"><a href=\"https:\/\/www.ifbaiano.edu.br\/unidades\/santaines\/files\/2024\/08\/0db85a1a-c9ae-4bb8-b3e3-26f8de43f408.png\"><img decoding=\"async\" loading=\"lazy\" width=\"878\" height=\"1280\" data-id=\"22070\"  src=\"https:\/\/www.ifbaiano.edu.br\/unidades\/santaines\/files\/2024\/08\/0db85a1a-c9ae-4bb8-b3e3-26f8de43f408.png\" alt=\"\" class=\"wp-image-22070\" \/><\/a><\/figure>\n\n\n\n<figure class=\"wp-block-image size-large\"><a href=\"https:\/\/www.ifbaiano.edu.br\/unidades\/santaines\/files\/2024\/08\/754890fb-619f-46e0-ace5-95e0dd71f8da.png\"><img decoding=\"async\" loading=\"lazy\" width=\"1200\" height=\"1600\" data-id=\"22079\"  src=\"https:\/\/www.ifbaiano.edu.br\/unidades\/santaines\/files\/2024\/08\/754890fb-619f-46e0-ace5-95e0dd71f8da.png\" alt=\"\" class=\"wp-image-22079\" \/><\/a><\/figure>\n<\/figure>\n\n\n\n<p><strong>Sobre a Floresta Nacional Contendas do Sincor\u00e1 &#8211; FLONA<\/strong><\/p>\n\n\n\n<p>A floresta nacional (FLONA) \u00e9 um dos tipos de unidades de conserva\u00e7\u00e3o \u2013 UC previsto na lei federal que instituiu o Sistema Nacional de Unidades de Conserva\u00e7\u00e3o da Natureza (SNUC). A <a href=\"https:\/\/www.gov.br\/icmbio\/pt-br\/assuntos\/biodiversidade\/unidade-de-conservacao\/unidades-de-biomas\/caatinga\/lista-de-ucs\/flona-contendas-do-sincora\">Flona Contendas do Sincor\u00e1<\/a> est\u00e1 localizada no munic\u00edpio hom\u00f4nimo, na Bahia, atuando na conserva\u00e7\u00e3o da fauna e da flora da Caatinga, possibilitando tamb\u00e9m a\u00e7\u00f5es de educa\u00e7\u00e3o ambiental.<\/p>\n\n\n\n<figure class=\"wp-block-gallery has-nested-images columns-default is-cropped wp-block-gallery-5 is-layout-flex\">\n<figure class=\"wp-block-image size-large\"><a href=\"https:\/\/www.ifbaiano.edu.br\/unidades\/santaines\/files\/2024\/08\/490c060b-cdd2-463d-911d-f60c9e3b010f.png\"><img decoding=\"async\" loading=\"lazy\" width=\"1280\" height=\"961\" data-id=\"22069\"  src=\"https:\/\/www.ifbaiano.edu.br\/unidades\/santaines\/files\/2024\/08\/490c060b-cdd2-463d-911d-f60c9e3b010f.png\" alt=\"\" class=\"wp-image-22069\" \/><\/a><\/figure>\n\n\n\n<figure class=\"wp-block-image size-large\"><a href=\"https:\/\/www.ifbaiano.edu.br\/unidades\/santaines\/files\/2024\/08\/17f7e46a-5b17-4ee0-94a8-17e5a2130d89.png\"><img decoding=\"async\" loading=\"lazy\" width=\"960\" height=\"1280\" data-id=\"22068\"  src=\"https:\/\/www.ifbaiano.edu.br\/unidades\/santaines\/files\/2024\/08\/17f7e46a-5b17-4ee0-94a8-17e5a2130d89.png\" alt=\"\" class=\"wp-image-22068\" \/><\/a><\/figure>\n\n\n\n<figure class=\"wp-block-image size-large\"><a href=\"https:\/\/www.ifbaiano.edu.br\/unidades\/santaines\/files\/2024\/08\/ea86067c-b624-4e5a-a3ec-b16e787c9489.png\"><img decoding=\"async\" loading=\"lazy\" width=\"960\" height=\"1280\" data-id=\"22072\"  src=\"https:\/\/www.ifbaiano.edu.br\/unidades\/santaines\/files\/2024\/08\/ea86067c-b624-4e5a-a3ec-b16e787c9489.png\" alt=\"\" class=\"wp-image-22072\" \/><\/a><\/figure>\n<\/figure>\n\n\n\n<hr class=\"wp-block-separator has-alpha-channel-opacity\" \/>\n\n\n\n<p><\/p>\n","protected":false},"excerpt":{"rendered":"<p>Estudantes do 9\u00ba semestre do curso de Licenciatura em Ci\u00eancias Biol\u00f3gicas do IF Baiano Campus Santa In\u00eas estiveram, entre os dias 23 e 25 de agosto de 2024, na Floresta Nacional Contendas do Sincor\u00e1, acompanhados pelo Prof. Dr. Francisco Sampaio, realizando atividades de campo da disciplina Ecologia de Comunidades e Ecossistemas. Segundo o professor Francisco, [&hellip;]<\/p>\n","protected":false},"author":86,"featured_media":22081,"comment_status":"closed","ping_status":"closed","sticky":false,"template":"","format":"standard","meta":[],"categories":[4,5,57],"tags":[],"_links":{"self":[{"href":"https:\/\/www.ifbaiano.edu.br\/unidades\/santaines\/wp-json\/wp\/v2\/posts\/22067"}],"collection":[{"href":"https:\/\/www.ifbaiano.edu.br\/unidades\/santaines\/wp-json\/wp\/v2\/posts"}],"about":[{"href":"https:\/\/www.ifbaiano.edu.br\/unidades\/santaines\/wp-json\/wp\/v2\/types\/post"}],"author":[{"embeddable":true,"href":"https:\/\/www.ifbaiano.edu.br\/unidades\/santaines\/wp-json\/wp\/v2\/users\/86"}],"replies":[{"embeddable":true,"href":"https:\/\/www.ifbaiano.edu.br\/unidades\/santaines\/wp-json\/wp\/v2\/comments?post=22067"}],"version-history":[{"count":3,"href":"https:\/\/www.ifbaiano.edu.br\/unidades\/santaines\/wp-json\/wp\/v2\/posts\/22067\/revisions"}],"predecessor-version":[{"id":22083,"href":"https:\/\/www.ifbaiano.edu.br\/unidades\/santaines\/wp-json\/wp\/v2\/posts\/22067\/revisions\/22083"}],"wp:featuredmedia":[{"embeddable":true,"href":"https:\/\/www.ifbaiano.edu.br\/unidades\/santaines\/wp-json\/wp\/v2\/media\/22081"}],"wp:attachment":[{"href":"https:\/\/www.ifbaiano.edu.br\/unidades\/santaines\/wp-json\/wp\/v2\/media?parent=22067"}],"wp:term":[{"taxonomy":"category","embeddable":true,"href":"https:\/\/www.ifbaiano.edu.br\/unidades\/santaines\/wp-json\/wp\/v2\/categories?post=22067"},{"taxonomy":"post_tag","embeddable":true,"href":"https:\/\/www.ifbaiano.edu.br\/unidades\/santaines\/wp-json\/wp\/v2\/tags?post=22067"}],"curies":[{"name":"wp","href":"https:\/\/api.w.org\/{rel}","templated":true}]}}