{"id":2210,"date":"2012-08-01T11:19:38","date_gmt":"2012-08-01T14:19:38","guid":{"rendered":"http:\/\/www.ifbaiano.edu.br\/unidades\/santaines\/?p=2210"},"modified":"2012-10-08T10:18:50","modified_gmt":"2012-10-08T13:18:50","slug":"vii-olimpiada-baiana-de-quimica","status":"publish","type":"post","link":"https:\/\/www.ifbaiano.edu.br\/unidades\/santaines\/vii-olimpiada-baiana-de-quimica\/","title":{"rendered":"VII OLIMP\u00cdADA BAIANA DE QU\u00cdMICA"},"content":{"rendered":"<pre><strong>VII OLIMP\u00cdADA BAIANA DE QU\u00cdMICA<\/strong>\r\nData da Prova: 04\/08\/2012\r\nIn\u00edcio: 14h Dura\u00e7\u00e3o da Prova: 4 HORAS\r\n13h30min \u2013 Abertura dos Port\u00f5es\r\nLocal : Centro de Artes e Cultura (CAC)\r\nCampus Santa In\u00eas<\/pre>\n","protected":false},"excerpt":{"rendered":"<p>A prova ser\u00e1 realizada no dia 4 de agosto.<\/p>\n","protected":false},"author":26,"featured_media":0,"comment_status":"closed","ping_status":"closed","sticky":false,"template":"","format":"standard","meta":[],"categories":[10],"tags":[],"_links":{"self":[{"href":"https:\/\/www.ifbaiano.edu.br\/unidades\/santaines\/wp-json\/wp\/v2\/posts\/2210"}],"collection":[{"href":"https:\/\/www.ifbaiano.edu.br\/unidades\/santaines\/wp-json\/wp\/v2\/posts"}],"about":[{"href":"https:\/\/www.ifbaiano.edu.br\/unidades\/santaines\/wp-json\/wp\/v2\/types\/post"}],"author":[{"embeddable":true,"href":"https:\/\/www.ifbaiano.edu.br\/unidades\/santaines\/wp-json\/wp\/v2\/users\/26"}],"replies":[{"embeddable":true,"href":"https:\/\/www.ifbaiano.edu.br\/unidades\/santaines\/wp-json\/wp\/v2\/comments?post=2210"}],"version-history":[{"count":6,"href":"https:\/\/www.ifbaiano.edu.br\/unidades\/santaines\/wp-json\/wp\/v2\/posts\/2210\/revisions"}],"predecessor-version":[{"id":2213,"href":"https:\/\/www.ifbaiano.edu.br\/unidades\/santaines\/wp-json\/wp\/v2\/posts\/2210\/revisions\/2213"}],"wp:attachment":[{"href":"https:\/\/www.ifbaiano.edu.br\/unidades\/santaines\/wp-json\/wp\/v2\/media?parent=2210"}],"wp:term":[{"taxonomy":"category","embeddable":true,"href":"https:\/\/www.ifbaiano.edu.br\/unidades\/santaines\/wp-json\/wp\/v2\/categories?post=2210"},{"taxonomy":"post_tag","embeddable":true,"href":"https:\/\/www.ifbaiano.edu.br\/unidades\/santaines\/wp-json\/wp\/v2\/tags?post=2210"}],"curies":[{"name":"wp","href":"https:\/\/api.w.org\/{rel}","templated":true}]}}